{"id":86322,"date":"2024-12-30T22:29:00","date_gmt":"2024-12-30T22:29:00","guid":{"rendered":"https:\/\/tvbrazilusa.com\/2024\/12\/30\/adolescente-identificado-como-fugitivo-do-condado-de-henry\/"},"modified":"2025-01-02T17:08:10","modified_gmt":"2025-01-02T17:08:10","slug":"adolescente-identificado-como-fugitivo-do-condado-de-henry","status":"publish","type":"post","link":"https:\/\/tvbrazilusa.com\/pt\/2024\/12\/30\/adolescente-identificado-como-fugitivo-do-condado-de-henry\/","title":{"rendered":"Adolescente identificado como fugitivo do condado de Henry"},"content":{"rendered":"<script async src=\"https:\/\/pagead2.googlesyndication.com\/pagead\/js\/adsbygoogle.js?client=ca-pub-8864793242727901\"\r\n     crossorigin=\"anonymous\"><\/script>\n<p>O Departamento de Pol\u00edcia do Condado de Clayton anunciou na manh\u00e3 de ter\u00e7a-feira que um adolescente n\u00e3o identificado que apareceu em uma delegacia de pol\u00edcia na segunda-feira foi identificado positivamente como um fugitivo do condado de Henry.<br \/>\n<br \/><br \/>\n<br \/><a href=\"https:\/\/www.henryherald.com\/news\/teen-identified-as-runaway-from-henry-county\/article_7e9f4776-c6fd-11ef-aeb6-e3d5e88c0ad8.html\">Source link <\/a><\/p>","protected":false},"excerpt":{"rendered":"<p>O Departamento de Pol\u00edcia do Condado de Clayton anunciou na manh\u00e3 de ter\u00e7a-feira que um adolescente n\u00e3o identificado que apareceu em uma delegacia de pol\u00edcia na segunda-feira foi identificado positivamente&hellip;<\/p>","protected":false},"author":1,"featured_media":85118,"comment_status":"closed","ping_status":"open","sticky":false,"template":"","format":"standard","meta":{"content-type":"","footnotes":""},"categories":[1],"tags":[],"class_list":["post-86322","post","type-post","status-publish","format-standard","has-post-thumbnail","hentry","category-uncategorized"],"_links":{"self":[{"href":"https:\/\/tvbrazilusa.com\/pt\/wp-json\/wp\/v2\/posts\/86322","targetHints":{"allow":["GET"]}}],"collection":[{"href":"https:\/\/tvbrazilusa.com\/pt\/wp-json\/wp\/v2\/posts"}],"about":[{"href":"https:\/\/tvbrazilusa.com\/pt\/wp-json\/wp\/v2\/types\/post"}],"author":[{"embeddable":true,"href":"https:\/\/tvbrazilusa.com\/pt\/wp-json\/wp\/v2\/users\/1"}],"replies":[{"embeddable":true,"href":"https:\/\/tvbrazilusa.com\/pt\/wp-json\/wp\/v2\/comments?post=86322"}],"version-history":[{"count":1,"href":"https:\/\/tvbrazilusa.com\/pt\/wp-json\/wp\/v2\/posts\/86322\/revisions"}],"predecessor-version":[{"id":86323,"href":"https:\/\/tvbrazilusa.com\/pt\/wp-json\/wp\/v2\/posts\/86322\/revisions\/86323"}],"wp:featuredmedia":[{"embeddable":true,"href":"https:\/\/tvbrazilusa.com\/pt\/wp-json\/wp\/v2\/media\/85118"}],"wp:attachment":[{"href":"https:\/\/tvbrazilusa.com\/pt\/wp-json\/wp\/v2\/media?parent=86322"}],"wp:term":[{"taxonomy":"category","embeddable":true,"href":"https:\/\/tvbrazilusa.com\/pt\/wp-json\/wp\/v2\/categories?post=86322"},{"taxonomy":"post_tag","embeddable":true,"href":"https:\/\/tvbrazilusa.com\/pt\/wp-json\/wp\/v2\/tags?post=86322"}],"curies":[{"name":"wp","href":"https:\/\/api.w.org\/{rel}","templated":true}]}}