{"id":86327,"date":"2025-01-02T17:06:36","date_gmt":"2025-01-02T17:06:36","guid":{"rendered":"https:\/\/tvbrazilusa.com\/2025\/01\/02\/as-esperancas-aumentam-para-a-economia-de-jacksonville-em-2025-jacksonville-hoje\/"},"modified":"2025-01-02T17:14:41","modified_gmt":"2025-01-02T17:14:41","slug":"as-esperancas-aumentam-para-a-economia-de-jacksonville-em-2025-jacksonville-hoje","status":"publish","type":"post","link":"https:\/\/tvbrazilusa.com\/pt\/2025\/01\/02\/as-esperancas-aumentam-para-a-economia-de-jacksonville-em-2025-jacksonville-hoje\/","title":{"rendered":"As esperan\u00e7as aumentam para a economia de Jacksonville em 2025 | Jacksonville hoje"},"content":{"rendered":"<p> <script async src=\"https:\/\/pagead2.googlesyndication.com\/pagead\/js\/adsbygoogle.js?client=ca-pub-8864793242727901\"\r\n     crossorigin=\"anonymous\"><\/script><br \/>\n<\/p>\n<div>\n<p id=\"h743916-p1\">A economia de Jacksonville estava esfriando no final de 2024, de acordo com os \u00faltimos dados dispon\u00edveis. Mas uma pesquisa realizada com empresas do Nordeste da Fl\u00f3rida indicou otimismo de que as condi\u00e7\u00f5es ir\u00e3o se recuperar em 2025.<\/p>\n<p>A taxa de desemprego na \u00e1rea metropolitana de Jacksonville, nos condados de Baker, Clay, Duval, Nassau e St. Johns, ficou em 3,6% em novembro, com a taxa de crescimento do emprego em 1,5% na regi\u00e3o.<\/p>\n<p>Mas uma pesquisa mensal com empresas manufatureiras da \u00e1rea de Jacksonville realizada pela Universidade do Norte da Fl\u00f3rida <a href=\"https:\/\/jaxtoday.org\/2024\/03\/14\/survey-shows-manufacturing-expanding-in-jacksonville\/\">Projeto de Indicadores Econ\u00f4micos Locais<\/a> mostra otimismo em rela\u00e7\u00e3o \u00e0 economia no novo ano, ap\u00f3s condi\u00e7\u00f5es de estagna\u00e7\u00e3o no final de 2024.<\/p>\n<p><a href=\"https:\/\/www.jaxdailyrecord.com\/news\/2025\/jan\/02\/a-cool-finish-gives-way-to-a-hopeful-outlook-in-2025\/\" rel=\"nofollow noopener\" target=\"_blank\">Leia o resto desta hist\u00f3ria<\/a> no Jacksonville Daily Record, um parceiro de not\u00edcias do Jacksonville Today.<\/p>\n<\/div>\n<p><br \/>\n<br \/><a href=\"https:\/\/jaxtoday.org\/2025\/01\/02\/jacksonville-economy-2025\/\">Source link <\/a><\/p>","protected":false},"excerpt":{"rendered":"<p>A economia de Jacksonville estava esfriando no final de 2024, de acordo com os \u00faltimos dados dispon\u00edveis. Mas uma pesquisa realizada com empresas do Nordeste da Fl\u00f3rida indicou otimismo de&hellip;<\/p>","protected":false},"author":1,"featured_media":86328,"comment_status":"closed","ping_status":"open","sticky":false,"template":"","format":"standard","meta":{"content-type":"","footnotes":""},"categories":[1],"tags":[],"class_list":["post-86327","post","type-post","status-publish","format-standard","has-post-thumbnail","hentry","category-uncategorized"],"_links":{"self":[{"href":"https:\/\/tvbrazilusa.com\/pt\/wp-json\/wp\/v2\/posts\/86327","targetHints":{"allow":["GET"]}}],"collection":[{"href":"https:\/\/tvbrazilusa.com\/pt\/wp-json\/wp\/v2\/posts"}],"about":[{"href":"https:\/\/tvbrazilusa.com\/pt\/wp-json\/wp\/v2\/types\/post"}],"author":[{"embeddable":true,"href":"https:\/\/tvbrazilusa.com\/pt\/wp-json\/wp\/v2\/users\/1"}],"replies":[{"embeddable":true,"href":"https:\/\/tvbrazilusa.com\/pt\/wp-json\/wp\/v2\/comments?post=86327"}],"version-history":[{"count":1,"href":"https:\/\/tvbrazilusa.com\/pt\/wp-json\/wp\/v2\/posts\/86327\/revisions"}],"predecessor-version":[{"id":86329,"href":"https:\/\/tvbrazilusa.com\/pt\/wp-json\/wp\/v2\/posts\/86327\/revisions\/86329"}],"wp:featuredmedia":[{"embeddable":true,"href":"https:\/\/tvbrazilusa.com\/pt\/wp-json\/wp\/v2\/media\/86328"}],"wp:attachment":[{"href":"https:\/\/tvbrazilusa.com\/pt\/wp-json\/wp\/v2\/media?parent=86327"}],"wp:term":[{"taxonomy":"category","embeddable":true,"href":"https:\/\/tvbrazilusa.com\/pt\/wp-json\/wp\/v2\/categories?post=86327"},{"taxonomy":"post_tag","embeddable":true,"href":"https:\/\/tvbrazilusa.com\/pt\/wp-json\/wp\/v2\/tags?post=86327"}],"curies":[{"name":"wp","href":"https:\/\/api.w.org\/{rel}","templated":true}]}}