{"id":86339,"date":"2025-01-02T17:23:17","date_gmt":"2025-01-02T17:23:17","guid":{"rendered":"https:\/\/tvbrazilusa.com\/2025\/01\/02\/veja-como-esta-a-mulher-que-foi-atingida-por-fogos-dentro-de-casa-vestido-colou-no-corpo\/"},"modified":"2025-01-02T17:23:19","modified_gmt":"2025-01-02T17:23:19","slug":"veja-como-esta-a-mulher-que-foi-atingida-por-fogos-dentro-de-casa-vestido-colou-no-corpo","status":"publish","type":"post","link":"https:\/\/tvbrazilusa.com\/pt\/2025\/01\/02\/veja-como-esta-a-mulher-que-foi-atingida-por-fogos-dentro-de-casa-vestido-colou-no-corpo\/","title":{"rendered":"Veja como est\u00e1 a mulher que foi atingida por fogos dentro de casa: &#8216;vestido colou no corpo&#8217;"},"content":{"rendered":"<p> <script async src=\"https:\/\/pagead2.googlesyndication.com\/pagead\/js\/adsbygoogle.js?client=ca-pub-8864793242727901\"\r\n     crossorigin=\"anonymous\"><\/script><br \/>\n<\/p>\n<div id=\"taboola-read-more\" style=\"display:block; width:100%\">\n<p>Bianca Miranda, jovem de 27 anos que foi atingida por fogos de artif\u00edcio dentro de um apartamento em Santa Catarina, sofreu queimaduras de segundo e terceiro grau. Em entrevista ao G1, ela explicou que o vestido chegou a colar em seu corpo, e que ela precisou correr para o chuveiro a fim de amenizar a dor.\n<\/p>\n<p>\u2013 Minha m\u00e3o acabou queimando porque eu fui tentar apagar o fogo. Entrei em desespero. O vestido colou no corpo, tive que ir para baixo do chuveiro, para tentar amenizar \u2013 explicou ela.<\/p>\n<p>Bianca passava o R\u00e9veillon em Navegantes, Santa Catarina, junto de seu marido, Victor Frasca. Ambos s\u00e3o de Porto Alegre, no Rio Grande do Sul. Eles decidiram assistir \u00e0 queima de fogos dentro do apartamento que haviam alugado.\n<\/p>\n<p>\u2013 A gente at\u00e9 pensou em descer para ver os fogos ali embaixo, s\u00f3 que tinha muita gente na pra\u00e7a e a gente preferiu ficar no nosso canto \u2013 detalhou Bianca.\n<\/p>\n<p>Ela conta ter decidido colocar uma c\u00e2mera em um trip\u00e9 na sala registrando o momento da virada, enquanto ela e o esposo assistiam ao espet\u00e1culo pirot\u00e9cnico na varanda do apartamento. As imagens acabaram registrando o momento em que a mulher foi atingida pelos fogos, lan\u00e7ados pela Prefeitura.\n<\/p>\n<p>\u2013 No v\u00eddeo, d\u00e1 para ver que come\u00e7am a vir os fogos baixos. Os clar\u00f5es eram perto. Olhamos para baixo em um momento e vimos que estourou baixo. Logo vieram outros flashes, esses em diagonal. Foi esse que atingiu ela \u2013 relatou Victor.\n<\/p>\n<p>Bianca afirma que demorou cerca de meia hora para encontrar o hospital, mas que foi muito bem atendida.\n<\/p>\n<p>\u2013 Recebi medica\u00e7\u00e3o para dor, anti-inflamat\u00f3rios e antibi\u00f3ticos, al\u00e9m de orienta\u00e7\u00f5es sobre os cuidados necess\u00e1rios \u2013 assinalou.\n<\/p>\n<p>Em nota, a Prefeitura afirmou que est\u00e1 \u201capurando o caso\u201d e que vai \u201cnotificar a empresa respons\u00e1vel pela queima de fogos para que preste todos os esclarecimentos\u201d.\n<\/p>\n<p>\u2013 De antem\u00e3o, a Prefeitura informa que a empresa licitada possu\u00eda todas as credenciais exigidas e os fogos foram montados por brigadistas como determina a legisla\u00e7\u00e3o. A Prefeitura lamenta o incidente e refor\u00e7a seu compromisso de transpar\u00eancia na apura\u00e7\u00e3o do caso e vai prestar toda assist\u00eancia ao casal.<\/p>\n<p>Fonte: Pleno News              <\/p>\n<\/div>\n<p><br \/>\n<br \/><a href=\"https:\/\/diariodobrasilnoticias.com.br\/noticia\/veja-como-esta-a-mulher-que-foi-atingida-por-fogos-dentro-de-casa-vestido-colou-no-corpo-6776a1b71df84\">Source link <\/a><\/p>","protected":false},"excerpt":{"rendered":"<p>Bianca Miranda, jovem de 27 anos que foi atingida por fogos de artif\u00edcio dentro de um apartamento em Santa Catarina, sofreu queimaduras de segundo e terceiro grau. Em entrevista ao&hellip;<\/p>","protected":false},"author":1,"featured_media":86340,"comment_status":"closed","ping_status":"open","sticky":false,"template":"","format":"standard","meta":{"content-type":"","footnotes":""},"categories":[16],"tags":[123,2448,5313,1267],"class_list":["post-86339","post","type-post","status-publish","format-standard","has-post-thumbnail","hentry","category-noticias","tag-brasil","tag-diario","tag-noticia","tag-noticias"],"_links":{"self":[{"href":"https:\/\/tvbrazilusa.com\/pt\/wp-json\/wp\/v2\/posts\/86339","targetHints":{"allow":["GET"]}}],"collection":[{"href":"https:\/\/tvbrazilusa.com\/pt\/wp-json\/wp\/v2\/posts"}],"about":[{"href":"https:\/\/tvbrazilusa.com\/pt\/wp-json\/wp\/v2\/types\/post"}],"author":[{"embeddable":true,"href":"https:\/\/tvbrazilusa.com\/pt\/wp-json\/wp\/v2\/users\/1"}],"replies":[{"embeddable":true,"href":"https:\/\/tvbrazilusa.com\/pt\/wp-json\/wp\/v2\/comments?post=86339"}],"version-history":[{"count":1,"href":"https:\/\/tvbrazilusa.com\/pt\/wp-json\/wp\/v2\/posts\/86339\/revisions"}],"predecessor-version":[{"id":86341,"href":"https:\/\/tvbrazilusa.com\/pt\/wp-json\/wp\/v2\/posts\/86339\/revisions\/86341"}],"wp:featuredmedia":[{"embeddable":true,"href":"https:\/\/tvbrazilusa.com\/pt\/wp-json\/wp\/v2\/media\/86340"}],"wp:attachment":[{"href":"https:\/\/tvbrazilusa.com\/pt\/wp-json\/wp\/v2\/media?parent=86339"}],"wp:term":[{"taxonomy":"category","embeddable":true,"href":"https:\/\/tvbrazilusa.com\/pt\/wp-json\/wp\/v2\/categories?post=86339"},{"taxonomy":"post_tag","embeddable":true,"href":"https:\/\/tvbrazilusa.com\/pt\/wp-json\/wp\/v2\/tags?post=86339"}],"curies":[{"name":"wp","href":"https:\/\/api.w.org\/{rel}","templated":true}]}}