{"id":86369,"date":"2025-01-02T17:26:28","date_gmt":"2025-01-02T17:26:28","guid":{"rendered":"https:\/\/tvbrazilusa.com\/2025\/01\/02\/explosao-no-artico-fara-com-que-as-temperaturas-despenquem-neste-fim-de-semana-veja-como-vai-ficar-frio\/"},"modified":"2025-01-02T18:11:22","modified_gmt":"2025-01-02T18:11:22","slug":"explosao-no-artico-fara-com-que-as-temperaturas-despenquem-neste-fim-de-semana-veja-como-vai-ficar-frio","status":"publish","type":"post","link":"https:\/\/tvbrazilusa.com\/pt\/2025\/01\/02\/explosao-no-artico-fara-com-que-as-temperaturas-despenquem-neste-fim-de-semana-veja-como-vai-ficar-frio\/","title":{"rendered":"Explos\u00e3o no \u00c1rtico far\u00e1 com que as temperaturas despenquem neste fim de semana. Veja como vai ficar frio."},"content":{"rendered":"<p> <script async src=\"https:\/\/pagead2.googlesyndication.com\/pagead\/js\/adsbygoogle.js?client=ca-pub-8864793242727901\"\r\n     crossorigin=\"anonymous\"><\/script><br \/>\n<\/p>\n<div id=\"\">\n<header class=\"m-article-header m-article-header--standard\">\n\t\t\t\t\t\t\t\t\t\t\t\t<span id=\"article-header-primary-term\"><br \/>\n\t\t\t\t\t\t\t\t<a class=\"a-term a-term--primary\" href=\"https:\/\/www.boston.com\/tag\/weather\/\"><\/p>\n<p>\t\t\t\t\t\t\t\tClima\t\t\t\t\t\t\t\t<\/a><br \/>\n\t\t\t\t\t\t\t<\/span><\/p>\n<h2 class=\"m-article-header__sub-headline\">As temperaturas ficar\u00e3o abaixo de zero e abaixo da m\u00e9dia de sexta a fim de semana.<\/h2>\n<figure class=\"a-photo m-article-header__photo\"><figcaption class=\"a-photo__caption\">\n<p>\tPedestres se agasalharam contra o frio na Newbury Street na semana passada. O frio \u00e1rtico \u00e9 esperado na regi\u00e3o neste fim de semana.<br \/>\n<em> Suzanne Kreiter\/Equipe da Globo<\/em>\t<\/figcaption><\/figure>\n<\/header>\n<p>Com o novo ano e um novo m\u00eas chegando, nosso primeiro fim de semana de janeiro parece calmo e tranquilo \u2013 embora fa\u00e7a frio. Se voc\u00ea deseja participar de atividades ao ar livre, pelo menos n\u00e3o ter\u00e1 que se preocupar com neve ou gelo.<\/p>\n<p>Um sistema de tempestade que trouxe chuva para a \u00e1rea no meio da semana estar\u00e1 no norte de Quebec, ao mesmo tempo em que uma nova enorme tempestade oce\u00e2nica come\u00e7a a se desenvolver centenas de quil\u00f4metros a leste neste fim de semana. Este padr\u00e3o de n\u00edvel superior puxar\u00e1 para baixo o ar muito mais frio do que <a href=\"https:\/\/www.boston.com\/weather\/weather\/2024\/12\/30\/boston-meteorologists-rain-new-years-eve-2024\/\">vimos no final de dezembro<\/a> e o in\u00edcio do novo ano.<\/p>\n<p>As temperaturas ficar\u00e3o abaixo de zero e abaixo da m\u00e9dia de sexta-feira ao fim de semana, sob c\u00e9u ensolarado durante os tr\u00eas dias. Em termos de temperaturas normais, o clima mais frio estar\u00e1 ao sul de n\u00f3s, mas estar\u00e1 bastante frio aqui.<\/p>\n<p>Sexta-feira ser\u00e1 o dia menos frio, com temperaturas chegando a 30 graus, mas o vento de Augusta far\u00e1 com que pare\u00e7a muito mais frio. Os calafrios matinais ocorrer\u00e3o entre os adolescentes e os 20 anos.<\/p>\n<p>Procurar <a href=\"https:\/\/forecast.weather.gov\/MapClick.php?x=186&#038;y=117&#038;site=box&#038;zmx=&#038;zmy=&#038;map_x=186&#038;map_y=116\">m\u00e1ximas atingindo apenas cerca de 30 graus no s\u00e1bado e domingo<\/a>. O vento continuar\u00e1 forte durante todo o fim de semana, trazendo calafrios at\u00e9 a adolesc\u00eancia e talvez at\u00e9 um d\u00edgito logo pela manh\u00e3.<\/p>\n<p>O frio causar\u00e1 uma camada de gelo em muitos lagos e lagoas, embora ainda n\u00e3o atinja a profundidade exigida de 10 cent\u00edmetros ou mais para seguran\u00e7a. O gelo mais antigo tamb\u00e9m \u00e9 mais fraco, por isso temos que esperar que o novo gelo se forme e cres\u00e7a para obter maior suporte.<\/p>\n<p>A manh\u00e3 de s\u00e1bado tamb\u00e9m marcar\u00e1 algo que chamamos de \u201cperi\u00e9lio\u201d. \u00c9 quando a Terra est\u00e1 mais pr\u00f3xima do Sol, enquanto nosso planeta segue sua \u00f3rbita el\u00edptica. Isto pode parecer contra-intuitivo, j\u00e1 que \u00e9 a \u00e9poca mais fria do ano, mas o \u00e2ngulo do sol \u00e9 muito mais importante do que a mudan\u00e7a da dist\u00e2ncia ao longo do ano.<\/p>\n<p>Mas a boa not\u00edcia \u00e9 que este fim de semana significa que o nascer do sol come\u00e7a a chegar mais cedo, ent\u00e3o agora estamos ganhando tempo tanto \u00e0 tarde quanto \u00e0 manh\u00e3.<\/p>\n<h2 class=\"wp-block-heading\" id=\"weekend_breakdown\"><strong>An\u00e1lise do fim de semana<\/strong><\/h2>\n<p><strong>Sul da Nova Inglaterra:<\/strong> Procure condi\u00e7\u00f5es ventosas e frias durante todo o fim de semana, com temperaturas em torno de 30 graus, come\u00e7ando perto das 20 horas todas as manh\u00e3s.<\/p>\n<p><strong>Missa Ocidental.: <\/strong>Procure c\u00e9u parcialmente nublado neste fim de semana com temperaturas na casa dos 20 graus. Os ventos continuar\u00e3o fortes, especialmente \u00e0 tarde em ambos os dias.<\/p>\n<p><strong>Cabo e Ilhas:<\/strong> Procure condi\u00e7\u00f5es tempestuosas no s\u00e1bado e no domingo. As temperaturas chegar\u00e3o perto de zero, mas come\u00e7ar\u00e3o por volta dos 20\u00baC todas as manh\u00e3s.<\/p>\n<p><strong>Norte da Nova Inglaterra:<\/strong> O vento ser\u00e1 a principal caracter\u00edstica do clima neste fim de semana, juntamente com temperaturas mais frias. As leituras ser\u00e3o na casa dos 20 durante o dia e de um d\u00edgito e adolescentes \u00e0 noite.<\/p>\n<div class=\"m-block m-generic-cta\t m-generic-cta--post-content\t m-generic-cta--dark\t m-generic-cta--homepage\t m-generic-cta--email-signup\t\t m-generic-cta-block-style--default \tt-amp__generic-cta\"><\/p>\n<div class=\"m-generic-cta__wrap\">\n<div class=\"m-generic-cta__content\">\n<h3 class=\"m-generic-cta__title\">Boston.com hoje<\/h3>\n<p class=\"m-generic-cta__subtitle\">Inscreva-se para receber as \u00faltimas manchetes em sua caixa de entrada todas as manh\u00e3s.<\/p>\n<\/p><\/div>\n<\/p><\/div>\n<\/div><\/div>\n<p><script>\n\t\tvar consent=\"grant\";\n\t\t\/* The above code is parsing the JSON data from the local storage and storing it in a variable. *\/\n\t\t\t\t\tconst onetrustStorageConsent = JSON.parse(localStorage.getItem( 'consent_one_trust_bdc' ) );\n\t\t\tif ( ( onetrustStorageConsent !== null ) ) {\n\t\t\t\t\/* Checking to see if the user has consented to the use of cookies.\n\t\t\t\t* If they have not, it is deleting the cookie.\n\t\t\t\t* This will comment for now, until further notice.\n\t\t\t\t*\/\n\t\t\t\t\/\/if ( onetrustStorageConsent.C0002 === false ) {\n\t\t\t\t\/\/\tdocument.cookie=\"_fbp=;expires=Thu, 01 Jan 2010 00:00:00 UTC; path=\/; domain=.boston.com\";\n\t\t\t\t\/\/}\n\t\t\t\t\/* Checking if the user has given consent for the cookie C0002.\n\t\t\t\t* If the user has given consent, the variable consent will be set to 'grant'.\n\t\t\t\t* If the user has not given consent,the variable consent will be set to 'revoke'.\n\t\t\t\t* Documentation https:\/\/developers.facebook.com\/docs\/meta-pixel\/implementation\/gdpr\n\t\t\t\t*\/\n\t\t\t\tif ( onetrustStorageConsent.C0002 !== true ) {\n\t\t\t\t\tconsent=\"revoke\";\n\t\t\t\t}\n\t\t\t}\n\t\t\t\t!function(f,b,e,v,n,t,s)\n\t\t{if(f.fbq)return;n=f.fbq=function(){n.callMethod?\n\t\tn.callMethod.apply(n,arguments):n.queue.push(arguments)};\n\t\tif(!f._fbq)f._fbq=n;n.push=n;n.loaded=!0;n.version='2.0';\n\t\tn.queue=[];t=b.createElement(e);t.async=!0;\n\t\tt.src=v;s=b.getElementsByTagName(e)[0];\n\t\ts.parentNode.insertBefore(t,s)}(window, document,'script',\n\t\t'https:\/\/connect.facebook.net\/en_US\/fbevents.js');\n\t\tfbq('consent', consent);\n\t\tfbq('init', '989222871864976');\n\t\tfbq('track', 'PageView');\n\t<\/script><script type=\"module\">\n\t\tvar consent=\"grant\";\n\t\t\/* The above code is parsing the JSON data from the local storage and storing it in a variable. *\/\n\t\t\tconst onetrustStorageConsent = JSON.parse(localStorage.getItem( 'consent_one_trust_bdc' ) );\n\t\t\t\/* Checking to see if the user has consented to the use of cookies.\n\t\t\t* If they have not, it is deleting the cookie.\n\t\t\t* This will comment for now, until further notice.\n\t\t\t*\/\n\t\t\t\/\/if ( onetrustStorageConsent.C0002 === false ) {\n\t\t\t\/\/\tdocument.cookie=\"_fbp=;expires=Thu, 01 Jan 2010 00:00:00 UTC; path=\/; domain=.boston.com\";\n\t\t\t\/\/}\n\t\t\t\/* Checking if the user has given consent for the cookie C0002.\n\t\t\t* If the user has given consent, the variable consent will be set to 'grant'.\n\t\t\t* If the user has not given consent,the variable consent will be set to 'revoke'.\n\t\t\t* Documentation https:\/\/developers.facebook.com\/docs\/meta-pixel\/implementation\/gdpr\n\t\t\t*\/\n\t\t\tif ( ( onetrustStorageConsent !== null ) && (onetrustStorageConsent.C0002 !== true ) ) {\n\t\t\t\tconsent=\"revoke\";\n\t\t\t}\n\t\t\t\t!function(f,b,e,v,n,t,s){if(f.fbq)return;n=f.fbq=function()\n\t\t{n.callMethod? n.callMethod.apply(n,arguments):n.queue.push(arguments)}\n\t\t;if(!f._fbq)f._fbq=n;\n\t\tn.push=n;n.loaded=!0;n.version='2.0';n.queue=[];t=b.createElement(e);t.async=!0;\n\t\tt.src=v;s=b.getElementsByTagName(e)[0];s.parentNode.insertBefore(t,s)}(window,\n\t\tdocument,'script','https:\/\/connect.facebook.net\/en_US\/fbevents.js');\n\t\tfbq('consent', consent);\n\t\tfbq('init', '813236348753005');\n\t\tfbq('track', \"PageView\");\n\t<\/script><br \/>\n<br \/><br \/>\n<br \/><a href=\"https:\/\/www.boston.com\/weather\/weather\/2025\/01\/02\/arctic-blast-to-send-temperatures-plunging-this-weekend-heres-how-cold-it-will-get\/\">Source link <\/a><\/p>","protected":false},"excerpt":{"rendered":"<p>Clima As temperaturas ficar\u00e3o abaixo de zero e abaixo da m\u00e9dia de sexta a fim de semana. Pedestres se agasalharam contra o frio na Newbury Street na semana passada. O&hellip;<\/p>","protected":false},"author":1,"featured_media":86370,"comment_status":"closed","ping_status":"open","sticky":false,"template":"","format":"standard","meta":{"content-type":"","footnotes":""},"categories":[1],"tags":[],"class_list":["post-86369","post","type-post","status-publish","format-standard","has-post-thumbnail","hentry","category-uncategorized"],"_links":{"self":[{"href":"https:\/\/tvbrazilusa.com\/pt\/wp-json\/wp\/v2\/posts\/86369","targetHints":{"allow":["GET"]}}],"collection":[{"href":"https:\/\/tvbrazilusa.com\/pt\/wp-json\/wp\/v2\/posts"}],"about":[{"href":"https:\/\/tvbrazilusa.com\/pt\/wp-json\/wp\/v2\/types\/post"}],"author":[{"embeddable":true,"href":"https:\/\/tvbrazilusa.com\/pt\/wp-json\/wp\/v2\/users\/1"}],"replies":[{"embeddable":true,"href":"https:\/\/tvbrazilusa.com\/pt\/wp-json\/wp\/v2\/comments?post=86369"}],"version-history":[{"count":1,"href":"https:\/\/tvbrazilusa.com\/pt\/wp-json\/wp\/v2\/posts\/86369\/revisions"}],"predecessor-version":[{"id":86371,"href":"https:\/\/tvbrazilusa.com\/pt\/wp-json\/wp\/v2\/posts\/86369\/revisions\/86371"}],"wp:featuredmedia":[{"embeddable":true,"href":"https:\/\/tvbrazilusa.com\/pt\/wp-json\/wp\/v2\/media\/86370"}],"wp:attachment":[{"href":"https:\/\/tvbrazilusa.com\/pt\/wp-json\/wp\/v2\/media?parent=86369"}],"wp:term":[{"taxonomy":"category","embeddable":true,"href":"https:\/\/tvbrazilusa.com\/pt\/wp-json\/wp\/v2\/categories?post=86369"},{"taxonomy":"post_tag","embeddable":true,"href":"https:\/\/tvbrazilusa.com\/pt\/wp-json\/wp\/v2\/tags?post=86369"}],"curies":[{"name":"wp","href":"https:\/\/api.w.org\/{rel}","templated":true}]}}