{"id":86372,"date":"2025-01-02T18:17:40","date_gmt":"2025-01-02T18:17:40","guid":{"rendered":"https:\/\/tvbrazilusa.com\/2025\/01\/02\/governo-lula-preve-gasto-de-r-650-mil-com-flores-nobres\/"},"modified":"2025-01-02T18:17:41","modified_gmt":"2025-01-02T18:17:41","slug":"governo-lula-preve-gasto-de-r-650-mil-com-flores-nobres","status":"publish","type":"post","link":"https:\/\/tvbrazilusa.com\/pt\/2025\/01\/02\/governo-lula-preve-gasto-de-r-650-mil-com-flores-nobres\/","title":{"rendered":"Governo Lula prev\u00ea gasto de R$ 650 mil com flores nobres"},"content":{"rendered":"<p> <script async src=\"https:\/\/pagead2.googlesyndication.com\/pagead\/js\/adsbygoogle.js?client=ca-pub-8864793242727901\"\r\n     crossorigin=\"anonymous\"><\/script><br \/>\n<\/p>\n<div id=\"taboola-read-more\" style=\"display:block; width:100%\">\n<p>O governo Lula reservou pouco mais de R$ 650 mil para gastar com \u201cflores nobres, tropicais e do campo\u201d durante um ano.\n<\/p>\n<p>De acordo com o pedido, o Executivo encomendou 134 arranjos para as resid\u00eancias oficiais da Presid\u00eancia da Rep\u00fablica.<\/p>\n<p>A solicita\u00e7\u00e3o prev\u00ea vasos de canto e para mesas, que incluem orqu\u00eddeas, narcisos, hort\u00eansias, l\u00edrios, copos de leite, entre outras.\n<\/p>\n<p>\u201cA Presid\u00eancia da Rep\u00fablica \u00e9 um \u00f3rg\u00e3o que recebe muitas personalidades, como chefes de Estado, delega\u00e7\u00f5es diplom\u00e1ticas, pol\u00edticos e artistas\u201d, observou o governo. \u201cEm certos eventos, existem protocolos e costumes a serem seguidos, como a decora\u00e7\u00e3o do local, utilizando-se de arranjos e flores ornamentais. Por haver necessidade de se adquirir material a ser utilizado na ornamenta\u00e7\u00e3o de eventos com a presen\u00e7a das personalidades j\u00e1 mencionadas, bem como, entrega em datas natal\u00edcias, falecimentos de autoridades e arranjos para o gabinete pessoal e resid\u00eancias oficiais.\u201d\n<\/p>\n<p>Quanto o governo Lula gasta com o gabinete de Janja\n<\/p>\n<p>Embora n\u00e3o exista oficialmente, um gabinete composto de oito servidores assessora a primeira-dama.\n<\/p>\n<p>A estrutura j\u00e1 custou, entre 2023 e 2024, quase R$ 2 milh\u00f5es.\n<\/p>\n<p>Conforme o site Poder360, eis a metodologia dos gastos:\n<\/p>\n<ul>\n<li>Folha salarial mensal \u00e9 de R$ 118.065,68, somando todos os valores brutos de outubro de 2024, dado mais recente dispon\u00edvel;<\/li>\n<li>26 pagamentos de 2023 a 2024 \u2014 s\u00e3o considerados os 12 meses + o 13\u00ba de cada ano;<\/li>\n<li>Gastos com viagens de 2023 a 2024 \u2014 somam R$ 791.542,23, contando com os da pr\u00f3pria Janja;<\/li>\n<li>Valor total gasto com sal\u00e1rios e viagens de 2023 a 2024\u00a0\u2014 \u00e9 de R$ 3,8 milh\u00f5es, dando uma m\u00e9dia anual de R$ 1,9 milh\u00e3o.<\/li>\n<\/ul>\n<p>Fonte: Revista Oeste              <\/p>\n<\/div>\n<p><br \/>\n<br \/><a href=\"https:\/\/diariodobrasilnoticias.com.br\/noticia\/governo-lula-preve-gasto-de-r-650-mil-com-flores-nobres-6776b33a4ea02\">Source link <\/a><\/p>","protected":false},"excerpt":{"rendered":"<p>O governo Lula reservou pouco mais de R$ 650 mil para gastar com \u201cflores nobres, tropicais e do campo\u201d durante um ano. De acordo com o pedido, o Executivo encomendou&hellip;<\/p>","protected":false},"author":1,"featured_media":86373,"comment_status":"closed","ping_status":"open","sticky":false,"template":"","format":"standard","meta":{"content-type":"","footnotes":""},"categories":[16],"tags":[123,2448,5313,1267],"class_list":["post-86372","post","type-post","status-publish","format-standard","has-post-thumbnail","hentry","category-noticias","tag-brasil","tag-diario","tag-noticia","tag-noticias"],"_links":{"self":[{"href":"https:\/\/tvbrazilusa.com\/pt\/wp-json\/wp\/v2\/posts\/86372","targetHints":{"allow":["GET"]}}],"collection":[{"href":"https:\/\/tvbrazilusa.com\/pt\/wp-json\/wp\/v2\/posts"}],"about":[{"href":"https:\/\/tvbrazilusa.com\/pt\/wp-json\/wp\/v2\/types\/post"}],"author":[{"embeddable":true,"href":"https:\/\/tvbrazilusa.com\/pt\/wp-json\/wp\/v2\/users\/1"}],"replies":[{"embeddable":true,"href":"https:\/\/tvbrazilusa.com\/pt\/wp-json\/wp\/v2\/comments?post=86372"}],"version-history":[{"count":1,"href":"https:\/\/tvbrazilusa.com\/pt\/wp-json\/wp\/v2\/posts\/86372\/revisions"}],"predecessor-version":[{"id":86374,"href":"https:\/\/tvbrazilusa.com\/pt\/wp-json\/wp\/v2\/posts\/86372\/revisions\/86374"}],"wp:featuredmedia":[{"embeddable":true,"href":"https:\/\/tvbrazilusa.com\/pt\/wp-json\/wp\/v2\/media\/86373"}],"wp:attachment":[{"href":"https:\/\/tvbrazilusa.com\/pt\/wp-json\/wp\/v2\/media?parent=86372"}],"wp:term":[{"taxonomy":"category","embeddable":true,"href":"https:\/\/tvbrazilusa.com\/pt\/wp-json\/wp\/v2\/categories?post=86372"},{"taxonomy":"post_tag","embeddable":true,"href":"https:\/\/tvbrazilusa.com\/pt\/wp-json\/wp\/v2\/tags?post=86372"}],"curies":[{"name":"wp","href":"https:\/\/api.w.org\/{rel}","templated":true}]}}