{"id":86375,"date":"2025-01-02T18:12:54","date_gmt":"2025-01-02T18:12:54","guid":{"rendered":"https:\/\/tvbrazilusa.com\/2025\/01\/02\/florida-acusa-starbucks-de-contratacao-baseada-em-raca-jacksonville-hoje\/"},"modified":"2025-01-02T18:21:09","modified_gmt":"2025-01-02T18:21:09","slug":"florida-acusa-starbucks-de-contratacao-baseada-em-raca-jacksonville-hoje","status":"publish","type":"post","link":"https:\/\/tvbrazilusa.com\/pt\/2025\/01\/02\/florida-acusa-starbucks-de-contratacao-baseada-em-raca-jacksonville-hoje\/","title":{"rendered":"Fl\u00f3rida acusa Starbucks de contrata\u00e7\u00e3o baseada em ra\u00e7a | Jacksonville hoje"},"content":{"rendered":"<p> <script async src=\"https:\/\/pagead2.googlesyndication.com\/pagead\/js\/adsbygoogle.js?client=ca-pub-8864793242727901\"\r\n     crossorigin=\"anonymous\"><\/script><br \/>\n<\/p>\n<div>\n<p>A procuradora-geral da Fl\u00f3rida, Ashley Moody, est\u00e1 pedindo que um juiz conclua que <a href=\"https:\/\/news.wgcu.org\/government-politics\/2025-01-02\/florida-ag-moody-continues-starbucks-dei-related-fight\" rel=\"nofollow noopener\" target=\"_blank\">Starbucks<\/a> usou pr\u00e1ticas de contrata\u00e7\u00e3o baseadas em ra\u00e7a.<\/p>\n<p>Em maio, Moody apresentou uma queixa \u00e0 Comiss\u00e3o de Rela\u00e7\u00f5es Humanas da Fl\u00f3rida, alegando que a Starbucks tinha pol\u00edticas que pareciam ser cotas raciais. Mas a comiss\u00e3o ficou do lado da empresa de caf\u00e9. Agora, a Moody est\u00e1 levando o caso \u00e0 Divis\u00e3o de Audi\u00eancias Administrativas do estado, para <a href=\"https:\/\/news.wgcu.org\/government-politics\/2025-01-02\/florida-ag-moody-continues-starbucks-dei-related-fight\" rel=\"nofollow noopener\" target=\"_blank\">outro juiz a considerar<\/a>.<\/p>\n<p>O caso surgiu no momento em que Moody e outros l\u00edderes republicanos na Fl\u00f3rida e em todo o pa\u00eds <a href=\"https:\/\/jaxtoday.org\/2024\/01\/24\/road-to-the-end-students-rally-for-diversity-as-florida-restricts-it\/\">diversidade, equidade e inclus\u00e3o direcionadas<\/a> esfor\u00e7os de empresas e em locais como faculdades e universidades.<\/p>\n<p>A den\u00fancia cita um site da Starbucks que inclu\u00eda a meta de \u201calcan\u00e7ar a representa\u00e7\u00e3o de negros, ind\u00edgenas e pessoas de cor\u201d de pelo menos 30% em todos os n\u00edveis corporativos. Tamb\u00e9m alegou que os executivos tinham remunera\u00e7\u00e3o vinculada ao cumprimento desses objetivos do DEI.<\/p>\n<p>A Starbucks disse que as metas eram \u201caspiracionais\u201d \u2013 e n\u00e3o cotas de contrata\u00e7\u00e3o ilegais \u2013 e que a remunera\u00e7\u00e3o dos executivos n\u00e3o estava vinculada ao cumprimento das metas, de acordo com um memorando de Alicia Maxwell, especialista em investiga\u00e7\u00e3o da comiss\u00e3o de rela\u00e7\u00f5es humanas.<\/p>\n<p><em>Informa\u00e7\u00f5es do Servi\u00e7o de Not\u00edcias da Fl\u00f3rida foram utilizadas neste relat\u00f3rio.<\/em><\/p>\n<\/div>\n<p><br \/>\n<br \/><a href=\"https:\/\/jaxtoday.org\/2025\/01\/02\/starbucks-race-based-hiring\/\">Source link <\/a><\/p>","protected":false},"excerpt":{"rendered":"<p>A procuradora-geral da Fl\u00f3rida, Ashley Moody, est\u00e1 pedindo que um juiz conclua que Starbucks usou pr\u00e1ticas de contrata\u00e7\u00e3o baseadas em ra\u00e7a. Em maio, Moody apresentou uma queixa \u00e0 Comiss\u00e3o de&hellip;<\/p>","protected":false},"author":1,"featured_media":86376,"comment_status":"closed","ping_status":"open","sticky":false,"template":"","format":"standard","meta":{"content-type":"","footnotes":""},"categories":[1],"tags":[],"class_list":["post-86375","post","type-post","status-publish","format-standard","has-post-thumbnail","hentry","category-uncategorized"],"_links":{"self":[{"href":"https:\/\/tvbrazilusa.com\/pt\/wp-json\/wp\/v2\/posts\/86375","targetHints":{"allow":["GET"]}}],"collection":[{"href":"https:\/\/tvbrazilusa.com\/pt\/wp-json\/wp\/v2\/posts"}],"about":[{"href":"https:\/\/tvbrazilusa.com\/pt\/wp-json\/wp\/v2\/types\/post"}],"author":[{"embeddable":true,"href":"https:\/\/tvbrazilusa.com\/pt\/wp-json\/wp\/v2\/users\/1"}],"replies":[{"embeddable":true,"href":"https:\/\/tvbrazilusa.com\/pt\/wp-json\/wp\/v2\/comments?post=86375"}],"version-history":[{"count":1,"href":"https:\/\/tvbrazilusa.com\/pt\/wp-json\/wp\/v2\/posts\/86375\/revisions"}],"predecessor-version":[{"id":86377,"href":"https:\/\/tvbrazilusa.com\/pt\/wp-json\/wp\/v2\/posts\/86375\/revisions\/86377"}],"wp:featuredmedia":[{"embeddable":true,"href":"https:\/\/tvbrazilusa.com\/pt\/wp-json\/wp\/v2\/media\/86376"}],"wp:attachment":[{"href":"https:\/\/tvbrazilusa.com\/pt\/wp-json\/wp\/v2\/media?parent=86375"}],"wp:term":[{"taxonomy":"category","embeddable":true,"href":"https:\/\/tvbrazilusa.com\/pt\/wp-json\/wp\/v2\/categories?post=86375"},{"taxonomy":"post_tag","embeddable":true,"href":"https:\/\/tvbrazilusa.com\/pt\/wp-json\/wp\/v2\/tags?post=86375"}],"curies":[{"name":"wp","href":"https:\/\/api.w.org\/{rel}","templated":true}]}}