{"id":86378,"date":"2025-01-02T18:16:40","date_gmt":"2025-01-02T18:16:40","guid":{"rendered":"https:\/\/tvbrazilusa.com\/2025\/01\/02\/jetblue-pede-desculpas-depois-que-passageiros-com-destino-a-boston-lutaram-por-abrigo-devido-a-um-longo-atraso\/"},"modified":"2025-01-02T18:21:58","modified_gmt":"2025-01-02T18:21:58","slug":"jetblue-pede-desculpas-depois-que-passageiros-com-destino-a-boston-lutaram-por-abrigo-devido-a-um-longo-atraso","status":"publish","type":"post","link":"https:\/\/tvbrazilusa.com\/pt\/2025\/01\/02\/jetblue-pede-desculpas-depois-que-passageiros-com-destino-a-boston-lutaram-por-abrigo-devido-a-um-longo-atraso\/","title":{"rendered":"JetBlue pede desculpas depois que passageiros com destino a Boston lutaram por abrigo devido a um longo atraso"},"content":{"rendered":"<p> <script async src=\"https:\/\/pagead2.googlesyndication.com\/pagead\/js\/adsbygoogle.js?client=ca-pub-8864793242727901\"\r\n     crossorigin=\"anonymous\"><\/script><br \/>\n<\/p>\n<div id=\"\">\n<header class=\"m-article-header m-article-header--standard\">\n\t\t\t\t\t\t\t\t\t\t\t\t<span id=\"article-header-primary-term\"><br \/>\n\t\t\t\t\t\t\t\t<a class=\"a-term a-term--primary\" href=\"https:\/\/www.boston.com\/tag\/flights\/\"><\/p>\n<p>\t\t\t\t\t\t\t\tVoos\t\t\t\t\t\t\t\t<\/a><br \/>\n\t\t\t\t\t\t\t<\/span><\/p>\n<h2 class=\"m-article-header__sub-headline\">\u201cPedimos sinceras desculpas pela inconveni\u00eancia que este atraso causou e entendemos que esta foi uma situa\u00e7\u00e3o frustrante\u201d, disseram funcion\u00e1rios da JetBlue em comunicado.<\/h2>\n<figure class=\"a-photo m-article-header__photo\"><figcaption class=\"a-photo__caption\">\n<p>\tUma aeronave JetBlue.<em> PA<\/em>\t<\/figcaption><\/figure>\n<\/header>\n<p>Os passageiros da JetBlue com destino a Boston acabaram passando uma noite extra e indesej\u00e1vel em Turks e Caicos no fim de semana devido ao congestionamento do Controle de Tr\u00e1fego A\u00e9reo. <\/p>\n<div class=\"m-block t-amp__list-container m-article-list-container m-article-list-container--frame-border a-border-frame  a-list-header__headline--red m-article-list--alternative--default  m-article-list--full\">\n<ul class=\"t-amp__list a-list--no-style m-article-list m-article-list--recirculation m-article-list--has-images\">\n<li class=\"m-article-list__item\">\n\t\t\t<a class=\"m-article-list__link-wrapper\" href=\"https:\/\/www.boston.com\/travel\/flights\/2024\/12\/30\/new-boston-flight-route-as-one-of-the-most-exciting-of-2025\/?p1=article_recirc_inline_feature\" data-p1=\"article_recirc_inline_feature\"><br \/>\n\t\t\t\t<img fetchpriority=\"high\" decoding=\"async\" width=\"768\" height=\"432\" src=\"https:\/\/bdc2020.o0bc.com\/wp-content\/uploads\/2024\/08\/Earns_JetBlue_30877-66c35f189c542-768x432.jpg\" class=\"t-amp__list-image m-article-list__image\" alt=\"Um avi\u00e3o JetBlue pousa no Aeroporto Internacional Logan, em Boston.\" aria-hidden=\"true\" srcset=\"https:\/\/bdc2020.o0bc.com\/wp-content\/uploads\/2024\/08\/Earns_JetBlue_30877-66c35f189c542-768x432.jpg?width=200 200w, https:\/\/bdc2020.o0bc.com\/wp-content\/uploads\/2024\/08\/Earns_JetBlue_30877-66c35f189c542-768x432.jpg?width=300 300w, https:\/\/bdc2020.o0bc.com\/wp-content\/uploads\/2024\/08\/Earns_JetBlue_30877-66c35f189c542-768x432.jpg?width=400 400w, https:\/\/bdc2020.o0bc.com\/wp-content\/uploads\/2024\/08\/Earns_JetBlue_30877-66c35f189c542-768x432.jpg?width=500 500w, https:\/\/bdc2020.o0bc.com\/wp-content\/uploads\/2024\/08\/Earns_JetBlue_30877-66c35f189c542-768x432.jpg?width=600 600w, https:\/\/bdc2020.o0bc.com\/wp-content\/uploads\/2024\/08\/Earns_JetBlue_30877-66c35f189c542-768x432.jpg?width=700 700w, https:\/\/bdc2020.o0bc.com\/wp-content\/uploads\/2024\/08\/Earns_JetBlue_30877-66c35f189c542-768x432.jpg?width=800 800w, https:\/\/bdc2020.o0bc.com\/wp-content\/uploads\/2024\/08\/Earns_JetBlue_30877-66c35f189c542-768x432.jpg?width=900 900w\" sizes=\"(max-width: 768px) 100vw, 768px\"\/>\t\t\t\t\t<\/p>\n<div class=\"m-article-list__content\">\n<h4 class=\"m-article-list__headline t-amp__list-headline\">\n\t\t\t\t\t\t\t<span class=\"m-article-list__link a-link a-link--inline a-link--text-link a-link--text-link-dark\"><\/p>\n<p>\t\t\t\t\t\t\tUma nova rota de voo para Boston acaba de ser eleita uma das mais emocionantes de 2025\t\t\t\t\t\t\t<\/span><br \/>\n\t\t\t\t\t\t<\/h4>\n<\/p><\/div>\n<p>\t\t\t\t<\/a>\n\t\t\t<\/li>\n<\/ul>\n<\/div>\n<p>No s\u00e1bado, o voo 754 de Turks e Caicos para Boston \u201csofreu um atraso significativo depois que a aeronave que chegava teve que ser desviada para Fort Lauderdale devido ao forte congestionamento do Controle de Tr\u00e1fego A\u00e9reo (ATC) e \u00e0 espera prolongada na \u00e1rea\u201d, de acordo com um comunicado da JetBlue. .<\/p>\n<p>O voo foi adiado para o dia seguinte e os passageiros do voo 754 <a href=\"https:\/\/www.boston25news.com\/news\/local\/passengers-say-they-were-put-streets-like-animals-after-jetblue-flight-boston-delayed\/BCALCLLCNFHJ3C5432GHU2UHH4\/\">disse ao Boston 25 News<\/a> eles foram informados de que n\u00e3o poderiam permanecer dentro do aeroporto.<\/p>\n<p>Um passageiro chamado Marty, que estava l\u00e1 com sua esposa e tr\u00eas filhos pequenos, disse ao Boston 25 News que foi uma \u201cexperi\u00eancia perturbadora e traumatizante\u201d tentar encontrar abrigo porque os quartos de hotel na ilha eram escassos. <\/p>\n<p>O passageiro Brett disse ao Boston 25 News: \u201cContinu\u00e1vamos dizendo para onde voc\u00ea quer que vamos? O que devemos fazer? Como voc\u00ea est\u00e1 nos chutando para a rua como c\u00e3es em um pa\u00eds estrangeiro?<\/p>\n<p>As fam\u00edlias lutaram e acabaram encontrando um hotel e o Airbnb. Ao chegar de volta ao aeroporto no dia seguinte, avistaram dezenas de camas que foram trazidas para os passageiros dormirem.<\/p>\n<p>Um representante da JetBlue disse ao Boston.com que o voo da JetBlue foi um dos pelo menos tr\u00eas voos, operados por companhias a\u00e9reas diferentes, que foram cancelados ou significativamente atrasados \u200b\u200bno s\u00e1bado, e depois que outra companhia a\u00e9rea cancelou um voo adicional naquela noite, o aeroporto decidiu permanecem abertos e fornecem ber\u00e7os.<\/p>\n<p>\u201cPedimos sinceras desculpas pelo inconveniente que este atraso causou e entendemos que esta foi uma situa\u00e7\u00e3o frustrante\u201d, disseram funcion\u00e1rios da JetBlue em comunicado. \u201cEmbora o atraso tenha sido criado por circunst\u00e2ncias fora do controle da JetBlue, entendemos o impacto que esta interrup\u00e7\u00e3o teve nos planos dos nossos clientes. Dado isso, fornecemos instru\u00e7\u00f5es para os clientes afetados enviarem solicita\u00e7\u00f5es de reembolso para despesas correntes eleg\u00edveis, de acordo com nosso Plano de Atendimento ao Cliente. Al\u00e9m disso, como um gesto de boa vontade, emitimos um cr\u00e9dito de viagem para futuros voos da JetBlue.\u201d<\/p>\n<div class=\"o-author-single has-avatar\">\n<header class=\"m-author-card\">\n<div class=\"a-image a-image--square m-author-card__image\">\n\t\t<img decoding=\"async\" class=\"\" src=\"https:\/\/www.boston.com\/wp-content\/uploads\/2024\/10\/cropped-IMG_4797-6707dc45a689a-rotated-1-6707dc4f72826-242x242.jpg\" alt=\"Imagem do perfil de Kristi Palma\"\/>\t<\/div>\n<div class=\"m-author-card__text\">\n<h3 class=\"m-author-card__title\"><a href=\"https:\/\/www.boston.com\/author\/kristi.palma\">Kristi Palma<\/a><\/h3>\n<p><span class=\"m-author-card__subtitle\">Escritor de cultura<\/span>\t<\/div>\n<\/header>\n<section class=\"author-info\">\n<div class=\"m-author__section\">\n<p>Kristi Palma \u00e9 redatora cultural do Boston.com, com foco em viagens para a Nova Inglaterra. Ela cobre companhias a\u00e9reas, hot\u00e9is e atividades em Boston e na Nova Inglaterra. Ela \u00e9 autora de <a href=\"https:\/\/www.boston.com\/tag\/scenic-six\/\">C\u00e9nico Seis<\/a>um boletim informativo semanal de viagens.<\/p>\n<\/div>\n<\/section>\n<\/div>\n<div class=\"m-block m-generic-cta\t m-generic-cta--post-content\t m-generic-cta--dark\t m-generic-cta--homepage\t m-generic-cta--email-signup\t\t m-generic-cta-block-style--default \tt-amp__generic-cta\"><\/p>\n<div class=\"m-generic-cta__wrap\">\n<div class=\"m-generic-cta__content\">\n<h3 class=\"m-generic-cta__title\">Inscreva-se no Scenic Six<\/h3>\n<p class=\"m-generic-cta__subtitle\">Navegue pelas infinitas possibilidades de viagens para a Nova Inglaterra com Boston.com.<\/p>\n<\/p><\/div>\n<\/p><\/div>\n<\/div><\/div>\n<p><script>\n\t\tvar consent=\"grant\";\n\t\t\/* The above code is parsing the JSON data from the local storage and storing it in a variable. *\/\n\t\t\t\t\tconst onetrustStorageConsent = JSON.parse(localStorage.getItem( 'consent_one_trust_bdc' ) );\n\t\t\tif ( ( onetrustStorageConsent !== null ) ) {\n\t\t\t\t\/* Checking to see if the user has consented to the use of cookies.\n\t\t\t\t* If they have not, it is deleting the cookie.\n\t\t\t\t* This will comment for now, until further notice.\n\t\t\t\t*\/\n\t\t\t\t\/\/if ( onetrustStorageConsent.C0002 === false ) {\n\t\t\t\t\/\/\tdocument.cookie=\"_fbp=;expires=Thu, 01 Jan 2010 00:00:00 UTC; path=\/; domain=.boston.com\";\n\t\t\t\t\/\/}\n\t\t\t\t\/* Checking if the user has given consent for the cookie C0002.\n\t\t\t\t* If the user has given consent, the variable consent will be set to 'grant'.\n\t\t\t\t* If the user has not given consent,the variable consent will be set to 'revoke'.\n\t\t\t\t* Documentation https:\/\/developers.facebook.com\/docs\/meta-pixel\/implementation\/gdpr\n\t\t\t\t*\/\n\t\t\t\tif ( onetrustStorageConsent.C0002 !== true ) {\n\t\t\t\t\tconsent=\"revoke\";\n\t\t\t\t}\n\t\t\t}\n\t\t\t\t!function(f,b,e,v,n,t,s)\n\t\t{if(f.fbq)return;n=f.fbq=function(){n.callMethod?\n\t\tn.callMethod.apply(n,arguments):n.queue.push(arguments)};\n\t\tif(!f._fbq)f._fbq=n;n.push=n;n.loaded=!0;n.version='2.0';\n\t\tn.queue=[];t=b.createElement(e);t.async=!0;\n\t\tt.src=v;s=b.getElementsByTagName(e)[0];\n\t\ts.parentNode.insertBefore(t,s)}(window, document,'script',\n\t\t'https:\/\/connect.facebook.net\/en_US\/fbevents.js');\n\t\tfbq('consent', consent);\n\t\tfbq('init', '989222871864976');\n\t\tfbq('track', 'PageView');\n\t<\/script><script type=\"module\">\n\t\tvar consent=\"grant\";\n\t\t\/* The above code is parsing the JSON data from the local storage and storing it in a variable. *\/\n\t\t\tconst onetrustStorageConsent = JSON.parse(localStorage.getItem( 'consent_one_trust_bdc' ) );\n\t\t\t\/* Checking to see if the user has consented to the use of cookies.\n\t\t\t* If they have not, it is deleting the cookie.\n\t\t\t* This will comment for now, until further notice.\n\t\t\t*\/\n\t\t\t\/\/if ( onetrustStorageConsent.C0002 === false ) {\n\t\t\t\/\/\tdocument.cookie=\"_fbp=;expires=Thu, 01 Jan 2010 00:00:00 UTC; path=\/; domain=.boston.com\";\n\t\t\t\/\/}\n\t\t\t\/* Checking if the user has given consent for the cookie C0002.\n\t\t\t* If the user has given consent, the variable consent will be set to 'grant'.\n\t\t\t* If the user has not given consent,the variable consent will be set to 'revoke'.\n\t\t\t* Documentation https:\/\/developers.facebook.com\/docs\/meta-pixel\/implementation\/gdpr\n\t\t\t*\/\n\t\t\tif ( ( onetrustStorageConsent !== null ) && (onetrustStorageConsent.C0002 !== true ) ) {\n\t\t\t\tconsent=\"revoke\";\n\t\t\t}\n\t\t\t\t!function(f,b,e,v,n,t,s){if(f.fbq)return;n=f.fbq=function()\n\t\t{n.callMethod? n.callMethod.apply(n,arguments):n.queue.push(arguments)}\n\t\t;if(!f._fbq)f._fbq=n;\n\t\tn.push=n;n.loaded=!0;n.version='2.0';n.queue=[];t=b.createElement(e);t.async=!0;\n\t\tt.src=v;s=b.getElementsByTagName(e)[0];s.parentNode.insertBefore(t,s)}(window,\n\t\tdocument,'script','https:\/\/connect.facebook.net\/en_US\/fbevents.js');\n\t\tfbq('consent', consent);\n\t\tfbq('init', '813236348753005');\n\t\tfbq('track', \"PageView\");\n\t<\/script><br \/>\n<br \/><br \/>\n<br \/><a href=\"https:\/\/www.boston.com\/travel\/flights\/2025\/01\/02\/jetblue-apologizes-after-boston-bound-passengers-scrambled-for-shelter\/\">Source link <\/a><\/p>","protected":false},"excerpt":{"rendered":"<p>Voos \u201cPedimos sinceras desculpas pela inconveni\u00eancia que este atraso causou e entendemos que esta foi uma situa\u00e7\u00e3o frustrante\u201d, disseram funcion\u00e1rios da JetBlue em comunicado. Uma aeronave JetBlue. PA Os passageiros&hellip;<\/p>","protected":false},"author":1,"featured_media":86379,"comment_status":"closed","ping_status":"open","sticky":false,"template":"","format":"standard","meta":{"content-type":"","footnotes":""},"categories":[1],"tags":[],"class_list":["post-86378","post","type-post","status-publish","format-standard","has-post-thumbnail","hentry","category-uncategorized"],"_links":{"self":[{"href":"https:\/\/tvbrazilusa.com\/pt\/wp-json\/wp\/v2\/posts\/86378","targetHints":{"allow":["GET"]}}],"collection":[{"href":"https:\/\/tvbrazilusa.com\/pt\/wp-json\/wp\/v2\/posts"}],"about":[{"href":"https:\/\/tvbrazilusa.com\/pt\/wp-json\/wp\/v2\/types\/post"}],"author":[{"embeddable":true,"href":"https:\/\/tvbrazilusa.com\/pt\/wp-json\/wp\/v2\/users\/1"}],"replies":[{"embeddable":true,"href":"https:\/\/tvbrazilusa.com\/pt\/wp-json\/wp\/v2\/comments?post=86378"}],"version-history":[{"count":1,"href":"https:\/\/tvbrazilusa.com\/pt\/wp-json\/wp\/v2\/posts\/86378\/revisions"}],"predecessor-version":[{"id":86380,"href":"https:\/\/tvbrazilusa.com\/pt\/wp-json\/wp\/v2\/posts\/86378\/revisions\/86380"}],"wp:featuredmedia":[{"embeddable":true,"href":"https:\/\/tvbrazilusa.com\/pt\/wp-json\/wp\/v2\/media\/86379"}],"wp:attachment":[{"href":"https:\/\/tvbrazilusa.com\/pt\/wp-json\/wp\/v2\/media?parent=86378"}],"wp:term":[{"taxonomy":"category","embeddable":true,"href":"https:\/\/tvbrazilusa.com\/pt\/wp-json\/wp\/v2\/categories?post=86378"},{"taxonomy":"post_tag","embeddable":true,"href":"https:\/\/tvbrazilusa.com\/pt\/wp-json\/wp\/v2\/tags?post=86378"}],"curies":[{"name":"wp","href":"https:\/\/api.w.org\/{rel}","templated":true}]}}