{"id":86381,"date":"2025-01-02T18:28:26","date_gmt":"2025-01-02T18:28:26","guid":{"rendered":"https:\/\/tvbrazilusa.com\/2025\/01\/02\/adolescente-morre-sob-suspeita-de-envenenamento-familia-e-internada\/"},"modified":"2025-01-02T18:28:28","modified_gmt":"2025-01-02T18:28:28","slug":"adolescente-morre-sob-suspeita-de-envenenamento-familia-e-internada","status":"publish","type":"post","link":"https:\/\/tvbrazilusa.com\/pt\/2025\/01\/02\/adolescente-morre-sob-suspeita-de-envenenamento-familia-e-internada\/","title":{"rendered":"Adolescente morre sob suspeita de envenenamento; fam\u00edlia \u00e9 internada"},"content":{"rendered":"<p> <script async src=\"https:\/\/pagead2.googlesyndication.com\/pagead\/js\/adsbygoogle.js?client=ca-pub-8864793242727901\"\r\n     crossorigin=\"anonymous\"><\/script><br \/>\n<\/p>\n<div id=\"taboola-read-more\" style=\"display:block; width:100%\">\n<p>Um adolescente, de 17 anos, morreu sob a suspeita de envenenamento em Parna\u00edba, litoral do Piau\u00ed. Al\u00e9m dele oito familiares, incluindo quatro crian\u00e7as, foram hospitalizadas, segundo o delegado respons\u00e1vel pelo caso, Renato Pinheiro.\n<\/p>\n<p>O delegado informou ao Metr\u00f3poles que a fam\u00edlia come\u00e7ou a passar mal na quarta-feira (1\u00ba\/1), ap\u00f3s comer peixes recebidos na noite anterior (31\/12).<\/p>\n<p>Os familiares foram socorridos e levados ao Hospital Regional Dirceu Arcoverde (Heda). O adolescente morreu a caminho do Heda.\n<\/p>\n<p>Ainda, segundo a Pol\u00edcia Civil, o adolescente morto era parente dos meninos de 8 e 7 anos mortos em 2024, depois de comerem cajus envenenados. A crian\u00e7a de 2 anos que est\u00e1 internada \u00e9 irm\u00e3 dos dois meninos mortos.\n<\/p>\n<p>A per\u00edcia da Pol\u00edcia Civil coletou material gen\u00e9tico do est\u00f4mago, sangue e urina do adolescente morto. Tamb\u00e9m foram coletados sangue e urina das v\u00edtimas internadas no Heda. Os peixes que sobraram, tamb\u00e9m, foram levados pelas autoridades para a an\u00e1lise. Os resultados ser\u00e3o incorporados na investiga\u00e7\u00e3o.\n<\/p>\n<h4>Veja a lista das v\u00edtimas<\/h4>\n<p>Segundo a Pol\u00edcia Civil do Piau\u00ed, as v\u00edtimas s\u00e3o:\n<\/p>\n<ul>\n<li>Adolescente de 17 anos (morto);<\/li>\n<li>As duas irm\u00e3s do adolescente;<\/li>\n<li>O padrasto do adolescente;<\/li>\n<li>Uma mulher e seu filho, que moravam na casa;<\/li>\n<li>Tr\u00eas crian\u00e7as, filhas das irm\u00e3s do adolescente.<\/li>\n<\/ul>\n<p>Fonte: Metr\u00f3poles              <\/p>\n<\/div>\n<p><br \/>\n<br \/><a href=\"https:\/\/diariodobrasilnoticias.com.br\/noticia\/adolescente-morre-sob-suspeita-de-envenenamento-familia-e-internada-6776b86bd2f7a\">Source link <\/a><\/p>","protected":false},"excerpt":{"rendered":"<p>Um adolescente, de 17 anos, morreu sob a suspeita de envenenamento em Parna\u00edba, litoral do Piau\u00ed. Al\u00e9m dele oito familiares, incluindo quatro crian\u00e7as, foram hospitalizadas, segundo o delegado respons\u00e1vel pelo&hellip;<\/p>","protected":false},"author":1,"featured_media":86382,"comment_status":"closed","ping_status":"open","sticky":false,"template":"","format":"standard","meta":{"content-type":"","footnotes":""},"categories":[16],"tags":[123,2448,5313,1267],"class_list":["post-86381","post","type-post","status-publish","format-standard","has-post-thumbnail","hentry","category-noticias","tag-brasil","tag-diario","tag-noticia","tag-noticias"],"_links":{"self":[{"href":"https:\/\/tvbrazilusa.com\/pt\/wp-json\/wp\/v2\/posts\/86381","targetHints":{"allow":["GET"]}}],"collection":[{"href":"https:\/\/tvbrazilusa.com\/pt\/wp-json\/wp\/v2\/posts"}],"about":[{"href":"https:\/\/tvbrazilusa.com\/pt\/wp-json\/wp\/v2\/types\/post"}],"author":[{"embeddable":true,"href":"https:\/\/tvbrazilusa.com\/pt\/wp-json\/wp\/v2\/users\/1"}],"replies":[{"embeddable":true,"href":"https:\/\/tvbrazilusa.com\/pt\/wp-json\/wp\/v2\/comments?post=86381"}],"version-history":[{"count":1,"href":"https:\/\/tvbrazilusa.com\/pt\/wp-json\/wp\/v2\/posts\/86381\/revisions"}],"predecessor-version":[{"id":86383,"href":"https:\/\/tvbrazilusa.com\/pt\/wp-json\/wp\/v2\/posts\/86381\/revisions\/86383"}],"wp:featuredmedia":[{"embeddable":true,"href":"https:\/\/tvbrazilusa.com\/pt\/wp-json\/wp\/v2\/media\/86382"}],"wp:attachment":[{"href":"https:\/\/tvbrazilusa.com\/pt\/wp-json\/wp\/v2\/media?parent=86381"}],"wp:term":[{"taxonomy":"category","embeddable":true,"href":"https:\/\/tvbrazilusa.com\/pt\/wp-json\/wp\/v2\/categories?post=86381"},{"taxonomy":"post_tag","embeddable":true,"href":"https:\/\/tvbrazilusa.com\/pt\/wp-json\/wp\/v2\/tags?post=86381"}],"curies":[{"name":"wp","href":"https:\/\/api.w.org\/{rel}","templated":true}]}}