{"id":86387,"date":"2025-01-02T18:40:35","date_gmt":"2025-01-02T18:40:35","guid":{"rendered":"https:\/\/tvbrazilusa.com\/2025\/01\/02\/pavanato-obtem-assinaturas-para-duas-cpis-no-mesmo-dia-da-posse\/"},"modified":"2025-01-02T18:40:37","modified_gmt":"2025-01-02T18:40:37","slug":"pavanato-obtem-assinaturas-para-duas-cpis-no-mesmo-dia-da-posse","status":"publish","type":"post","link":"https:\/\/tvbrazilusa.com\/pt\/2025\/01\/02\/pavanato-obtem-assinaturas-para-duas-cpis-no-mesmo-dia-da-posse\/","title":{"rendered":"Pavanato obt\u00e9m assinaturas para duas CPIs no mesmo dia da posse"},"content":{"rendered":"<p> <script async src=\"https:\/\/pagead2.googlesyndication.com\/pagead\/js\/adsbygoogle.js?client=ca-pub-8864793242727901\"\r\n     crossorigin=\"anonymous\"><\/script><br \/>\n<\/p>\n<div>\n<figure class=\"post-image\">\n<\/figure>\n<p>            <span style=\"font-size: 12px\">Foto: Mozart Gomes\/C\u00e2mara dos Vereadores de S\u00e3o Paulo<\/span><\/p>\n<p>            <!-- end metas --><br \/>\n            <!-- ADS --><\/p>\n<div id=\"taboola-read-more\" style=\"display:block; width:100%\">\n<p>O vereador Lucas Pavanato (PL-SP) garantiu o n\u00famero de assinaturas necess\u00e1rias para protocolar o pedido de abertura de duas CPIs (Comiss\u00e3o Parlamentar de Inqu\u00e9rito) j\u00e1 em seu primeiro dia de trabalho na C\u00e2mara Municipal de S\u00e3o Paulo. As assinaturas come\u00e7aram a ser coletadas antes mesmo do fim da cerim\u00f4nia de posse, que ocorreu nesta quarta-feira (1\u00b0).\n<\/p>\n<p>Eleito como vereador mais votado da cidade, Pavanato quer criar dois colegiados, um deles focado na apura\u00e7\u00e3o das invas\u00f5es de propriedades e terrenos da cidade por parte de movimentos como o MTST (Movimento dos Trabalhadores Sem Teto).<\/p>\n<p>A outra CPI teria como objetivo investigar a atua\u00e7\u00e3o de ONGs (Organiza\u00e7\u00f5es N\u00e3o Governamentais) voltadas para prestar assist\u00eancia a moradores de rua e dependentes qu\u00edmicos. A ideia \u00e9 apurar o uso de recursos p\u00fablicos destinados a essas institui\u00e7\u00f5es.\n<\/p>\n<p>\u2013 Infelizmente, n\u00f3s temos hoje muito recurso destinado para ONGs em S\u00e3o Paulo, caminh\u00f5es de dinheiro, e essas ONGs que teoricamente deveriam recuperar os dependentes qu\u00edmicos n\u00e3o recuperam, n\u00e3o d\u00e3o satisfa\u00e7\u00e3o suficiente de para onde est\u00e1 indo esse dinheiro \u2013 disse ele \u00e0 CNN em outubro.\n<\/p>\n<p>Eram necess\u00e1rias ao menos 19 assinaturas para protocolar o pedido de abertura das CPIs. Entretanto, a sess\u00e3o que definir\u00e1 quais comiss\u00f5es ser\u00e3o instauradas e seus respectivos membros deve acontecer somente em fevereiro.<\/p>\n<p>Fonte: Pleno News              <\/p>\n<\/div>\n<p>                        <!-- Scripts para conteudo --><\/p>\n<p>            <!-- .\/Scripts para conteudo --><br \/>\n            <!-- .\/Mat\u00e9ria --><\/p>\n<div class=\"row mt-3\">\n<div class=\"col-sm-6\">\n                <!-- Whatsapp channel 3--><br \/>\n                <a href=\"https:\/\/chat.whatsapp.com\/B8Qy6Erx4kb6yTzj3kaDco\" target=\"_blank\"><br \/>\n                  <img decoding=\"async\" src=\"https:\/\/diariodobrasilnoticias.com.br\/assets-site\/images\/bot_whatsapp.png\"\/><\/a>\n              <\/div>\n<div class=\"col-sm-6\">\n                <a href=\"https:\/\/t.me\/+_4gTmi5LKo03OTM5\" target=\"_blank\"><br \/>\n                  <img decoding=\"async\" src=\"https:\/\/diariodobrasilnoticias.com.br\/assets-site\/images\/bot_telegram.png\"\/><\/a>\n              <\/div>\n<\/p><\/div>\n<p>            <!-- end post-navigation --><\/p>\n<p>              <!-- end row --><\/p>\n<p>              <!-- end col-12-->\n                      <\/div>\n<p><br \/>\n<br \/><a href=\"https:\/\/diariodobrasilnoticias.com.br\/noticia\/pavanato-obtem-assinaturas-para-duas-cpis-no-mesmo-dia-da-posse-6776b7a767497\">Source link <\/a><\/p>","protected":false},"excerpt":{"rendered":"<p>Foto: Mozart Gomes\/C\u00e2mara dos Vereadores de S\u00e3o Paulo O vereador Lucas Pavanato (PL-SP) garantiu o n\u00famero de assinaturas necess\u00e1rias para protocolar o pedido de abertura de duas CPIs (Comiss\u00e3o Parlamentar&hellip;<\/p>","protected":false},"author":1,"featured_media":86388,"comment_status":"closed","ping_status":"open","sticky":false,"template":"","format":"standard","meta":{"content-type":"","footnotes":""},"categories":[16],"tags":[123,2448,5313,1267],"class_list":["post-86387","post","type-post","status-publish","format-standard","has-post-thumbnail","hentry","category-noticias","tag-brasil","tag-diario","tag-noticia","tag-noticias"],"_links":{"self":[{"href":"https:\/\/tvbrazilusa.com\/pt\/wp-json\/wp\/v2\/posts\/86387","targetHints":{"allow":["GET"]}}],"collection":[{"href":"https:\/\/tvbrazilusa.com\/pt\/wp-json\/wp\/v2\/posts"}],"about":[{"href":"https:\/\/tvbrazilusa.com\/pt\/wp-json\/wp\/v2\/types\/post"}],"author":[{"embeddable":true,"href":"https:\/\/tvbrazilusa.com\/pt\/wp-json\/wp\/v2\/users\/1"}],"replies":[{"embeddable":true,"href":"https:\/\/tvbrazilusa.com\/pt\/wp-json\/wp\/v2\/comments?post=86387"}],"version-history":[{"count":1,"href":"https:\/\/tvbrazilusa.com\/pt\/wp-json\/wp\/v2\/posts\/86387\/revisions"}],"predecessor-version":[{"id":86389,"href":"https:\/\/tvbrazilusa.com\/pt\/wp-json\/wp\/v2\/posts\/86387\/revisions\/86389"}],"wp:featuredmedia":[{"embeddable":true,"href":"https:\/\/tvbrazilusa.com\/pt\/wp-json\/wp\/v2\/media\/86388"}],"wp:attachment":[{"href":"https:\/\/tvbrazilusa.com\/pt\/wp-json\/wp\/v2\/media?parent=86387"}],"wp:term":[{"taxonomy":"category","embeddable":true,"href":"https:\/\/tvbrazilusa.com\/pt\/wp-json\/wp\/v2\/categories?post=86387"},{"taxonomy":"post_tag","embeddable":true,"href":"https:\/\/tvbrazilusa.com\/pt\/wp-json\/wp\/v2\/tags?post=86387"}],"curies":[{"name":"wp","href":"https:\/\/api.w.org\/{rel}","templated":true}]}}