{"id":86390,"date":"2025-01-02T18:41:12","date_gmt":"2025-01-02T18:41:12","guid":{"rendered":"https:\/\/tvbrazilusa.com\/2025\/01\/02\/revolution-anuncia-contratacao-do-extremo-costarriquenho-luis-diaz-do-deportivo-saprissa\/"},"modified":"2025-01-02T18:46:08","modified_gmt":"2025-01-02T18:46:08","slug":"revolution-anuncia-contratacao-do-extremo-costarriquenho-luis-diaz-do-deportivo-saprissa","status":"publish","type":"post","link":"https:\/\/tvbrazilusa.com\/pt\/2025\/01\/02\/revolution-anuncia-contratacao-do-extremo-costarriquenho-luis-diaz-do-deportivo-saprissa\/","title":{"rendered":"Revolution anuncia contrata\u00e7\u00e3o do extremo costarriquenho Luis Diaz do Deportivo Saprissa"},"content":{"rendered":"<p> <script async src=\"https:\/\/pagead2.googlesyndication.com\/pagead\/js\/adsbygoogle.js?client=ca-pub-8864793242727901\"\r\n     crossorigin=\"anonymous\"><\/script><br \/>\n<\/p>\n<div id=\"\">\n<header class=\"m-article-header m-article-header--standard\">\n\t\t\t\t\t\t\t\t\t\t\t\t<span id=\"article-header-primary-term\"><br \/>\n\t\t\t\t\t\t\t\t<a class=\"a-term a-term--primary\" href=\"https:\/\/www.boston.com\/tag\/new-england-revolution\/\"><\/p>\n<p>\t\t\t\t\t\t\t\tRevolu\u00e7\u00e3o da Nova Inglaterra\t\t\t\t\t\t\t\t<\/a><br \/>\n\t\t\t\t\t\t\t<\/span><\/p>\n<h2 class=\"m-article-header__sub-headline\">Diaz j\u00e1 jogou sob o comando do t\u00e9cnico do New England, Caleb Porter, durante sua passagem por Columbus.<\/h2>\n<figure class=\"a-photo m-article-header__photo\"><figcaption class=\"a-photo__caption\">\n<p>\tLuis Diaz durante seu tempo com Columbus em 2021.<em> Foto AP\/Jeff Dean<\/em>\t<\/figcaption><\/figure>\n<div class=\"m-article-header__meta\">\n<div class=\"m-article-header__byline\">\n<p class=\"m-article-header__author\">\n<p>\t\t\t\t\t\t\t\tPor <a class=\"a-link a-link--inline\" href=\"https:\/\/www.boston.com\/author\/hayden-bird\/\">P\u00e1ssaro Hayden<\/a>\t\t\t\t\t\t\t<\/p>\n<p>\t\t\t\t\t\t\t\t\t\t\t\t\t\t\t<time class=\"m-article-header__date\"><\/p>\n<p>\t\t\t\t\t\t\t\t\t2 de janeiro de 2025 | 13h41\t\t\t\t\t\t\t\t<\/time><\/p>\n<p><span>1 minuto para ler<\/span><\/p>\n<\/p><\/div>\n<\/p><\/div>\n<\/header>\n<p>O <a href=\"https:\/\/www.boston.com\/tag\/new-england-revolution\/\">Revolu\u00e7\u00e3o<\/a> A movimentada revis\u00e3o do elenco durante a entressafra continuou na quinta-feira, com a adi\u00e7\u00e3o de um ala veloz.<\/p>\n<p>Luis Diaz, um costarriquenho de 26 anos com experi\u00eancia anterior na MLS, est\u00e1 ingressando no New England com um contrato de um ano para a pr\u00f3xima temporada. <a href=\"https:\/\/www.revolutionsoccer.net\/news\/revolution-sign-costa-rican-winger-luis-diaz-on-free-transfer\">De acordo com o an\u00fancio da equipe<\/a>o clube tamb\u00e9m tem op\u00e7\u00f5es de prorrogar o acordo em 2026 e 2027.<\/p>\n<p>Diaz n\u00e3o ocupar\u00e1 vaga no elenco internacional, pois j\u00e1 \u00e9 titular do green card. Ele assinou com o Revolution por transfer\u00eancia gratuita do clube costarriquenho Deportivo Saprissa.<\/p>\n<p>Conhecido por sua velocidade, o New England espera que o ala consiga trazer de volta ao ataque um n\u00edvel de dinamismo que muitas vezes faltou em 2024.<\/p>\n<p>Diaz tem hist\u00f3ria jogando pelo t\u00e9cnico do Revolution, Caleb Porter, j\u00e1 que os dois se sobrepuseram durante seu tempo no Columbus Crew. Diaz ingressou no time da MLS em 2019 como Jovem Jogador Designado e totalizou 83 partidas pelo Crew, marcando seis gols e 14 assist\u00eancias. (Ele tamb\u00e9m fez tr\u00eas partidas pelo Colorado Rapids em 2023).<\/p>\n<p>Porter conduziu Diaz e Columbus ao t\u00edtulo da MLS Cup em 2020 e observou que adicionar\u00e1 outra op\u00e7\u00e3o ao elenco. <\/p>\n<p>\u201cLuis D\u00edaz \u00e9 um jogador explosivo que trar\u00e1 penetra\u00e7\u00e3o ao nosso ataque\u201d, disse Porter no an\u00fancio da equipe. \u201cEle adiciona uma op\u00e7\u00e3o din\u00e2mica que nos dar\u00e1 profundidade e versatilidade ao nosso elenco. Luis \u00e9 outra contrata\u00e7\u00e3o que fez parte de equipes vencedoras e est\u00e1 no auge da sua carreira. Estou feliz por t\u00ea-lo na equipe e estou ansioso por suas contribui\u00e7\u00f5es.\u201d<\/p>\n<p>Diaz fez oito partidas a n\u00edvel internacional pela Costa Rica. Ele ajudou o Deportivo Saprissa a conquistar o trof\u00e9u da Primera Divisi\u00f3n Verano em 2024, marcando quatro gols e nove assist\u00eancias pelo clube em todas as competi\u00e7\u00f5es.<\/p>\n<p>A Nova Inglaterra come\u00e7ar\u00e1 a temporada 2025 da MLS em 22 de fevereiro em Nashville SC. O clube vem de um ano decepcionante em 2024, caindo para o 14\u00ba lugar na Confer\u00eancia Leste e n\u00e3o conseguindo chegar aos playoffs.<\/p>\n<div class=\"o-author-single no-avatar\">\n<header class=\"m-author-card\">\n<\/header>\n<section class=\"author-info\">\n<div class=\"m-author__section\">\n<p>Hayden Bird \u00e9 redator de esportes do Boston.com, onde trabalha desde 2016. Ele cobre todos os assuntos esportivos na Nova Inglaterra.<\/p>\n<\/div>\n<\/section>\n<\/div>\n<div class=\"m-block m-generic-cta\t m-generic-cta--post-content\t m-generic-cta--dark\t m-generic-cta--homepage\t m-generic-cta--email-signup\t\t m-generic-cta-block-style--default \tt-amp__generic-cta\"><\/p>\n<div class=\"m-generic-cta__wrap\">\n<div class=\"m-generic-cta__content\">\n<h3 class=\"m-generic-cta__title\">Boston.com hoje<\/h3>\n<p class=\"m-generic-cta__subtitle\">Inscreva-se para receber as \u00faltimas manchetes em sua caixa de entrada todas as manh\u00e3s.<\/p>\n<\/p><\/div>\n<\/p><\/div>\n<\/div><\/div>\n<p><script>\n\t\tvar consent=\"grant\";\n\t\t\/* The above code is parsing the JSON data from the local storage and storing it in a variable. *\/\n\t\t\t\t\tconst onetrustStorageConsent = JSON.parse(localStorage.getItem( 'consent_one_trust_bdc' ) );\n\t\t\tif ( ( onetrustStorageConsent !== null ) ) {\n\t\t\t\t\/* Checking to see if the user has consented to the use of cookies.\n\t\t\t\t* If they have not, it is deleting the cookie.\n\t\t\t\t* This will comment for now, until further notice.\n\t\t\t\t*\/\n\t\t\t\t\/\/if ( onetrustStorageConsent.C0002 === false ) {\n\t\t\t\t\/\/\tdocument.cookie=\"_fbp=;expires=Thu, 01 Jan 2010 00:00:00 UTC; path=\/; domain=.boston.com\";\n\t\t\t\t\/\/}\n\t\t\t\t\/* Checking if the user has given consent for the cookie C0002.\n\t\t\t\t* If the user has given consent, the variable consent will be set to 'grant'.\n\t\t\t\t* If the user has not given consent,the variable consent will be set to 'revoke'.\n\t\t\t\t* Documentation https:\/\/developers.facebook.com\/docs\/meta-pixel\/implementation\/gdpr\n\t\t\t\t*\/\n\t\t\t\tif ( onetrustStorageConsent.C0002 !== true ) {\n\t\t\t\t\tconsent=\"revoke\";\n\t\t\t\t}\n\t\t\t}\n\t\t\t\t!function(f,b,e,v,n,t,s)\n\t\t{if(f.fbq)return;n=f.fbq=function(){n.callMethod?\n\t\tn.callMethod.apply(n,arguments):n.queue.push(arguments)};\n\t\tif(!f._fbq)f._fbq=n;n.push=n;n.loaded=!0;n.version='2.0';\n\t\tn.queue=[];t=b.createElement(e);t.async=!0;\n\t\tt.src=v;s=b.getElementsByTagName(e)[0];\n\t\ts.parentNode.insertBefore(t,s)}(window, document,'script',\n\t\t'https:\/\/connect.facebook.net\/en_US\/fbevents.js');\n\t\tfbq('consent', consent);\n\t\tfbq('init', '989222871864976');\n\t\tfbq('track', 'PageView');\n\t<\/script><script type=\"module\">\n\t\tvar consent=\"grant\";\n\t\t\/* The above code is parsing the JSON data from the local storage and storing it in a variable. *\/\n\t\t\tconst onetrustStorageConsent = JSON.parse(localStorage.getItem( 'consent_one_trust_bdc' ) );\n\t\t\t\/* Checking to see if the user has consented to the use of cookies.\n\t\t\t* If they have not, it is deleting the cookie.\n\t\t\t* This will comment for now, until further notice.\n\t\t\t*\/\n\t\t\t\/\/if ( onetrustStorageConsent.C0002 === false ) {\n\t\t\t\/\/\tdocument.cookie=\"_fbp=;expires=Thu, 01 Jan 2010 00:00:00 UTC; path=\/; domain=.boston.com\";\n\t\t\t\/\/}\n\t\t\t\/* Checking if the user has given consent for the cookie C0002.\n\t\t\t* If the user has given consent, the variable consent will be set to 'grant'.\n\t\t\t* If the user has not given consent,the variable consent will be set to 'revoke'.\n\t\t\t* Documentation https:\/\/developers.facebook.com\/docs\/meta-pixel\/implementation\/gdpr\n\t\t\t*\/\n\t\t\tif ( ( onetrustStorageConsent !== null ) && (onetrustStorageConsent.C0002 !== true ) ) {\n\t\t\t\tconsent=\"revoke\";\n\t\t\t}\n\t\t\t\t!function(f,b,e,v,n,t,s){if(f.fbq)return;n=f.fbq=function()\n\t\t{n.callMethod? n.callMethod.apply(n,arguments):n.queue.push(arguments)}\n\t\t;if(!f._fbq)f._fbq=n;\n\t\tn.push=n;n.loaded=!0;n.version='2.0';n.queue=[];t=b.createElement(e);t.async=!0;\n\t\tt.src=v;s=b.getElementsByTagName(e)[0];s.parentNode.insertBefore(t,s)}(window,\n\t\tdocument,'script','https:\/\/connect.facebook.net\/en_US\/fbevents.js');\n\t\tfbq('consent', consent);\n\t\tfbq('init', '813236348753005');\n\t\tfbq('track', \"PageView\");\n\t<\/script><br \/>\n<br \/><br \/>\n<br \/><a href=\"https:\/\/www.boston.com\/sports\/new-england-revolution\/2025\/01\/02\/luis-diaz-revolution-signing\/\">Source link <\/a><\/p>","protected":false},"excerpt":{"rendered":"<p>Revolu\u00e7\u00e3o da Nova Inglaterra Diaz j\u00e1 jogou sob o comando do t\u00e9cnico do New England, Caleb Porter, durante sua passagem por Columbus. Luis Diaz durante seu tempo com Columbus em&hellip;<\/p>","protected":false},"author":1,"featured_media":86391,"comment_status":"closed","ping_status":"open","sticky":false,"template":"","format":"standard","meta":{"content-type":"","footnotes":""},"categories":[1],"tags":[],"class_list":["post-86390","post","type-post","status-publish","format-standard","has-post-thumbnail","hentry","category-uncategorized"],"_links":{"self":[{"href":"https:\/\/tvbrazilusa.com\/pt\/wp-json\/wp\/v2\/posts\/86390","targetHints":{"allow":["GET"]}}],"collection":[{"href":"https:\/\/tvbrazilusa.com\/pt\/wp-json\/wp\/v2\/posts"}],"about":[{"href":"https:\/\/tvbrazilusa.com\/pt\/wp-json\/wp\/v2\/types\/post"}],"author":[{"embeddable":true,"href":"https:\/\/tvbrazilusa.com\/pt\/wp-json\/wp\/v2\/users\/1"}],"replies":[{"embeddable":true,"href":"https:\/\/tvbrazilusa.com\/pt\/wp-json\/wp\/v2\/comments?post=86390"}],"version-history":[{"count":1,"href":"https:\/\/tvbrazilusa.com\/pt\/wp-json\/wp\/v2\/posts\/86390\/revisions"}],"predecessor-version":[{"id":86392,"href":"https:\/\/tvbrazilusa.com\/pt\/wp-json\/wp\/v2\/posts\/86390\/revisions\/86392"}],"wp:featuredmedia":[{"embeddable":true,"href":"https:\/\/tvbrazilusa.com\/pt\/wp-json\/wp\/v2\/media\/86391"}],"wp:attachment":[{"href":"https:\/\/tvbrazilusa.com\/pt\/wp-json\/wp\/v2\/media?parent=86390"}],"wp:term":[{"taxonomy":"category","embeddable":true,"href":"https:\/\/tvbrazilusa.com\/pt\/wp-json\/wp\/v2\/categories?post=86390"},{"taxonomy":"post_tag","embeddable":true,"href":"https:\/\/tvbrazilusa.com\/pt\/wp-json\/wp\/v2\/tags?post=86390"}],"curies":[{"name":"wp","href":"https:\/\/api.w.org\/{rel}","templated":true}]}}