{"id":86589,"date":"2025-01-02T23:59:41","date_gmt":"2025-01-02T23:59:41","guid":{"rendered":"https:\/\/tvbrazilusa.com\/2025\/01\/02\/insiders-da-nfl-mike-vrabel-e-um-ajuste-natural-para-treinar-patriots\/"},"modified":"2025-01-03T00:11:39","modified_gmt":"2025-01-03T00:11:39","slug":"insiders-da-nfl-mike-vrabel-e-um-ajuste-natural-para-treinar-patriots","status":"publish","type":"post","link":"https:\/\/tvbrazilusa.com\/pt\/2025\/01\/02\/insiders-da-nfl-mike-vrabel-e-um-ajuste-natural-para-treinar-patriots\/","title":{"rendered":"Insiders da NFL: Mike Vrabel \u00e9 um &#8216;ajuste natural&#8217; para treinar Patriots"},"content":{"rendered":"<p> <script async src=\"https:\/\/pagead2.googlesyndication.com\/pagead\/js\/adsbygoogle.js?client=ca-pub-8864793242727901\"\r\n     crossorigin=\"anonymous\"><\/script><br \/>\n<\/p>\n<div id=\"\">\n<header class=\"m-article-header m-article-header--standard\">\n\t\t\t\t\t\t\t\t\t\t\t\t<span id=\"article-header-primary-term\"><br \/>\n\t\t\t\t\t\t\t\t<a class=\"a-term a-term--primary\" href=\"https:\/\/www.boston.com\/tag\/new-england-patriots\/\"><\/p>\n<p>\t\t\t\t\t\t\t\tPatriotas\t\t\t\t\t\t\t\t<\/a><br \/>\n\t\t\t\t\t\t\t<\/span><\/p>\n<h2 class=\"m-article-header__sub-headline\">\u201cTudo o que estou dizendo \u00e9 que se a vaga for aberta, Vrabel ter\u00e1 que estar no topo da lista de contrata\u00e7\u00f5es previstas.\u201d<\/h2>\n<figure class=\"a-photo m-article-header__photo\"><figcaption class=\"a-photo__caption\">\n<p>\tMike Vrabel foi introduzido no Hall da Fama dos Patriots em 2023. <em> Matthew J. Lee\/The Boston Globe<\/em>\t<\/figcaption><\/figure>\n<\/header>\n<p>Os rumores continuam girando em torno de Mike Vrabel <a target=\"_blank\" href=\"https:\/\/www.boston.com\/sports\/new-england-patriots\/2024\/12\/18\/mike-vrabel-new-england-patriots-nfl-football-head-coach-jerod-mayo\/\" rel=\"noreferrer noopener\">e sua potencial candidatura como t\u00e9cnico do Patriots em 2025 e al\u00e9m.<\/a><\/p>\n<p>Mesmo que Jerod Mayo continue como t\u00e9cnico da Nova Inglaterra<a target=\"_blank\" href=\"https:\/\/www.boston.com\/sports\/new-england-patriots\/2024\/12\/30\/jerod-mayo-drake-maye-patriots-deserve-a-second-year\/\" rel=\"noreferrer noopener\">est\u00e1 longe de ser certo que o treinador do primeiro ano permanecer\u00e1 afastado<\/a> avan\u00e7ando \u2013 especialmente depois de uma campanha desastrosa de 2024.<\/p>\n<p>Se a Nova Inglaterra optar por deixar Mayo, um ex-jogador do Patriots com um curr\u00edculo de treinador j\u00e1 estabelecido em Vrabel parece uma escolha \u00f3bvia para Robert Kraft and Co.<\/p>\n<p>Tal sentimento tamb\u00e9m \u00e9 compartilhado pelos membros da ESPN NFL, Jeremy Fowler e Dan Graziano, <a target=\"_blank\" href=\"https:\/\/www.espn.com\/nfl\/insider\/story\/_\/id\/43237136\/nfl-week-18-coach-carousel-buzz-news-latest-updates-predictions\" rel=\"noreferrer noopener\">que observou em uma nova coluna que Vrabel<\/a> seria uma escolha \u00f3bvia para a Nova Inglaterra se abrisse uma busca surpresa por um treinador principal neste inverno.<\/p>\n<p>\u201cSe a vaga no Patriots for aberta, Mike Vrabel far\u00e1 muito sentido como um t\u00e9cnico comprovado que tamb\u00e9m est\u00e1 no Hall da Fama do time\u201d, disse Graziano. \u201cA Nova Inglaterra parece ter seu quarterback do futuro em Maye e precisa construir a cultura e o elenco ao seu redor.<\/p>\n<p>\u201cMais uma vez, n\u00e3o estou dizendo que Mayo n\u00e3o possa fazer isso. \u00c9 poss\u00edvel que ele consiga, e \u00e9 poss\u00edvel que a propriedade do Patriots decida ficar com o cara em quem acreditava o suficiente para torn\u00e1-lo o t\u00e9cnico em espera enquanto Belichick ainda estava l\u00e1. Tudo o que estou dizendo \u00e9 que se a vaga for aberta, Vrabel ter\u00e1 que estar no topo da lista de contrata\u00e7\u00f5es previstas.\u201d<\/p>\n<p>\u201cIsso seria um ajuste natural\u201d, acrescentou Fowler. <\/p>\n<p>Mesmo que Vrabel marque muitos requisitos como um candidato atraente a treinador na Nova Inglaterra, ainda n\u00e3o se sabe se Kraft e os Patriots deixar\u00e3o Mayo nesta entressafra. <\/p>\n<p>Embora pouco tenha dado certo para Mayo e Nova Inglaterra em 2024, pode-se argumentar que a Kraft n\u00e3o vai querer se comprometer com tal reviravolta, especialmente<a href=\"https:\/\/www.boston.com\/sports\/new-england-patriots\/2024\/09\/20\/robert-kraft-jerod-mayo-patriots-head-coach\/\" target=\"_blank\" rel=\"noreferrer noopener\"> depois de aparentemente classificar Mayo como sucessor de Bill Belichick h\u00e1 cinco anos.  <\/a><\/p>\n<p>Substituir Mayo por um treinador veterano como Vrabel pode ser a melhor jogada a longo prazo, mas exigiria que Kraft admitisse a curto prazo que evitar uma procura leg\u00edtima de treinador em 2024 foi um grande erro. <\/p>\n<p>\u201cUm e pronto para [Titans coach Brian] Callahan parece um pouco duro\u201d, acrescentou Graziano. \u201cO mesmo aconteceu com Mayo na Nova Inglaterra, dado o pouco que ele teve para trabalhar naquele elenco. Al\u00e9m disso, a propriedade selecionou Mayo como sucessor de Bill Belichick antes mesmo de Belichick terminar, e n\u00e3o parece que iria querer desistir dele depois de uma temporada.\u201d<\/p>\n<div class=\"o-author-single has-avatar\">\n<header class=\"m-author-card\">\n<div class=\"a-image a-image--square m-author-card__image\">\n\t\t<img decoding=\"async\" class=\"\" src=\"https:\/\/www.boston.com\/wp-content\/uploads\/2023\/05\/Headshot_Conor-645c0406ed6cb-scaled.jpg\" alt=\"Imagem do perfil de Conor Ryan\"\/>\t<\/div>\n<\/header>\n<section class=\"author-info\">\n<div class=\"m-author__section\">\n<p>Conor Ryan \u00e9 redator da equipe que cobre Bruins, Celtics, Patriots e Red Sox para Boston.com, fun\u00e7\u00e3o que ocupa desde 2023.<\/p>\n<\/div>\n<\/section>\n<\/div>\n<div class=\"m-block m-generic-cta\t m-generic-cta--post-content\t m-generic-cta--dark\t m-generic-cta--homepage\t m-generic-cta--email-signup\t\t m-generic-cta-block-style--default \tt-amp__generic-cta\"><\/p>\n<div class=\"m-generic-cta__wrap\">\n<div class=\"m-generic-cta__content\">\n<h3 class=\"m-generic-cta__title\">Boston.com hoje<\/h3>\n<p class=\"m-generic-cta__subtitle\">Inscreva-se para receber as \u00faltimas manchetes em sua caixa de entrada todas as manh\u00e3s.<\/p>\n<\/p><\/div>\n<\/p><\/div>\n<\/div><\/div>\n<p><script>\n\t\tvar consent=\"grant\";\n\t\t\/* The above code is parsing the JSON data from the local storage and storing it in a variable. *\/\n\t\t\t\t\tconst onetrustStorageConsent = JSON.parse(localStorage.getItem( 'consent_one_trust_bdc' ) );\n\t\t\tif ( ( onetrustStorageConsent !== null ) ) {\n\t\t\t\t\/* Checking to see if the user has consented to the use of cookies.\n\t\t\t\t* If they have not, it is deleting the cookie.\n\t\t\t\t* This will comment for now, until further notice.\n\t\t\t\t*\/\n\t\t\t\t\/\/if ( onetrustStorageConsent.C0002 === false ) {\n\t\t\t\t\/\/\tdocument.cookie=\"_fbp=;expires=Thu, 01 Jan 2010 00:00:00 UTC; path=\/; domain=.boston.com\";\n\t\t\t\t\/\/}\n\t\t\t\t\/* Checking if the user has given consent for the cookie C0002.\n\t\t\t\t* If the user has given consent, the variable consent will be set to 'grant'.\n\t\t\t\t* If the user has not given consent,the variable consent will be set to 'revoke'.\n\t\t\t\t* Documentation https:\/\/developers.facebook.com\/docs\/meta-pixel\/implementation\/gdpr\n\t\t\t\t*\/\n\t\t\t\tif ( onetrustStorageConsent.C0002 !== true ) {\n\t\t\t\t\tconsent=\"revoke\";\n\t\t\t\t}\n\t\t\t}\n\t\t\t\t!function(f,b,e,v,n,t,s)\n\t\t{if(f.fbq)return;n=f.fbq=function(){n.callMethod?\n\t\tn.callMethod.apply(n,arguments):n.queue.push(arguments)};\n\t\tif(!f._fbq)f._fbq=n;n.push=n;n.loaded=!0;n.version='2.0';\n\t\tn.queue=[];t=b.createElement(e);t.async=!0;\n\t\tt.src=v;s=b.getElementsByTagName(e)[0];\n\t\ts.parentNode.insertBefore(t,s)}(window, document,'script',\n\t\t'https:\/\/connect.facebook.net\/en_US\/fbevents.js');\n\t\tfbq('consent', consent);\n\t\tfbq('init', '989222871864976');\n\t\tfbq('track', 'PageView');\n\t<\/script><script type=\"module\">\n\t\tvar consent=\"grant\";\n\t\t\/* The above code is parsing the JSON data from the local storage and storing it in a variable. *\/\n\t\t\tconst onetrustStorageConsent = JSON.parse(localStorage.getItem( 'consent_one_trust_bdc' ) );\n\t\t\t\/* Checking to see if the user has consented to the use of cookies.\n\t\t\t* If they have not, it is deleting the cookie.\n\t\t\t* This will comment for now, until further notice.\n\t\t\t*\/\n\t\t\t\/\/if ( onetrustStorageConsent.C0002 === false ) {\n\t\t\t\/\/\tdocument.cookie=\"_fbp=;expires=Thu, 01 Jan 2010 00:00:00 UTC; path=\/; domain=.boston.com\";\n\t\t\t\/\/}\n\t\t\t\/* Checking if the user has given consent for the cookie C0002.\n\t\t\t* If the user has given consent, the variable consent will be set to 'grant'.\n\t\t\t* If the user has not given consent,the variable consent will be set to 'revoke'.\n\t\t\t* Documentation https:\/\/developers.facebook.com\/docs\/meta-pixel\/implementation\/gdpr\n\t\t\t*\/\n\t\t\tif ( ( onetrustStorageConsent !== null ) && (onetrustStorageConsent.C0002 !== true ) ) {\n\t\t\t\tconsent=\"revoke\";\n\t\t\t}\n\t\t\t\t!function(f,b,e,v,n,t,s){if(f.fbq)return;n=f.fbq=function()\n\t\t{n.callMethod? n.callMethod.apply(n,arguments):n.queue.push(arguments)}\n\t\t;if(!f._fbq)f._fbq=n;\n\t\tn.push=n;n.loaded=!0;n.version='2.0';n.queue=[];t=b.createElement(e);t.async=!0;\n\t\tt.src=v;s=b.getElementsByTagName(e)[0];s.parentNode.insertBefore(t,s)}(window,\n\t\tdocument,'script','https:\/\/connect.facebook.net\/en_US\/fbevents.js');\n\t\tfbq('consent', consent);\n\t\tfbq('init', '813236348753005');\n\t\tfbq('track', \"PageView\");\n\t<\/script><br \/>\n<br \/><br \/>\n<br \/><a href=\"https:\/\/www.boston.com\/sports\/new-england-patriots\/2025\/01\/02\/mike-vrabel-nfl-patriots-new-england-jerod-mayo-robert-kraft\/\">Source link <\/a><\/p>","protected":false},"excerpt":{"rendered":"<p>Patriotas \u201cTudo o que estou dizendo \u00e9 que se a vaga for aberta, Vrabel ter\u00e1 que estar no topo da lista de contrata\u00e7\u00f5es previstas.\u201d Mike Vrabel foi introduzido no Hall&hellip;<\/p>","protected":false},"author":1,"featured_media":86590,"comment_status":"closed","ping_status":"open","sticky":false,"template":"","format":"standard","meta":{"content-type":"","footnotes":""},"categories":[1],"tags":[],"class_list":["post-86589","post","type-post","status-publish","format-standard","has-post-thumbnail","hentry","category-uncategorized"],"_links":{"self":[{"href":"https:\/\/tvbrazilusa.com\/pt\/wp-json\/wp\/v2\/posts\/86589","targetHints":{"allow":["GET"]}}],"collection":[{"href":"https:\/\/tvbrazilusa.com\/pt\/wp-json\/wp\/v2\/posts"}],"about":[{"href":"https:\/\/tvbrazilusa.com\/pt\/wp-json\/wp\/v2\/types\/post"}],"author":[{"embeddable":true,"href":"https:\/\/tvbrazilusa.com\/pt\/wp-json\/wp\/v2\/users\/1"}],"replies":[{"embeddable":true,"href":"https:\/\/tvbrazilusa.com\/pt\/wp-json\/wp\/v2\/comments?post=86589"}],"version-history":[{"count":1,"href":"https:\/\/tvbrazilusa.com\/pt\/wp-json\/wp\/v2\/posts\/86589\/revisions"}],"predecessor-version":[{"id":86591,"href":"https:\/\/tvbrazilusa.com\/pt\/wp-json\/wp\/v2\/posts\/86589\/revisions\/86591"}],"wp:featuredmedia":[{"embeddable":true,"href":"https:\/\/tvbrazilusa.com\/pt\/wp-json\/wp\/v2\/media\/86590"}],"wp:attachment":[{"href":"https:\/\/tvbrazilusa.com\/pt\/wp-json\/wp\/v2\/media?parent=86589"}],"wp:term":[{"taxonomy":"category","embeddable":true,"href":"https:\/\/tvbrazilusa.com\/pt\/wp-json\/wp\/v2\/categories?post=86589"},{"taxonomy":"post_tag","embeddable":true,"href":"https:\/\/tvbrazilusa.com\/pt\/wp-json\/wp\/v2\/tags?post=86589"}],"curies":[{"name":"wp","href":"https:\/\/api.w.org\/{rel}","templated":true}]}}