{"id":86600,"date":"2025-01-03T00:24:53","date_gmt":"2025-01-03T00:24:53","guid":{"rendered":"https:\/\/tvbrazilusa.com\/2025\/01\/03\/o-ex-patriots-qb-bailey-zappe-sera-titular-em-seu-novo-time-no-domingo\/"},"modified":"2025-01-03T00:29:01","modified_gmt":"2025-01-03T00:29:01","slug":"o-ex-patriots-qb-bailey-zappe-sera-titular-em-seu-novo-time-no-domingo","status":"publish","type":"post","link":"https:\/\/tvbrazilusa.com\/pt\/2025\/01\/03\/o-ex-patriots-qb-bailey-zappe-sera-titular-em-seu-novo-time-no-domingo\/","title":{"rendered":"O ex-Patriots QB Bailey Zappe ser\u00e1 titular em seu novo time no domingo"},"content":{"rendered":"<p> <script async src=\"https:\/\/pagead2.googlesyndication.com\/pagead\/js\/adsbygoogle.js?client=ca-pub-8864793242727901\"\r\n     crossorigin=\"anonymous\"><\/script><br \/>\n<\/p>\n<div id=\"\">\n<header class=\"m-article-header m-article-header--standard\">\n\t\t\t\t\t\t\t\t\t\t\t\t<span id=\"article-header-primary-term\"><br \/>\n\t\t\t\t\t\t\t\t<a class=\"a-term a-term--primary\" href=\"https:\/\/www.boston.com\/tag\/new-england-patriots\/\"><\/p>\n<p>\t\t\t\t\t\t\t\tPatriotas\t\t\t\t\t\t\t\t<\/a><br \/>\n\t\t\t\t\t\t\t<\/span><\/p>\n<h2 class=\"m-article-header__sub-headline\">Com Deshaun Watson fora e Jameis Winston lidando com uma les\u00e3o no ombro, Cleveland recebe uma dose de Zappe Fever.<\/h2>\n<figure class=\"a-photo m-article-header__photo\"><figcaption class=\"a-photo__caption\">\n<p>\tBailey Zappe<em> Foto AP\/Matt Freed<\/em>\t<\/figcaption><\/figure>\n<\/header>\n<div class=\"m-block t-amp__list-container m-article-list-container m-article-list-container--frame-border a-border-frame  a-list-header__headline--red m-article-list--alternative--default  m-article-list--floated\">\n<ul class=\"t-amp__list a-list--no-style m-article-list m-article-list--recirculation m-article-list--has-images\">\n<li class=\"m-article-list__item m-article-list__item--featured\">\n\t\t\t<a class=\"m-article-list__link-wrapper\" href=\"https:\/\/www.boston.com\/sports\/new-england-patriots\/2025\/01\/02\/mike-vrabel-nfl-patriots-new-england-jerod-mayo-robert-kraft\/?p1=article_recirc_inline_feature\" data-p1=\"article_recirc_inline_feature\"><br \/>\n\t\t\t\t<img fetchpriority=\"high\" decoding=\"async\" width=\"768\" height=\"432\" src=\"https:\/\/bdc2020.o0bc.com\/wp-content\/uploads\/2025\/01\/s3___bgmp-arc_arc-feeds_generic-photos_to-arc_LEE102223patsbills24SPTS-2-6777219fd0ed7-768x432.jpg\" class=\"t-amp__list-image m-article-list__image m-article-list__image--full wp-post-image\" alt=\"O ex-New England Patriots Mike Vrabel est\u00e1 falando em sua cerim\u00f4nia de posse no New England Patriots Hall of Fame com o propriet\u00e1rio Robert Kraft (ao fundo) durante o intervalo contra o Buffalo Bills durante a a\u00e7\u00e3o da NFL no Gillette Stadium.\" aria-hidden=\"true\" srcset=\"https:\/\/bdc2020.o0bc.com\/wp-content\/uploads\/2025\/01\/s3___bgmp-arc_arc-feeds_generic-photos_to-arc_LEE102223patsbills24SPTS-2-6777219fd0ed7-768x432.jpg?width=200 200w, https:\/\/bdc2020.o0bc.com\/wp-content\/uploads\/2025\/01\/s3___bgmp-arc_arc-feeds_generic-photos_to-arc_LEE102223patsbills24SPTS-2-6777219fd0ed7-768x432.jpg?width=300 300w, https:\/\/bdc2020.o0bc.com\/wp-content\/uploads\/2025\/01\/s3___bgmp-arc_arc-feeds_generic-photos_to-arc_LEE102223patsbills24SPTS-2-6777219fd0ed7-768x432.jpg?width=400 400w, https:\/\/bdc2020.o0bc.com\/wp-content\/uploads\/2025\/01\/s3___bgmp-arc_arc-feeds_generic-photos_to-arc_LEE102223patsbills24SPTS-2-6777219fd0ed7-768x432.jpg?width=500 500w, https:\/\/bdc2020.o0bc.com\/wp-content\/uploads\/2025\/01\/s3___bgmp-arc_arc-feeds_generic-photos_to-arc_LEE102223patsbills24SPTS-2-6777219fd0ed7-768x432.jpg?width=600 600w, https:\/\/bdc2020.o0bc.com\/wp-content\/uploads\/2025\/01\/s3___bgmp-arc_arc-feeds_generic-photos_to-arc_LEE102223patsbills24SPTS-2-6777219fd0ed7-768x432.jpg?width=700 700w, https:\/\/bdc2020.o0bc.com\/wp-content\/uploads\/2025\/01\/s3___bgmp-arc_arc-feeds_generic-photos_to-arc_LEE102223patsbills24SPTS-2-6777219fd0ed7-768x432.jpg?width=800 800w, https:\/\/bdc2020.o0bc.com\/wp-content\/uploads\/2025\/01\/s3___bgmp-arc_arc-feeds_generic-photos_to-arc_LEE102223patsbills24SPTS-2-6777219fd0ed7-768x432.jpg?width=900 900w\" sizes=\"(max-width: 768px) 100vw, 768px\"\/>\t\t\t\t\t<\/p>\n<p><h4 class=\"m-article-list__headline t-amp__list-headline\">\n\t\t\t\t\t\t\t<span class=\"m-article-list__link a-link a-link--inline a-link--text-link a-link--text-link-dark\"><\/p>\n<p>\t\t\t\t\t\t\tInsiders da NFL: Mike Vrabel \u00e9 um &#8216;ajuste natural&#8217; para treinar Patriots\t\t\t\t\t\t\t<\/span><br \/>\n\t\t\t\t\t\t<\/h4>\n<\/p>\n<p>\t\t\t\t<\/a>\n\t\t\t<\/li>\n<li class=\"m-article-list__item\">\n\t\t\t\t\t<a class=\"m-article-list__link-wrapper\" href=\"https:\/\/www.boston.com\/sports\/new-england-patriots\/2025\/01\/02\/drake-maye-starts-week-18-buffalo-bills-new-england-patriots-injury\/?p1=article_recirc_inline_feed\" data-p1=\"article_recirc_inline_feed\"><\/p>\n<p><h4 class=\"m-article-list__headline\">\n\t\t\t\t\t\t\t\t\t<span class=\"m-article-list__link a-link a-link--inline a-link--text-link a-link--text-link-dark\"><\/p>\n<p>\t\t\t\t\t\t\t\t\tDrake Maye deve come\u00e7ar a final da temporada do Patriots contra o Bills\t\t\t\t\t\t\t\t\t<\/span><br \/>\n\t\t\t\t\t\t\t\t<\/h4>\n<\/p>\n<p>\t\t\t\t\t\t<\/a>\n\t\t\t\t\t<\/li>\n<\/ul>\n<\/div>\n<p><a href=\"https:\/\/www.espn.com\/nfl\/player\/_\/id\/4250360\/bailey-zappe\">Bailey Zappe,<\/a> que foi titular em seis jogos pelo Patriots no ano passado, far\u00e1 sua primeira partida de temporada pelo Cleveland Browns no domingo. <\/p>\n<p>O <a href=\"https:\/\/www.boston.com\/sports\/new-england-patriots\/2024\/08\/28\/jerod-mayo-explains-why-patriots-cut-bailey-zappe\/\">Patriotas cortam Zappe <\/a>em agosto, e os Chiefs o contrataram para seu time de treino logo depois. Ent\u00e3o, os Browns o retiraram do time de treino do Chiefs no m\u00eas passado.<\/p>\n<p>Deshaun Watson, que come\u00e7ou o ano como zagueiro titular do Cleveland, sofreu uma les\u00e3o no tend\u00e3o de Aquiles no final da temporada em outubro. <\/p>\n<p>Jameis Winston, que estava apoiando Watson, perdeu os \u00faltimos dois jogos devido a uma les\u00e3o no ombro e deve ser o terceiro quarterback de emerg\u00eancia do Cleveland no domingo, de acordo com a ESPN. Dorian Thompson Robinson, que come\u00e7ou os jogos perdidos por Winston, n\u00e3o jogou bem o suficiente para manter o cargo. <\/p>\n<p>Os Browns agora est\u00e3o recorrendo a Zappe, que fez 4-4 como titular em duas temporadas com os Patriots. Seu segundo in\u00edcio de carreira foi uma vit\u00f3ria por 38-15 na Nova Inglaterra sobre os Browns. Ele fez 24-34 para 309 jardas, um par de touchdowns e nenhuma intercepta\u00e7\u00e3o naquele jogo.<\/p>\n<p>O desempenho de Zappe subiu e desceu ao longo dos primeiros tr\u00eas anos de sua carreira. Ele tem 127 de 212 como passador, com 11 touchdowns contra 12 intercepta\u00e7\u00f5es. Ele assumiu por <a href=\"http:\/\/boston.com\/tag\/mac-jones\">Mac Jones<\/a> na \u00faltima temporada, depois que a escolha anterior do primeiro turno foi eliminada v\u00e1rias vezes.<\/p>\n<p>Zappe liderou os Patriots em vit\u00f3rias sobre Broncos e Steelers na temporada passada, mas terminou a temporada com um recorde de 2-4. <\/p>\n<p><a href=\"https:\/\/www.espn.com\/nfl\/story\/_\/id\/43262007\/sources-browns-start-qb-bailey-zappe-vs-ravens\">De acordo com a ESPN,<\/a> Zappe \u00e9 o 40\u00ba quarterback titular dos Browns desde 1999, o maior n\u00famero da NFL.<\/p>\n<p>A largada ser\u00e1 a primeira apari\u00e7\u00e3o de Zappe na temporada. Os Browns enfrentar\u00e3o os Ravens no domingo \u00e0s 4h30 em Baltimore. Cleveland (3-13) est\u00e1 em um empate a quatro com os Patriots, Titans e Giants pelo pior recorde da NFL. <\/p>\n<p>Como os Patriots tiveram a for\u00e7a de calend\u00e1rio mais fraca entre os times com os quais est\u00e3o empatados, o New England pode garantir a escolha geral n\u00famero 1 no Draft da NFL de 2025 com uma derrota para o Buffalo no domingo. <\/p>\n<div class=\"o-author-single has-avatar\">\n<header class=\"m-author-card\">\n<div class=\"a-image a-image--square m-author-card__image\">\n\t\t<img decoding=\"async\" class=\"\" src=\"https:\/\/www.boston.com\/wp-content\/uploads\/2024\/10\/cropped-Screen-Shot-2024-01-26-at-4.59.30-PM-6706db53ae1d7-6706dcbabfba0-242x242.png\" alt=\"Imagem do perfil de Khari A. Thompson\"\/>\t<\/div>\n<div class=\"m-author-card__text\">\n<h3 class=\"m-author-card__title\"><a href=\"https:\/\/www.boston.com\/author\/kharia-thompson\">Khari A. Thompson<\/a><\/h3>\n<p><span class=\"m-author-card__subtitle\">Rep\u00f3rter Esportivo<\/span>\t<\/div>\n<\/header>\n<section class=\"author-info\">\n<div class=\"m-author__section\">\n<p>Khari Thompson cobre esportes profissionais para Boston.com. Antes de ingressar no time em 2022, Khari cobriu futebol universit\u00e1rio para o The Clarion Ledger em Jackson, Mississipi.<\/p>\n<\/div>\n<\/section>\n<\/div>\n<div class=\"m-block m-generic-cta\t m-generic-cta--post-content\t m-generic-cta--dark\t m-generic-cta--homepage\t m-generic-cta--email-signup\t\t m-generic-cta-block-style--default \tt-amp__generic-cta\"><\/p>\n<div class=\"m-generic-cta__wrap\">\n<div class=\"m-generic-cta__content\">\n<h3 class=\"m-generic-cta__title\">Inscreva-se para receber atualiza\u00e7\u00f5es do Patriots\ud83c\udfc8<\/h3>\n<p class=\"m-generic-cta__subtitle\">Receba as \u00faltimas not\u00edcias e an\u00e1lises em sua caixa de entrada durante a temporada de futebol.<\/p>\n<\/p><\/div>\n<\/p><\/div>\n<\/div><\/div>\n<p><script>\n\t\tvar consent=\"grant\";\n\t\t\/* The above code is parsing the JSON data from the local storage and storing it in a variable. *\/\n\t\t\t\t\tconst onetrustStorageConsent = JSON.parse(localStorage.getItem( 'consent_one_trust_bdc' ) );\n\t\t\tif ( ( onetrustStorageConsent !== null ) ) {\n\t\t\t\t\/* Checking to see if the user has consented to the use of cookies.\n\t\t\t\t* If they have not, it is deleting the cookie.\n\t\t\t\t* This will comment for now, until further notice.\n\t\t\t\t*\/\n\t\t\t\t\/\/if ( onetrustStorageConsent.C0002 === false ) {\n\t\t\t\t\/\/\tdocument.cookie=\"_fbp=;expires=Thu, 01 Jan 2010 00:00:00 UTC; path=\/; domain=.boston.com\";\n\t\t\t\t\/\/}\n\t\t\t\t\/* Checking if the user has given consent for the cookie C0002.\n\t\t\t\t* If the user has given consent, the variable consent will be set to 'grant'.\n\t\t\t\t* If the user has not given consent,the variable consent will be set to 'revoke'.\n\t\t\t\t* Documentation https:\/\/developers.facebook.com\/docs\/meta-pixel\/implementation\/gdpr\n\t\t\t\t*\/\n\t\t\t\tif ( onetrustStorageConsent.C0002 !== true ) {\n\t\t\t\t\tconsent=\"revoke\";\n\t\t\t\t}\n\t\t\t}\n\t\t\t\t!function(f,b,e,v,n,t,s)\n\t\t{if(f.fbq)return;n=f.fbq=function(){n.callMethod?\n\t\tn.callMethod.apply(n,arguments):n.queue.push(arguments)};\n\t\tif(!f._fbq)f._fbq=n;n.push=n;n.loaded=!0;n.version='2.0';\n\t\tn.queue=[];t=b.createElement(e);t.async=!0;\n\t\tt.src=v;s=b.getElementsByTagName(e)[0];\n\t\ts.parentNode.insertBefore(t,s)}(window, document,'script',\n\t\t'https:\/\/connect.facebook.net\/en_US\/fbevents.js');\n\t\tfbq('consent', consent);\n\t\tfbq('init', '989222871864976');\n\t\tfbq('track', 'PageView');\n\t<\/script><script type=\"module\">\n\t\tvar consent=\"grant\";\n\t\t\/* The above code is parsing the JSON data from the local storage and storing it in a variable. *\/\n\t\t\tconst onetrustStorageConsent = JSON.parse(localStorage.getItem( 'consent_one_trust_bdc' ) );\n\t\t\t\/* Checking to see if the user has consented to the use of cookies.\n\t\t\t* If they have not, it is deleting the cookie.\n\t\t\t* This will comment for now, until further notice.\n\t\t\t*\/\n\t\t\t\/\/if ( onetrustStorageConsent.C0002 === false ) {\n\t\t\t\/\/\tdocument.cookie=\"_fbp=;expires=Thu, 01 Jan 2010 00:00:00 UTC; path=\/; domain=.boston.com\";\n\t\t\t\/\/}\n\t\t\t\/* Checking if the user has given consent for the cookie C0002.\n\t\t\t* If the user has given consent, the variable consent will be set to 'grant'.\n\t\t\t* If the user has not given consent,the variable consent will be set to 'revoke'.\n\t\t\t* Documentation https:\/\/developers.facebook.com\/docs\/meta-pixel\/implementation\/gdpr\n\t\t\t*\/\n\t\t\tif ( ( onetrustStorageConsent !== null ) && (onetrustStorageConsent.C0002 !== true ) ) {\n\t\t\t\tconsent=\"revoke\";\n\t\t\t}\n\t\t\t\t!function(f,b,e,v,n,t,s){if(f.fbq)return;n=f.fbq=function()\n\t\t{n.callMethod? n.callMethod.apply(n,arguments):n.queue.push(arguments)}\n\t\t;if(!f._fbq)f._fbq=n;\n\t\tn.push=n;n.loaded=!0;n.version='2.0';n.queue=[];t=b.createElement(e);t.async=!0;\n\t\tt.src=v;s=b.getElementsByTagName(e)[0];s.parentNode.insertBefore(t,s)}(window,\n\t\tdocument,'script','https:\/\/connect.facebook.net\/en_US\/fbevents.js');\n\t\tfbq('consent', consent);\n\t\tfbq('init', '813236348753005');\n\t\tfbq('track', \"PageView\");\n\t<\/script><br \/>\n<br \/><br \/>\n<br \/><a href=\"https:\/\/www.boston.com\/sports\/new-england-patriots\/2025\/01\/02\/ex-patriots-qb-bailey-zappe-will-start-for-his-new-team-on-sunday\/\">Source link <\/a><\/p>","protected":false},"excerpt":{"rendered":"<p>Patriotas Com Deshaun Watson fora e Jameis Winston lidando com uma les\u00e3o no ombro, Cleveland recebe uma dose de Zappe Fever. Bailey Zappe Foto AP\/Matt Freed Insiders da NFL: Mike&hellip;<\/p>","protected":false},"author":1,"featured_media":86601,"comment_status":"closed","ping_status":"open","sticky":false,"template":"","format":"standard","meta":{"content-type":"","footnotes":""},"categories":[1],"tags":[],"class_list":["post-86600","post","type-post","status-publish","format-standard","has-post-thumbnail","hentry","category-uncategorized"],"_links":{"self":[{"href":"https:\/\/tvbrazilusa.com\/pt\/wp-json\/wp\/v2\/posts\/86600","targetHints":{"allow":["GET"]}}],"collection":[{"href":"https:\/\/tvbrazilusa.com\/pt\/wp-json\/wp\/v2\/posts"}],"about":[{"href":"https:\/\/tvbrazilusa.com\/pt\/wp-json\/wp\/v2\/types\/post"}],"author":[{"embeddable":true,"href":"https:\/\/tvbrazilusa.com\/pt\/wp-json\/wp\/v2\/users\/1"}],"replies":[{"embeddable":true,"href":"https:\/\/tvbrazilusa.com\/pt\/wp-json\/wp\/v2\/comments?post=86600"}],"version-history":[{"count":1,"href":"https:\/\/tvbrazilusa.com\/pt\/wp-json\/wp\/v2\/posts\/86600\/revisions"}],"predecessor-version":[{"id":86602,"href":"https:\/\/tvbrazilusa.com\/pt\/wp-json\/wp\/v2\/posts\/86600\/revisions\/86602"}],"wp:featuredmedia":[{"embeddable":true,"href":"https:\/\/tvbrazilusa.com\/pt\/wp-json\/wp\/v2\/media\/86601"}],"wp:attachment":[{"href":"https:\/\/tvbrazilusa.com\/pt\/wp-json\/wp\/v2\/media?parent=86600"}],"wp:term":[{"taxonomy":"category","embeddable":true,"href":"https:\/\/tvbrazilusa.com\/pt\/wp-json\/wp\/v2\/categories?post=86600"},{"taxonomy":"post_tag","embeddable":true,"href":"https:\/\/tvbrazilusa.com\/pt\/wp-json\/wp\/v2\/tags?post=86600"}],"curies":[{"name":"wp","href":"https:\/\/api.w.org\/{rel}","templated":true}]}}