{"id":86612,"date":"2025-01-03T01:00:57","date_gmt":"2025-01-03T01:00:57","guid":{"rendered":"https:\/\/tvbrazilusa.com\/2025\/01\/03\/mais-de-17-mil-pessoas-seguem-presas-na-venezuela-por-protestarem-contra-a-fraude-de-maduro\/"},"modified":"2025-01-03T01:01:00","modified_gmt":"2025-01-03T01:01:00","slug":"mais-de-17-mil-pessoas-seguem-presas-na-venezuela-por-protestarem-contra-a-fraude-de-maduro","status":"publish","type":"post","link":"https:\/\/tvbrazilusa.com\/pt\/2025\/01\/03\/mais-de-17-mil-pessoas-seguem-presas-na-venezuela-por-protestarem-contra-a-fraude-de-maduro\/","title":{"rendered":"Mais de 1,7 mil pessoas seguem presas na Venezuela por protestarem contra a fraude de Maduro"},"content":{"rendered":"<p> <script async src=\"https:\/\/pagead2.googlesyndication.com\/pagead\/js\/adsbygoogle.js?client=ca-pub-8864793242727901\"\r\n     crossorigin=\"anonymous\"><\/script><br \/>\n<\/p>\n<div>\n<figure class=\"post-image\">\n<\/figure>\n<p>            <span style=\"font-size: 12px\">Foto:EFE\/Imprensa do Pal\u00e1cio de Miraflores<\/span><\/p>\n<p>            <!-- end metas --><br \/>\n            <!-- ADS --><\/p>\n<div id=\"taboola-read-more\" style=\"display:block; width:100%\">\n<p>A ONG Foro Penal divulgou na ter\u00e7a-feira (31) o \u00faltimo levantamento do ano sobre repress\u00e3o na Venezuela onde apontou que 1.794 pessoas permanecem detidas no pa\u00eds como presos pol\u00edticos. De acordo com a organiza\u00e7\u00e3o, a maior parte dessas pessoas foram presas durante protestos contra a fraude eleitoral do ditador Nicol\u00e1s Maduro, em julho de 2024.\n<\/p>\n<p>Segundo o Foro Penal, do total de presos pol\u00edticos, 1.589 s\u00e3o homens e 205 mulheres. Entre eles, 1.632 s\u00e3o civis e 162 pertencem \u00e0s For\u00e7as Armadas. H\u00e1 ainda menores de idade entre os presos, com idades entre 14 e 17 anos.<\/p>\n<p>Os n\u00fameros divulgados refletem a profundidade da crise pol\u00edtica e de direitos humanos na Venezuela. Segundo dados do pr\u00f3prio regime chavista, cerca de 2,4 mil pessoas foram detidas ap\u00f3s as elei\u00e7\u00f5es. Em sua contagem, a ONG Foro Penal exclui casos considerados como crimes comuns ou que n\u00e3o foram denunciados formalmente por familiares.\n<\/p>\n<p>A ditadura venezuelana anunciou em dezembro que tinha libertado cerca de 1.369 presos pol\u00edticos durante o chamado \u201cprocesso permanente de revis\u00e3o de casos\u201d. No entanto, cr\u00edticas surgiram quanto \u00e0s condi\u00e7\u00f5es impostas aos libertados. A ONG Comit\u00ea pela Liberdade dos Presos Pol\u00edticos denunciou que muitos deles foram obrigados a assinar declara\u00e7\u00f5es alegando que seus direitos humanos foram respeitados.\n<\/p>\n<div>\n<p class=\"postParagraph_post-paragraph__juWZN\">\u201cSem essa assinatura, os tribunais n\u00e3o emitem as ordens de liberdade\u201d, alertou a entidade.\n<\/p>\n<\/div><\/div>\n<p>                        <!-- Scripts para conteudo --><\/p>\n<p>            <!-- .\/Scripts para conteudo --><br \/>\n            <!-- .\/Mat\u00e9ria --><\/p>\n<div class=\"row mt-3\">\n<div class=\"col-sm-6\">\n                <!-- Whatsapp channel 3--><br \/>\n                <a href=\"https:\/\/chat.whatsapp.com\/B8Qy6Erx4kb6yTzj3kaDco\" target=\"_blank\"><br \/>\n                  <img decoding=\"async\" src=\"https:\/\/diariodobrasilnoticias.com.br\/assets-site\/images\/bot_whatsapp.png\"\/><\/a>\n              <\/div>\n<div class=\"col-sm-6\">\n                <a href=\"https:\/\/t.me\/+_4gTmi5LKo03OTM5\" target=\"_blank\"><br \/>\n                  <img decoding=\"async\" src=\"https:\/\/diariodobrasilnoticias.com.br\/assets-site\/images\/bot_telegram.png\"\/><\/a>\n              <\/div>\n<\/p><\/div>\n<p>            <!-- end post-navigation --><\/p>\n<p>              <!-- end row --><\/p>\n<p>              <!-- end col-12-->\n                      <\/div>\n<p><br \/>\n<br \/><a href=\"https:\/\/diariodobrasilnoticias.com.br\/noticia\/mais-de-1-7-mil-pessoas-seguem-presas-na-venezuela-por-protestarem-contra-a-fraude-de-maduro-677711cde2384\">Source link <\/a><\/p>","protected":false},"excerpt":{"rendered":"<p>Foto:EFE\/Imprensa do Pal\u00e1cio de Miraflores A ONG Foro Penal divulgou na ter\u00e7a-feira (31) o \u00faltimo levantamento do ano sobre repress\u00e3o na Venezuela onde apontou que 1.794 pessoas permanecem detidas no&hellip;<\/p>","protected":false},"author":1,"featured_media":86613,"comment_status":"closed","ping_status":"open","sticky":false,"template":"","format":"standard","meta":{"content-type":"","footnotes":""},"categories":[16],"tags":[123,2448,5313,1267],"class_list":["post-86612","post","type-post","status-publish","format-standard","has-post-thumbnail","hentry","category-noticias","tag-brasil","tag-diario","tag-noticia","tag-noticias"],"_links":{"self":[{"href":"https:\/\/tvbrazilusa.com\/pt\/wp-json\/wp\/v2\/posts\/86612","targetHints":{"allow":["GET"]}}],"collection":[{"href":"https:\/\/tvbrazilusa.com\/pt\/wp-json\/wp\/v2\/posts"}],"about":[{"href":"https:\/\/tvbrazilusa.com\/pt\/wp-json\/wp\/v2\/types\/post"}],"author":[{"embeddable":true,"href":"https:\/\/tvbrazilusa.com\/pt\/wp-json\/wp\/v2\/users\/1"}],"replies":[{"embeddable":true,"href":"https:\/\/tvbrazilusa.com\/pt\/wp-json\/wp\/v2\/comments?post=86612"}],"version-history":[{"count":1,"href":"https:\/\/tvbrazilusa.com\/pt\/wp-json\/wp\/v2\/posts\/86612\/revisions"}],"predecessor-version":[{"id":86614,"href":"https:\/\/tvbrazilusa.com\/pt\/wp-json\/wp\/v2\/posts\/86612\/revisions\/86614"}],"wp:featuredmedia":[{"embeddable":true,"href":"https:\/\/tvbrazilusa.com\/pt\/wp-json\/wp\/v2\/media\/86613"}],"wp:attachment":[{"href":"https:\/\/tvbrazilusa.com\/pt\/wp-json\/wp\/v2\/media?parent=86612"}],"wp:term":[{"taxonomy":"category","embeddable":true,"href":"https:\/\/tvbrazilusa.com\/pt\/wp-json\/wp\/v2\/categories?post=86612"},{"taxonomy":"post_tag","embeddable":true,"href":"https:\/\/tvbrazilusa.com\/pt\/wp-json\/wp\/v2\/tags?post=86612"}],"curies":[{"name":"wp","href":"https:\/\/api.w.org\/{rel}","templated":true}]}}