{"id":86618,"date":"2025-01-03T00:58:03","date_gmt":"2025-01-03T00:58:03","guid":{"rendered":"https:\/\/tvbrazilusa.com\/2025\/01\/03\/bill-belichick-chama-a-serie-documental-de-the-dynasty-de-assado\/"},"modified":"2025-01-03T01:05:20","modified_gmt":"2025-01-03T01:05:20","slug":"bill-belichick-chama-a-serie-documental-de-the-dynasty-de-assado","status":"publish","type":"post","link":"https:\/\/tvbrazilusa.com\/pt\/2025\/01\/03\/bill-belichick-chama-a-serie-documental-de-the-dynasty-de-assado\/","title":{"rendered":"Bill Belichick chama a s\u00e9rie documental de &#8216;The Dynasty&#8217; de &#8216;assado&#8217;"},"content":{"rendered":"<p> <script async src=\"https:\/\/pagead2.googlesyndication.com\/pagead\/js\/adsbygoogle.js?client=ca-pub-8864793242727901\"\r\n     crossorigin=\"anonymous\"><\/script><br \/>\n<\/p>\n<div id=\"\">\n<header class=\"m-article-header m-article-header--standard\">\n\t\t\t\t\t\t\t\t\t\t\t\t<span id=\"article-header-primary-term\"><br \/>\n\t\t\t\t\t\t\t\t<a class=\"a-term a-term--primary\" href=\"https:\/\/www.boston.com\/tag\/new-england-patriots\/\"><\/p>\n<p>\t\t\t\t\t\t\t\tPatriotas\t\t\t\t\t\t\t\t<\/a><br \/>\n\t\t\t\t\t\t\t<\/span><\/p>\n<h2 class=\"m-article-header__sub-headline\">Esta est\u00e1 longe de ser a primeira vez que Belichick filma a s\u00e9rie documental da Apple TV + \u201cThe Dynasty\u201d.<\/h2>\n<figure class=\"a-photo m-article-header__photo\"><figcaption class=\"a-photo__caption\">\n<p>\tBill Belichick n\u00e3o \u00e9 f\u00e3 da s\u00e9rie documental \u201cThe Dynasty\u201d. <em> Foto de Maddie Meyer\/Getty Images<\/em>\t<\/figcaption><\/figure>\n<\/header>\n<p>\u201cThe Dynasty\u201d \u2013 a s\u00e9rie documental da Apple TV+ que narrou a trajet\u00f3ria de duas d\u00e9cadas dos Patriots \u2013 <a target=\"_blank\" href=\"https:\/\/www.boston.com\/community\/readers-say\/what-readers-thought-about-the-dynasty-docuseries\/\" rel=\"noreferrer noopener\">n\u00e3o foi exatamente recebido calorosamente pelos f\u00e3s dos Patriots. <\/a><\/p>\n<p>Al\u00e9m do foco limitado nos tr\u00eas primeiros t\u00edtulos do Super Bowl da Nova Inglaterra, a inclina\u00e7\u00e3o negativa distribu\u00edda contra Bill Belichick atraiu cr\u00edticas tanto de f\u00e3s quanto de ex-jogadores &#8211; especialmente devido ao papel fundamental de Belichick na orquestra\u00e7\u00e3o da maior dinastia da hist\u00f3ria da NFL.<\/p>\n<p>\u201cBill era um \u00f3timo treinador,\u201d<a target=\"_blank\" href=\"https:\/\/www.boston.com\/sports\/new-england-patriots\/2024\/03\/19\/devin-mccourty-rodney-harrison-react-felt-like-he-was-duped-by-the-dynasty-docuseries\/\" rel=\"noreferrer noopener\"> Rodney Harrison disse que a s\u00e9rie omitiu v\u00e1rios aspectos positivos da temporada de 24 anos de Belichick em Foxborough<\/a>. \u201cEles agem como nos \u00faltimos tr\u00eas ou quatro anos, porque os Patriots tiveram dificuldades, e Bill n\u00e3o pode treinar. <\/p>\n<p>\u201cVoc\u00ea me d\u00e1 um jogo e me d\u00e1 os Xs e Os de Bill, eu o assumirei em vez de qualquer um. . . Eu simplesmente n\u00e3o gostei da maneira como ele foi interpretado. . . . S\u00f3 n\u00e3o acho que ele recebeu cr\u00e9dito suficiente, respeito suficiente, apoio suficiente. Cara, esse cara \u00e9 o maior treinador de todos os tempos.\u201d<\/p>\n<p>Em um desenvolvimento nada chocante, o pr\u00f3prio Belichick tamb\u00e9m n\u00e3o era exatamente um f\u00e3 da s\u00e9rie de 10 epis\u00f3dios. <\/p>\n<p>\u201cVoc\u00ea e Tom Brady tendo aquela reuni\u00e3o semanal \u00e9 meio lend\u00e1rio\u201d, disse Pat McAfee a Belichick durante a apari\u00e7\u00e3o semanal do ex-t\u00e9cnico dos Patriots em seu programa da ESPN. \u201cH\u00e1 cenas de Do You Job I, Do You Job II, Do You Job III, n\u00e3o sei quantos desses document\u00e1rios temos.\u201d<\/p>\n<p>\u201cO outro document\u00e1rio, como voc\u00ea lembra, \u00e9 um assado, esse eu n\u00e3o contaria\u201d, respondeu Belichick, numa clara refer\u00eancia a \u201cThe Dynasty\u201d. <\/p>\n<figure class=\"wp-block-embed is-type-rich is-provider-twitter wp-block-embed-twitter\"\/>\n<p>Esta est\u00e1 longe de ser a primeira vez que Belichick atira na s\u00e9rie. Durante sua apari\u00e7\u00e3o no Netflix de Tom Brady em maio, Belichick come\u00e7ou com uma piada sobre o document\u00e1rio dos Patriots. <\/p>\n<p>\u201c\u00c9 uma honra participar de The Roast of Tom Brady na Netflix\u201d, Belichick<a target=\"_blank\" href=\"https:\/\/awfulannouncing.com\/apple\/bill-belichick-fires-back-the-dynasty-tom-brady-roast.html\" rel=\"noreferrer noopener\"> disse perto do in\u00edcio de sua apari\u00e7\u00e3o no especial.<\/a> \u201cN\u00e3o deve ser confundido com o assado de Bill Belichick durante a s\u00e9rie de 10 partes da Apple TV.\u201d<\/p>\n<p>Harrison foi um dos muitos ex-Patriotas a atestar Belichick assim que o document\u00e1rio foi lan\u00e7ado, com Devin McCourty <a target=\"_blank\" href=\"https:\/\/www.boston.com\/sports\/new-england-patriots\/2024\/03\/19\/devin-mccourty-rodney-harrison-react-felt-like-he-was-duped-by-the-dynasty-docuseries\/\" rel=\"noreferrer noopener\">admitindo que se sentiu \u201cenganado\u201d<\/a> depois de apenas um pequeno segmento de sua entrevista de horas de dura\u00e7\u00e3o para a s\u00e9rie ser usado.<\/p>\n<p>\u201cEu assisti e pensei, cara, as \u00fanicas coisas que eu disse que poderiam parecer negativas para Bill foram as \u00fanicas [used]\u201d, <a target=\"_blank\" href=\"https:\/\/www.boston.com\/sports\/new-england-patriots\/2024\/03\/19\/devin-mccourty-rodney-harrison-react-felt-like-he-was-duped-by-the-dynasty-docuseries\/\" rel=\"noreferrer noopener\">McCourty disse.<\/a><\/p>\n<p>\u201cTipo, quero dizer, eu tinha diferentes tipos de frases r\u00e1pidas sobre as coisas, mas a coisa mais longa sobre a qual falei foi 2016 com Trump e a carta [Belichick sent in support of his candidacy for president]. E pensei que essa era provavelmente a pior parte. Que tudo o que todos n\u00f3s demos aos 20 anos que abrangeu s\u00f3 atingiu o que foi negativo.\u201d<\/p>\n<p>O retrato negativo de Belichick em \u201cThe Dynasty\u201d prejudicou a candidatura de Robert Kraft ao Hall da Fama do Futebol Profissional, <a target=\"_blank\" href=\"https:\/\/www.boston.com\/sports\/new-england-patriots\/2024\/09\/11\/robert-kraft-nfl-pro-football-hall-of-fame-espn-vote-campaign-induction\/\" rel=\"noreferrer noopener\">de acordo com Don Van Natta Jr. da ESPN. <\/a><\/p>\n<p>\u201cAmbos os projetos retratavam Kraft gerenciando habilmente os egos de dois grandes nomes de todos os tempos, o t\u00e9cnico Bill Belichick e o quarterback Tom Brady, para manter a banda de sucessos unida pelo maior tempo poss\u00edvel\u201d, escreveu Van Natta. \u201cAlguns eleitores disseram \u00e0 ESPN que acreditam que ambos os projetos tinham como objetivo estimular a candidatura da Kraft ao Hall da Fama. <\/p>\n<p>\u201cUm porta-voz dos Patriots negou veementemente que os projetos fizessem parte de qualquer esfor\u00e7o para levar a Kraft para Canton. E no inverno passado, Kraft disse que n\u00e3o teve influ\u00eancia na documenta\u00e7\u00e3o e ficou \u201cdecepcionado\u201d com o filme.<\/p>\n<p>Apesar dos coment\u00e1rios de Kraft, Van Natta escreveu em sua hist\u00f3ria \u2013 citando documentos obtidos pela ESPN \u2013 que o propriet\u00e1rio dos Patriots det\u00e9m os direitos de cinema e televis\u00e3o do livro \u201cThe Dynasty\u201d, escrito pelo autor Jeff Benedict.<\/p>\n<p>\u201cIsso significa que o livro do aclamado autor Jeff Benedict s\u00f3 poderia ser transformado em filme com a permiss\u00e3o da Kraft. E de acordo com e-mails, documentos e fontes, a Kraft \u00e9 propriet\u00e1ria da documenta\u00e7\u00e3o, licenciou-a para a Apple e buscou controle editorial\u201d, escreveu Van Natta.<\/p>\n<div class=\"o-author-single has-avatar\">\n<header class=\"m-author-card\">\n<div class=\"a-image a-image--square m-author-card__image\">\n\t\t<img decoding=\"async\" class=\"\" src=\"https:\/\/www.boston.com\/wp-content\/uploads\/2023\/05\/Headshot_Conor-645c0406ed6cb-scaled.jpg\" alt=\"Imagem do perfil de Conor Ryan\"\/>\t<\/div>\n<\/header>\n<section class=\"author-info\">\n<div class=\"m-author__section\">\n<p>Conor Ryan \u00e9 redator da equipe que cobre Bruins, Celtics, Patriots e Red Sox para Boston.com, fun\u00e7\u00e3o que ocupa desde 2023.<\/p>\n<\/div>\n<\/section>\n<\/div>\n<div class=\"m-block m-generic-cta\t m-generic-cta--post-content\t m-generic-cta--dark\t m-generic-cta--homepage\t m-generic-cta--email-signup\t\t m-generic-cta-block-style--default \tt-amp__generic-cta\"><\/p>\n<div class=\"m-generic-cta__wrap\">\n<div class=\"m-generic-cta__content\">\n<h3 class=\"m-generic-cta__title\">Boston.com hoje<\/h3>\n<p class=\"m-generic-cta__subtitle\">Inscreva-se para receber as \u00faltimas manchetes em sua caixa de entrada todas as manh\u00e3s.<\/p>\n<\/p><\/div>\n<\/p><\/div>\n<\/div><\/div>\n<p><script>\n\t\tvar consent=\"grant\";\n\t\t\/* The above code is parsing the JSON data from the local storage and storing it in a variable. *\/\n\t\t\t\t\tconst onetrustStorageConsent = JSON.parse(localStorage.getItem( 'consent_one_trust_bdc' ) );\n\t\t\tif ( ( onetrustStorageConsent !== null ) ) {\n\t\t\t\t\/* Checking to see if the user has consented to the use of cookies.\n\t\t\t\t* If they have not, it is deleting the cookie.\n\t\t\t\t* This will comment for now, until further notice.\n\t\t\t\t*\/\n\t\t\t\t\/\/if ( onetrustStorageConsent.C0002 === false ) {\n\t\t\t\t\/\/\tdocument.cookie=\"_fbp=;expires=Thu, 01 Jan 2010 00:00:00 UTC; path=\/; domain=.boston.com\";\n\t\t\t\t\/\/}\n\t\t\t\t\/* Checking if the user has given consent for the cookie C0002.\n\t\t\t\t* If the user has given consent, the variable consent will be set to 'grant'.\n\t\t\t\t* If the user has not given consent,the variable consent will be set to 'revoke'.\n\t\t\t\t* Documentation https:\/\/developers.facebook.com\/docs\/meta-pixel\/implementation\/gdpr\n\t\t\t\t*\/\n\t\t\t\tif ( onetrustStorageConsent.C0002 !== true ) {\n\t\t\t\t\tconsent=\"revoke\";\n\t\t\t\t}\n\t\t\t}\n\t\t\t\t!function(f,b,e,v,n,t,s)\n\t\t{if(f.fbq)return;n=f.fbq=function(){n.callMethod?\n\t\tn.callMethod.apply(n,arguments):n.queue.push(arguments)};\n\t\tif(!f._fbq)f._fbq=n;n.push=n;n.loaded=!0;n.version='2.0';\n\t\tn.queue=[];t=b.createElement(e);t.async=!0;\n\t\tt.src=v;s=b.getElementsByTagName(e)[0];\n\t\ts.parentNode.insertBefore(t,s)}(window, document,'script',\n\t\t'https:\/\/connect.facebook.net\/en_US\/fbevents.js');\n\t\tfbq('consent', consent);\n\t\tfbq('init', '989222871864976');\n\t\tfbq('track', 'PageView');\n\t<\/script><script type=\"module\">\n\t\tvar consent=\"grant\";\n\t\t\/* The above code is parsing the JSON data from the local storage and storing it in a variable. *\/\n\t\t\tconst onetrustStorageConsent = JSON.parse(localStorage.getItem( 'consent_one_trust_bdc' ) );\n\t\t\t\/* Checking to see if the user has consented to the use of cookies.\n\t\t\t* If they have not, it is deleting the cookie.\n\t\t\t* This will comment for now, until further notice.\n\t\t\t*\/\n\t\t\t\/\/if ( onetrustStorageConsent.C0002 === false ) {\n\t\t\t\/\/\tdocument.cookie=\"_fbp=;expires=Thu, 01 Jan 2010 00:00:00 UTC; path=\/; domain=.boston.com\";\n\t\t\t\/\/}\n\t\t\t\/* Checking if the user has given consent for the cookie C0002.\n\t\t\t* If the user has given consent, the variable consent will be set to 'grant'.\n\t\t\t* If the user has not given consent,the variable consent will be set to 'revoke'.\n\t\t\t* Documentation https:\/\/developers.facebook.com\/docs\/meta-pixel\/implementation\/gdpr\n\t\t\t*\/\n\t\t\tif ( ( onetrustStorageConsent !== null ) && (onetrustStorageConsent.C0002 !== true ) ) {\n\t\t\t\tconsent=\"revoke\";\n\t\t\t}\n\t\t\t\t!function(f,b,e,v,n,t,s){if(f.fbq)return;n=f.fbq=function()\n\t\t{n.callMethod? n.callMethod.apply(n,arguments):n.queue.push(arguments)}\n\t\t;if(!f._fbq)f._fbq=n;\n\t\tn.push=n;n.loaded=!0;n.version='2.0';n.queue=[];t=b.createElement(e);t.async=!0;\n\t\tt.src=v;s=b.getElementsByTagName(e)[0];s.parentNode.insertBefore(t,s)}(window,\n\t\tdocument,'script','https:\/\/connect.facebook.net\/en_US\/fbevents.js');\n\t\tfbq('consent', consent);\n\t\tfbq('init', '813236348753005');\n\t\tfbq('track', \"PageView\");\n\t<\/script><br \/>\n<br \/><br \/>\n<br \/><a href=\"https:\/\/www.boston.com\/sports\/new-england-patriots\/2025\/01\/02\/bill-belichick-the-dynasty-new-england-patriots-nfl-robert-kraft-pat-mcafee\/\">Source link <\/a><\/p>","protected":false},"excerpt":{"rendered":"<p>Patriotas Esta est\u00e1 longe de ser a primeira vez que Belichick filma a s\u00e9rie documental da Apple TV + \u201cThe Dynasty\u201d. Bill Belichick n\u00e3o \u00e9 f\u00e3 da s\u00e9rie documental \u201cThe&hellip;<\/p>","protected":false},"author":1,"featured_media":86619,"comment_status":"closed","ping_status":"open","sticky":false,"template":"","format":"standard","meta":{"content-type":"","footnotes":""},"categories":[1],"tags":[],"class_list":["post-86618","post","type-post","status-publish","format-standard","has-post-thumbnail","hentry","category-uncategorized"],"_links":{"self":[{"href":"https:\/\/tvbrazilusa.com\/pt\/wp-json\/wp\/v2\/posts\/86618","targetHints":{"allow":["GET"]}}],"collection":[{"href":"https:\/\/tvbrazilusa.com\/pt\/wp-json\/wp\/v2\/posts"}],"about":[{"href":"https:\/\/tvbrazilusa.com\/pt\/wp-json\/wp\/v2\/types\/post"}],"author":[{"embeddable":true,"href":"https:\/\/tvbrazilusa.com\/pt\/wp-json\/wp\/v2\/users\/1"}],"replies":[{"embeddable":true,"href":"https:\/\/tvbrazilusa.com\/pt\/wp-json\/wp\/v2\/comments?post=86618"}],"version-history":[{"count":1,"href":"https:\/\/tvbrazilusa.com\/pt\/wp-json\/wp\/v2\/posts\/86618\/revisions"}],"predecessor-version":[{"id":86620,"href":"https:\/\/tvbrazilusa.com\/pt\/wp-json\/wp\/v2\/posts\/86618\/revisions\/86620"}],"wp:featuredmedia":[{"embeddable":true,"href":"https:\/\/tvbrazilusa.com\/pt\/wp-json\/wp\/v2\/media\/86619"}],"wp:attachment":[{"href":"https:\/\/tvbrazilusa.com\/pt\/wp-json\/wp\/v2\/media?parent=86618"}],"wp:term":[{"taxonomy":"category","embeddable":true,"href":"https:\/\/tvbrazilusa.com\/pt\/wp-json\/wp\/v2\/categories?post=86618"},{"taxonomy":"post_tag","embeddable":true,"href":"https:\/\/tvbrazilusa.com\/pt\/wp-json\/wp\/v2\/tags?post=86618"}],"curies":[{"name":"wp","href":"https:\/\/api.w.org\/{rel}","templated":true}]}}