{"id":86630,"date":"2025-01-03T01:30:34","date_gmt":"2025-01-03T01:30:34","guid":{"rendered":"https:\/\/tvbrazilusa.com\/2025\/01\/03\/disney-abandonara-agenda-woke-diz-ceo-da-empresa\/"},"modified":"2025-01-03T01:30:35","modified_gmt":"2025-01-03T01:30:35","slug":"disney-abandonara-agenda-woke-diz-ceo-da-empresa","status":"publish","type":"post","link":"https:\/\/tvbrazilusa.com\/pt\/2025\/01\/03\/disney-abandonara-agenda-woke-diz-ceo-da-empresa\/","title":{"rendered":"Disney abandonar\u00e1 agenda Woke, diz CEO da empresa"},"content":{"rendered":"<p> <script async src=\"https:\/\/pagead2.googlesyndication.com\/pagead\/js\/adsbygoogle.js?client=ca-pub-8864793242727901\"\r\n     crossorigin=\"anonymous\"><\/script><br \/>\n<\/p>\n<div id=\"taboola-read-more\" style=\"display:block; width:100%\">\n<p>&#8220;N\u00e3o faremos mais ativismo pol\u00edtico&#8221;. \u00c9 oficial: Disney sai do barco. #BobIger, CEO da empresa confirmou que #Disney ter\u00e1 uma &#8216;mudan\u00e7a dram\u00e1tica&#8217; e deixar\u00e1 de fazer ativismo, ap\u00f3s confirmar que eliminaram uma hist\u00f3ria transg\u00eanero da s\u00e9rie animada da Pixar &#8220;#WinOrLose&#8221;.\n<\/p>\n<p>&#8220;Reconhecemos que muitos pais prefeririam discutir certos assuntos com seus filhos nos seus pr\u00f3prios termos e no seu pr\u00f3prio tempo&#8221;, disse a hierarca m\u00e1xima da Disney em uma recente entrevista \u00e0 #LosAngelesTimes, anunciando uma reviravolta radical na sua gest\u00e3o. &#8220;Nossa miss\u00e3o principal ser\u00e1 entreter e vender ingressos. N\u00e3o vamos seguir nenhuma agenda.&#8221;<\/p>\n<p>Los fracasos de &#8216;La sirenita&#8217;, &#8216;Lightyear&#8217;, &#8216;Elemental&#8217;, &#8216;Un Mundo Extra\u00f1o&#8217;, &#8216;Indiana Jones: El dial del destino&#8217;, &#8216;Wish&#8217;, &#8216;The Marvels y &#8216;She-Hulk&#8221; que hicieron que Disney cerrara el \u00faltimo periodo fiscal sin que que ninguna de sus pel\u00edculas superara los 1.000 millones en taquilla por primera vez en 10 a\u00f1os, sumados al rechazo y pol\u00e9mica de #SnowWhite, la cancelaci\u00f3n de #TheAcolyte -el producto de #StarWars peor valorado en la historia de la saga desde su infame episodio navide\u00f1o-, las multas millonarias por criticar la legislaci\u00f3n anti-LGBTQ+ del Estado de Florida para no cerrar su parque tem\u00e1tico en #DisneyWorld y tener que pagar 15 millones de d\u00f3lares al presidente electo #DonaldTrump para evitar ir a la Suprema Corte, han hecho que Disney finalmente, tire la toalla.\n<\/p>\n<p>&#8220;Nossas empresas criam produtos de entretenimento cujo sucesso depende dos gostos e prefer\u00eancias dos consumidores, ent\u00e3o a Disney n\u00e3o entrar\u00e1 mais no campo pol\u00edtico&#8221; disse Iger durante a reuni\u00e3o de investidores da empresa. &#8220;A pol\u00edtica \u00e9 ruim para os neg\u00f3cios e nossa miss\u00e3o principal deve ser entreter, n\u00e3o guiar por uma agenda&#8221;.\n<\/p>\n<p>Fonte: @revistalevelup \/ Instagram              <\/p>\n<\/div>\n<p><br \/>\n<br \/><a href=\"https:\/\/diariodobrasilnoticias.com.br\/noticia\/disney-abandonara-agenda-woke-diz-ceo-da-empresa-677717e6c7d99\">Source link <\/a><\/p>","protected":false},"excerpt":{"rendered":"<p>&#8220;N\u00e3o faremos mais ativismo pol\u00edtico&#8221;. \u00c9 oficial: Disney sai do barco. #BobIger, CEO da empresa confirmou que #Disney ter\u00e1 uma &#8216;mudan\u00e7a dram\u00e1tica&#8217; e deixar\u00e1 de fazer ativismo, ap\u00f3s confirmar que&hellip;<\/p>","protected":false},"author":1,"featured_media":86631,"comment_status":"closed","ping_status":"open","sticky":false,"template":"","format":"standard","meta":{"content-type":"","footnotes":""},"categories":[16],"tags":[123,2448,5313,1267],"class_list":["post-86630","post","type-post","status-publish","format-standard","has-post-thumbnail","hentry","category-noticias","tag-brasil","tag-diario","tag-noticia","tag-noticias"],"_links":{"self":[{"href":"https:\/\/tvbrazilusa.com\/pt\/wp-json\/wp\/v2\/posts\/86630","targetHints":{"allow":["GET"]}}],"collection":[{"href":"https:\/\/tvbrazilusa.com\/pt\/wp-json\/wp\/v2\/posts"}],"about":[{"href":"https:\/\/tvbrazilusa.com\/pt\/wp-json\/wp\/v2\/types\/post"}],"author":[{"embeddable":true,"href":"https:\/\/tvbrazilusa.com\/pt\/wp-json\/wp\/v2\/users\/1"}],"replies":[{"embeddable":true,"href":"https:\/\/tvbrazilusa.com\/pt\/wp-json\/wp\/v2\/comments?post=86630"}],"version-history":[{"count":1,"href":"https:\/\/tvbrazilusa.com\/pt\/wp-json\/wp\/v2\/posts\/86630\/revisions"}],"predecessor-version":[{"id":86632,"href":"https:\/\/tvbrazilusa.com\/pt\/wp-json\/wp\/v2\/posts\/86630\/revisions\/86632"}],"wp:featuredmedia":[{"embeddable":true,"href":"https:\/\/tvbrazilusa.com\/pt\/wp-json\/wp\/v2\/media\/86631"}],"wp:attachment":[{"href":"https:\/\/tvbrazilusa.com\/pt\/wp-json\/wp\/v2\/media?parent=86630"}],"wp:term":[{"taxonomy":"category","embeddable":true,"href":"https:\/\/tvbrazilusa.com\/pt\/wp-json\/wp\/v2\/categories?post=86630"},{"taxonomy":"post_tag","embeddable":true,"href":"https:\/\/tvbrazilusa.com\/pt\/wp-json\/wp\/v2\/tags?post=86630"}],"curies":[{"name":"wp","href":"https:\/\/api.w.org\/{rel}","templated":true}]}}