{"id":86635,"date":"2025-01-03T01:42:53","date_gmt":"2025-01-03T01:42:53","guid":{"rendered":"https:\/\/tvbrazilusa.com\/2025\/01\/03\/vereadores-de-direita-empossados-em-sp-se-negam-a-votar-em-acordo-feito-pelo-pl-para-votar-em-cargo-do-pt\/"},"modified":"2025-01-03T01:42:54","modified_gmt":"2025-01-03T01:42:54","slug":"vereadores-de-direita-empossados-em-sp-se-negam-a-votar-em-acordo-feito-pelo-pl-para-votar-em-cargo-do-pt","status":"publish","type":"post","link":"https:\/\/tvbrazilusa.com\/pt\/2025\/01\/03\/vereadores-de-direita-empossados-em-sp-se-negam-a-votar-em-acordo-feito-pelo-pl-para-votar-em-cargo-do-pt\/","title":{"rendered":"Vereadores de direita empossados em SP se negam a votar em acordo feito pelo PL para votar em cargo do PT"},"content":{"rendered":"<p> <script async src=\"https:\/\/pagead2.googlesyndication.com\/pagead\/js\/adsbygoogle.js?client=ca-pub-8864793242727901\"\r\n     crossorigin=\"anonymous\"><\/script><br \/>\n<\/p>\n<div id=\"taboola-read-more\" style=\"display:block; width:100%\">\n<p>A primeira sess\u00e3o do ano na C\u00e2mara Municipal de S\u00e3o Paulo exp\u00f4s as dificuldades que a bancada do PL enfrentar\u00e1 em 2025. Nesta quarta-feira (1\u00ba), os vereadores do partido se dividiram na vota\u00e7\u00e3o da Mesa Diretora, c\u00fapula que comanda a Casa.\n<\/p>\n<p>Os partidos da base do prefeito e o PT t\u00eam um acordo que se repete h\u00e1 diversos anos segundo o qual, em troca dos votos de seus vereadores na disputa pela presid\u00eancia da C\u00e2mara, a sigla do presidente Lula ganha a primeira secretaria da Mesa.<\/p>\n<p>Os vereadores petistas, ent\u00e3o, votaram no candidato do governo, Ricardo Teixeira (Uni\u00e3o), que foi eleito. Em troca, H\u00e9lio Rodrigues (PT) recebeu os votos dos governistas e tornou-se primeiro secret\u00e1rio, posto que vinha sendo ocupado por Alessandro Guedes (PT).\n<\/p>\n<p>No entanto, dos sete vereadores do PL, apenas quatro votaram nele, seguindo o combinado: Isac F\u00e9lix, Gilberto Nascimento Junior, Sandra Tadeu e Rute Costa.\n<\/p>\n<p>Os bolsonaristas Lucas Pavanato, Sonaira Fernandes e Zoe Martinez se posicionaram contrariamente.\n<\/p>\n<p>Em seu voto, Sandra Tadeu disse: &#8220;sempre cumprindo acordos, \u00e9 important\u00edssimo cumprir o acordo&#8221;. Na sequ\u00eancia, Pavanato retrucou: &#8220;acima dos acordos da Casa est\u00e1 o acordo que fiz com meus eleitores&#8221;.\n<\/p>\n<p>Entre aliados do prefeito Ricardo Nunes (MDB) e lideran\u00e7as municipais do PL, h\u00e1 temor de que n\u00e3o seja poss\u00edvel contar com o apoio do grupo bolsonarista em todas as vota\u00e7\u00f5es na Casa e que, dessa forma, falte apoio em temas mais delicados nos pr\u00f3ximos anos.\n<\/p>\n<p>Fonte: Folha de S.Paulo              <\/p>\n<\/div>\n<p><br \/>\n<br \/><a href=\"https:\/\/diariodobrasilnoticias.com.br\/noticia\/vereadores-de-direita-empossados-em-sp-se-negam-a-votar-em-acordo-feito-pelo-pl-para-votar-em-cargo-do-pt-677712790cb34\">Source link <\/a><\/p>","protected":false},"excerpt":{"rendered":"<p>A primeira sess\u00e3o do ano na C\u00e2mara Municipal de S\u00e3o Paulo exp\u00f4s as dificuldades que a bancada do PL enfrentar\u00e1 em 2025. Nesta quarta-feira (1\u00ba), os vereadores do partido se&hellip;<\/p>","protected":false},"author":1,"featured_media":86636,"comment_status":"closed","ping_status":"open","sticky":false,"template":"","format":"standard","meta":{"content-type":"","footnotes":""},"categories":[16],"tags":[123,2448,5313,1267],"class_list":["post-86635","post","type-post","status-publish","format-standard","has-post-thumbnail","hentry","category-noticias","tag-brasil","tag-diario","tag-noticia","tag-noticias"],"_links":{"self":[{"href":"https:\/\/tvbrazilusa.com\/pt\/wp-json\/wp\/v2\/posts\/86635","targetHints":{"allow":["GET"]}}],"collection":[{"href":"https:\/\/tvbrazilusa.com\/pt\/wp-json\/wp\/v2\/posts"}],"about":[{"href":"https:\/\/tvbrazilusa.com\/pt\/wp-json\/wp\/v2\/types\/post"}],"author":[{"embeddable":true,"href":"https:\/\/tvbrazilusa.com\/pt\/wp-json\/wp\/v2\/users\/1"}],"replies":[{"embeddable":true,"href":"https:\/\/tvbrazilusa.com\/pt\/wp-json\/wp\/v2\/comments?post=86635"}],"version-history":[{"count":1,"href":"https:\/\/tvbrazilusa.com\/pt\/wp-json\/wp\/v2\/posts\/86635\/revisions"}],"predecessor-version":[{"id":86637,"href":"https:\/\/tvbrazilusa.com\/pt\/wp-json\/wp\/v2\/posts\/86635\/revisions\/86637"}],"wp:featuredmedia":[{"embeddable":true,"href":"https:\/\/tvbrazilusa.com\/pt\/wp-json\/wp\/v2\/media\/86636"}],"wp:attachment":[{"href":"https:\/\/tvbrazilusa.com\/pt\/wp-json\/wp\/v2\/media?parent=86635"}],"wp:term":[{"taxonomy":"category","embeddable":true,"href":"https:\/\/tvbrazilusa.com\/pt\/wp-json\/wp\/v2\/categories?post=86635"},{"taxonomy":"post_tag","embeddable":true,"href":"https:\/\/tvbrazilusa.com\/pt\/wp-json\/wp\/v2\/tags?post=86635"}],"curies":[{"name":"wp","href":"https:\/\/api.w.org\/{rel}","templated":true}]}}