{"id":86647,"date":"2025-01-03T02:20:26","date_gmt":"2025-01-03T02:20:26","guid":{"rendered":"https:\/\/tvbrazilusa.com\/2025\/01\/03\/ministra-da-cultura-pede-respeito-pelas-religioes-de-matriz-africana-mas-esquece-de-mencionar-que-o-direito-ao-estado-laico-e-universal-veja-video\/"},"modified":"2025-01-03T02:20:27","modified_gmt":"2025-01-03T02:20:27","slug":"ministra-da-cultura-pede-respeito-pelas-religioes-de-matriz-africana-mas-esquece-de-mencionar-que-o-direito-ao-estado-laico-e-universal-veja-video","status":"publish","type":"post","link":"https:\/\/tvbrazilusa.com\/pt\/2025\/01\/03\/ministra-da-cultura-pede-respeito-pelas-religioes-de-matriz-africana-mas-esquece-de-mencionar-que-o-direito-ao-estado-laico-e-universal-veja-video\/","title":{"rendered":"Ministra da Cultura pede respeito pelas religi\u00f5es de matriz africana, mas esquece de mencionar que o direito ao Estado laico \u00e9 universal; VEJA V\u00cdDEO"},"content":{"rendered":"<p> <script async src=\"https:\/\/pagead2.googlesyndication.com\/pagead\/js\/adsbygoogle.js?client=ca-pub-8864793242727901\"\r\n     crossorigin=\"anonymous\"><\/script><br \/>\n<\/p>\n<div id=\"taboola-read-more\" style=\"display:block; width:100%\">\n<p>A ministra da Cultura deveria lembrar que o respeito \u00e0s religi\u00f5es deve ser universal, incluindo a f\u00e9 da cantora Claudia Leitte. Substituir Iemanj\u00e1 por Yeshua em uma m\u00fasica n\u00e3o \u00e9 desrespeito, mas uma express\u00e3o leg\u00edtima da cren\u00e7a pessoal da artista. Em uma democracia, a liberdade religiosa e de express\u00e3o \u00e9 um direito de todos, e isso inclui crist\u00e3os. \u00c9 incoerente clamar por respeito \u00e0s religi\u00f5es de matriz africana enquanto se ignora o direito de outros de manifestarem sua f\u00e9. Respeito n\u00e3o \u00e9 seletivo; \u00e9 para todos.<\/p>\n<p>Margareth demonstra grande entusiasmo ao pedir respeito \u00e0s religi\u00f5es de matriz africana, o que \u00e9 leg\u00edtimo em uma sociedade democr\u00e1tica. No entanto, seria bom ver esse mesmo empenho na defesa do dinheiro suado do pagador de impostos, que tem sido gasto desenfreadamente com artistas. Sob sua gest\u00e3o e a de Lula, o uso da Lei Rouanet disparou, superando R$ 2,9 bilh\u00f5es.<\/p>\n<p>Essa farra com o dinheiro do pagador de impostos revela o verdadeiro compromisso desse governo: atender aos caprichos de uma elite art\u00edstica desconectada da realidade da maioria dos brasileiros.\n<\/p>\n<p><strong>ASSISTA:<\/strong><\/p>\n<p>Fonte: @mariofriasoficial \/ Instagram              <\/p>\n<\/div>\n<p><br \/>\n<br \/><a href=\"https:\/\/diariodobrasilnoticias.com.br\/noticia\/ministra-da-cultura-pede-respeito-pelas-religioes-de-matriz-africana-mas-esquece-de-mencionar-que-o-direito-ao-estado-laico-e-universal-veja-video-67770fed0e0a3\">Source link <\/a><\/p>","protected":false},"excerpt":{"rendered":"<p>A ministra da Cultura deveria lembrar que o respeito \u00e0s religi\u00f5es deve ser universal, incluindo a f\u00e9 da cantora Claudia Leitte. Substituir Iemanj\u00e1 por Yeshua em uma m\u00fasica n\u00e3o \u00e9&hellip;<\/p>","protected":false},"author":1,"featured_media":86648,"comment_status":"closed","ping_status":"open","sticky":false,"template":"","format":"standard","meta":{"content-type":"","footnotes":""},"categories":[16],"tags":[123,2448,5313,1267],"class_list":["post-86647","post","type-post","status-publish","format-standard","has-post-thumbnail","hentry","category-noticias","tag-brasil","tag-diario","tag-noticia","tag-noticias"],"_links":{"self":[{"href":"https:\/\/tvbrazilusa.com\/pt\/wp-json\/wp\/v2\/posts\/86647","targetHints":{"allow":["GET"]}}],"collection":[{"href":"https:\/\/tvbrazilusa.com\/pt\/wp-json\/wp\/v2\/posts"}],"about":[{"href":"https:\/\/tvbrazilusa.com\/pt\/wp-json\/wp\/v2\/types\/post"}],"author":[{"embeddable":true,"href":"https:\/\/tvbrazilusa.com\/pt\/wp-json\/wp\/v2\/users\/1"}],"replies":[{"embeddable":true,"href":"https:\/\/tvbrazilusa.com\/pt\/wp-json\/wp\/v2\/comments?post=86647"}],"version-history":[{"count":1,"href":"https:\/\/tvbrazilusa.com\/pt\/wp-json\/wp\/v2\/posts\/86647\/revisions"}],"predecessor-version":[{"id":86649,"href":"https:\/\/tvbrazilusa.com\/pt\/wp-json\/wp\/v2\/posts\/86647\/revisions\/86649"}],"wp:featuredmedia":[{"embeddable":true,"href":"https:\/\/tvbrazilusa.com\/pt\/wp-json\/wp\/v2\/media\/86648"}],"wp:attachment":[{"href":"https:\/\/tvbrazilusa.com\/pt\/wp-json\/wp\/v2\/media?parent=86647"}],"wp:term":[{"taxonomy":"category","embeddable":true,"href":"https:\/\/tvbrazilusa.com\/pt\/wp-json\/wp\/v2\/categories?post=86647"},{"taxonomy":"post_tag","embeddable":true,"href":"https:\/\/tvbrazilusa.com\/pt\/wp-json\/wp\/v2\/tags?post=86647"}],"curies":[{"name":"wp","href":"https:\/\/api.w.org\/{rel}","templated":true}]}}