{"id":86706,"date":"2025-01-03T00:35:34","date_gmt":"2025-01-03T00:35:34","guid":{"rendered":"https:\/\/tvbrazilusa.com\/2025\/01\/03\/mit-suspende-ordem-de-abrigo-no-local-depois-que-homem-procurado-em-somerville-e-visto-no-campus\/"},"modified":"2025-01-03T04:39:04","modified_gmt":"2025-01-03T04:39:04","slug":"mit-suspende-ordem-de-abrigo-no-local-depois-que-homem-procurado-em-somerville-e-visto-no-campus","status":"publish","type":"post","link":"https:\/\/tvbrazilusa.com\/pt\/2025\/01\/03\/mit-suspende-ordem-de-abrigo-no-local-depois-que-homem-procurado-em-somerville-e-visto-no-campus\/","title":{"rendered":"MIT suspende ordem de abrigo no local depois que homem procurado em Somerville \u00e9 visto no campus"},"content":{"rendered":"<p> <script async src=\"https:\/\/pagead2.googlesyndication.com\/pagead\/js\/adsbygoogle.js?client=ca-pub-8864793242727901\"\r\n     crossorigin=\"anonymous\"><\/script><br \/>\n<\/p>\n<div id=\"\">\n<header class=\"m-article-header m-article-header--standard\">\n\t\t\t\t\t\t\t\t\t\t\t\t<span id=\"article-header-primary-term\"><br \/>\n\t\t\t\t\t\t\t\t<a class=\"a-term a-term--primary\" href=\"https:\/\/www.boston.com\/tag\/local-news\/\"><\/p>\n<p>\t\t\t\t\t\t\t\tNot\u00edcias locais\t\t\t\t\t\t\t\t<\/a><br \/>\n\t\t\t\t\t\t\t<\/span><\/p>\n<h2 class=\"m-article-header__sub-headline\">A descri\u00e7\u00e3o do homem de 47 anos feita pelo MIT corresponde \u00e0 imagem e descri\u00e7\u00e3o do Departamento de Pol\u00edcia de Somerville divulgada na semana passada.<\/h2>\n<figure class=\"a-photo m-article-header__photo\"><figcaption class=\"a-photo__caption\">\n<p>\t Alunos passam pelo &#8220;Great Dome&#8221; no topo do Edif\u00edcio 10 no campus do Massachusetts Institute of Technology em Cambridge, Massachusetts, em 3 de abril de 2017.  <em> (Foto AP \/ Charles Krupa, Arquivo)<\/em>\t<\/figcaption><\/figure>\n<\/header>\n<p>O Instituto de Tecnologia de Massachusetts emitiu um alerta de abrigo no local para parte do campus na noite de quinta-feira, enquanto a pol\u00edcia procurava um homem que foi visto em um pr\u00e9dio universit\u00e1rio na Rua Vassar.<\/p>\n<p>Por volta das 18h30, a pol\u00edcia do MIT disse que estava procurando por um homem visto pela \u00faltima vez no Edif\u00edcio 37, ou no edif\u00edcio McNair, por volta das 17h40. Os alunos foram aconselhados a ficar longe da \u00e1rea e se abrigar em ambientes fechados.<\/p>\n<p>Em um alerta de emerg\u00eancia enviado aos estudantes logo ap\u00f3s as 19h, a pol\u00edcia disse que n\u00e3o houve mais avistamentos do homem, que parece ser procurado pela pol\u00edcia de Somerville. O abrigo no local foi suspenso pouco depois das 19h, mas a pol\u00edcia do MIT ainda <a href=\"https:\/\/x.com\/MITPolice\/status\/1874971620105945190\">estudantes aconselhados<\/a> \u201cusar vigil\u00e2ncia\/cautela\u201d enquanto estiver no campus. <\/p>\n<p>\u00c0s 8h30, <a href=\"https:\/\/emergency.mit.net\/\">A pol\u00edcia do MIT disse<\/a> eles terminaram a busca no campus e o homem n\u00e3o foi visto ap\u00f3s o avistamento inicial.<\/p>\n<figure class=\"wp-block-embed is-type-rich is-provider-twitter wp-block-embed-twitter\">\n<div class=\"wp-block-embed__wrapper\">\n<blockquote class=\"twitter-tweet\" data-width=\"500\" data-dnt=\"true\">\n<p lang=\"en\" dir=\"ltr\">Alerta MIT: Pol\u00edcia procura suspeito nos pr\u00e9dios do Grupo Principal ao longo de Mass e Vassar. Fique longe da \u00e1rea. Se estiver pr\u00f3ximo, abrigue-se dentro de casa. Mais informa\u00e7\u00f5es: <a href=\"https:\/\/t.co\/tI4xZYURuH\">https:\/\/t.co\/tI4xZYURuH<\/a><\/p>\n<p>&#8211; Pol\u00edcia do MIT (@MITPolice) <a href=\"https:\/\/twitter.com\/MITPolice\/status\/1874960402372780115?ref_src=twsrc%5Etfw\">2 de janeiro de 2025<\/a><\/p><\/blockquote>\n<\/div>\n<\/figure>\n<p>Na semana passada, a pol\u00edcia de Somerville disse que um homem branco de 47 anos era procurado por v\u00e1rios mandados pendentes. As descri\u00e7\u00f5es do homem \u2013 1,70 metro e 175 libras \u2013 correspondem \u00e0 mensagem do MIT.<\/p>\n<p>A imagem do homem feita pela pol\u00edcia de Somerville tamb\u00e9m corresponde \u00e0 descri\u00e7\u00e3o escrita do MIT. O homem tem cabelo grisalho preso em um rabo de cavalo. O MIT disse que ele usava uma jaqueta escura, uma camisa clara e jeans. <\/p>\n<figure class=\"wp-block-embed is-type-rich is-provider-twitter wp-block-embed-twitter\">\n<div class=\"wp-block-embed__wrapper\">\n<blockquote class=\"twitter-tweet\" data-width=\"500\" data-dnt=\"true\">\n<p lang=\"en\" dir=\"ltr\">O CHEFE DE POL\u00cdCIA DE SOMERVILLE, SUMEANE BENFORD, EST\u00c1 PEDINDO A AJUDA DA COMUNIDADE PARA LOCALIZAR O HOMEM NA FOTO ACIMA. ELE \u00c9 PROCURADO POR V\u00c1RIOS GARANTIOS DE PRIS\u00c3O EXCELENTES. SE VISTO, LIGUE PARA O 911 E N\u00c3O TENTE FAZER CONTATO COM ESTA PESSOA.<\/p>\n<p>MACHO BRANCO DE 47 ANOS<br \/>5-11<br \/>175 libras <a href=\"https:\/\/t.co\/5grplAXW8U\">pic.twitter.com\/5grplAXW8U<\/a><\/p>\n<p>&#8211; SomervillePolice (@SomervillePD) <a href=\"https:\/\/twitter.com\/SomervillePD\/status\/1873181670096159154?ref_src=twsrc%5Etfw\">29 de dezembro de 2024<\/a><\/p><\/blockquote>\n<\/div>\n<\/figure>\n<p>O MIT n\u00e3o respondeu a uma investiga\u00e7\u00e3o para confirmar se se trata da mesma pessoa procurada pela pol\u00edcia de Somerville.<\/p>\n<p>Qualquer pessoa que vir o homem deve ligar para a pol\u00edcia do MIT no n\u00famero 617-253-1212, disseram as autoridades. <\/p>\n<div class=\"o-author-single has-avatar\">\n<header class=\"m-author-card\">\n<div class=\"a-image a-image--square m-author-card__image\">\n\t\t<img decoding=\"async\" class=\"\" src=\"https:\/\/www.boston.com\/wp-content\/uploads\/2024\/10\/cropped-molly-farrar-6707200226887-6707200bea6c0-242x242.jpg\" alt=\"Imagem do perfil de Molly Farrar\"\/>\t<\/div>\n<\/header>\n<section class=\"author-info\">\n<div class=\"m-author__section\">\n<p>Molly Farrar \u00e9 rep\u00f3rter geral do Boston.com, com foco em educa\u00e7\u00e3o, pol\u00edtica, crime e muito mais.<\/p>\n<\/div>\n<\/section>\n<\/div>\n<div class=\"m-block m-generic-cta\t m-generic-cta--post-content\t m-generic-cta--dark\t m-generic-cta--homepage\t m-generic-cta--email-signup\t\t m-generic-cta-block-style--default \tt-amp__generic-cta\"><\/p>\n<div class=\"m-generic-cta__wrap\">\n<div class=\"m-generic-cta__content\">\n<h3 class=\"m-generic-cta__title\">Boston.com hoje<\/h3>\n<p class=\"m-generic-cta__subtitle\">Inscreva-se para receber as \u00faltimas manchetes em sua caixa de entrada todas as manh\u00e3s.<\/p>\n<\/p><\/div>\n<\/p><\/div>\n<\/div><\/div>\n<p><script async src=\"\/\/platform.twitter.com\/widgets.js\" charset=\"utf-8\"><\/script><script>\n\t\tvar consent=\"grant\";\n\t\t\/* The above code is parsing the JSON data from the local storage and storing it in a variable. *\/\n\t\t\t\t\tconst onetrustStorageConsent = JSON.parse(localStorage.getItem( 'consent_one_trust_bdc' ) );\n\t\t\tif ( ( onetrustStorageConsent !== null ) ) {\n\t\t\t\t\/* Checking to see if the user has consented to the use of cookies.\n\t\t\t\t* If they have not, it is deleting the cookie.\n\t\t\t\t* This will comment for now, until further notice.\n\t\t\t\t*\/\n\t\t\t\t\/\/if ( onetrustStorageConsent.C0002 === false ) {\n\t\t\t\t\/\/\tdocument.cookie=\"_fbp=;expires=Thu, 01 Jan 2010 00:00:00 UTC; path=\/; domain=.boston.com\";\n\t\t\t\t\/\/}\n\t\t\t\t\/* Checking if the user has given consent for the cookie C0002.\n\t\t\t\t* If the user has given consent, the variable consent will be set to 'grant'.\n\t\t\t\t* If the user has not given consent,the variable consent will be set to 'revoke'.\n\t\t\t\t* Documentation https:\/\/developers.facebook.com\/docs\/meta-pixel\/implementation\/gdpr\n\t\t\t\t*\/\n\t\t\t\tif ( onetrustStorageConsent.C0002 !== true ) {\n\t\t\t\t\tconsent=\"revoke\";\n\t\t\t\t}\n\t\t\t}\n\t\t\t\t!function(f,b,e,v,n,t,s)\n\t\t{if(f.fbq)return;n=f.fbq=function(){n.callMethod?\n\t\tn.callMethod.apply(n,arguments):n.queue.push(arguments)};\n\t\tif(!f._fbq)f._fbq=n;n.push=n;n.loaded=!0;n.version='2.0';\n\t\tn.queue=[];t=b.createElement(e);t.async=!0;\n\t\tt.src=v;s=b.getElementsByTagName(e)[0];\n\t\ts.parentNode.insertBefore(t,s)}(window, document,'script',\n\t\t'https:\/\/connect.facebook.net\/en_US\/fbevents.js');\n\t\tfbq('consent', consent);\n\t\tfbq('init', '989222871864976');\n\t\tfbq('track', 'PageView');\n\t<\/script><script type=\"module\">\n\t\tvar consent=\"grant\";\n\t\t\/* The above code is parsing the JSON data from the local storage and storing it in a variable. *\/\n\t\t\tconst onetrustStorageConsent = JSON.parse(localStorage.getItem( 'consent_one_trust_bdc' ) );\n\t\t\t\/* Checking to see if the user has consented to the use of cookies.\n\t\t\t* If they have not, it is deleting the cookie.\n\t\t\t* This will comment for now, until further notice.\n\t\t\t*\/\n\t\t\t\/\/if ( onetrustStorageConsent.C0002 === false ) {\n\t\t\t\/\/\tdocument.cookie=\"_fbp=;expires=Thu, 01 Jan 2010 00:00:00 UTC; path=\/; domain=.boston.com\";\n\t\t\t\/\/}\n\t\t\t\/* Checking if the user has given consent for the cookie C0002.\n\t\t\t* If the user has given consent, the variable consent will be set to 'grant'.\n\t\t\t* If the user has not given consent,the variable consent will be set to 'revoke'.\n\t\t\t* Documentation https:\/\/developers.facebook.com\/docs\/meta-pixel\/implementation\/gdpr\n\t\t\t*\/\n\t\t\tif ( ( onetrustStorageConsent !== null ) && (onetrustStorageConsent.C0002 !== true ) ) {\n\t\t\t\tconsent=\"revoke\";\n\t\t\t}\n\t\t\t\t!function(f,b,e,v,n,t,s){if(f.fbq)return;n=f.fbq=function()\n\t\t{n.callMethod? n.callMethod.apply(n,arguments):n.queue.push(arguments)}\n\t\t;if(!f._fbq)f._fbq=n;\n\t\tn.push=n;n.loaded=!0;n.version='2.0';n.queue=[];t=b.createElement(e);t.async=!0;\n\t\tt.src=v;s=b.getElementsByTagName(e)[0];s.parentNode.insertBefore(t,s)}(window,\n\t\tdocument,'script','https:\/\/connect.facebook.net\/en_US\/fbevents.js');\n\t\tfbq('consent', consent);\n\t\tfbq('init', '813236348753005');\n\t\tfbq('track', \"PageView\");\n\t<\/script><br \/>\n<br \/><br \/>\n<br \/><a href=\"https:\/\/www.boston.com\/news\/local-news\/2025\/01\/02\/mit-lifts-shelter-in-place-order-after-man-wanted-in-somerville-seen-on-campus\/\">Source link <\/a><\/p>","protected":false},"excerpt":{"rendered":"<p>Not\u00edcias locais A descri\u00e7\u00e3o do homem de 47 anos feita pelo MIT corresponde \u00e0 imagem e descri\u00e7\u00e3o do Departamento de Pol\u00edcia de Somerville divulgada na semana passada. Alunos passam pelo&hellip;<\/p>","protected":false},"author":1,"featured_media":86607,"comment_status":"closed","ping_status":"open","sticky":false,"template":"","format":"standard","meta":{"content-type":"","footnotes":""},"categories":[1],"tags":[],"class_list":["post-86706","post","type-post","status-publish","format-standard","has-post-thumbnail","hentry","category-uncategorized"],"_links":{"self":[{"href":"https:\/\/tvbrazilusa.com\/pt\/wp-json\/wp\/v2\/posts\/86706","targetHints":{"allow":["GET"]}}],"collection":[{"href":"https:\/\/tvbrazilusa.com\/pt\/wp-json\/wp\/v2\/posts"}],"about":[{"href":"https:\/\/tvbrazilusa.com\/pt\/wp-json\/wp\/v2\/types\/post"}],"author":[{"embeddable":true,"href":"https:\/\/tvbrazilusa.com\/pt\/wp-json\/wp\/v2\/users\/1"}],"replies":[{"embeddable":true,"href":"https:\/\/tvbrazilusa.com\/pt\/wp-json\/wp\/v2\/comments?post=86706"}],"version-history":[{"count":1,"href":"https:\/\/tvbrazilusa.com\/pt\/wp-json\/wp\/v2\/posts\/86706\/revisions"}],"predecessor-version":[{"id":86707,"href":"https:\/\/tvbrazilusa.com\/pt\/wp-json\/wp\/v2\/posts\/86706\/revisions\/86707"}],"wp:featuredmedia":[{"embeddable":true,"href":"https:\/\/tvbrazilusa.com\/pt\/wp-json\/wp\/v2\/media\/86607"}],"wp:attachment":[{"href":"https:\/\/tvbrazilusa.com\/pt\/wp-json\/wp\/v2\/media?parent=86706"}],"wp:term":[{"taxonomy":"category","embeddable":true,"href":"https:\/\/tvbrazilusa.com\/pt\/wp-json\/wp\/v2\/categories?post=86706"},{"taxonomy":"post_tag","embeddable":true,"href":"https:\/\/tvbrazilusa.com\/pt\/wp-json\/wp\/v2\/tags?post=86706"}],"curies":[{"name":"wp","href":"https:\/\/api.w.org\/{rel}","templated":true}]}}