{"id":8673,"date":"2024-07-26T12:24:34","date_gmt":"2024-07-26T12:24:34","guid":{"rendered":"https:\/\/tvbrazilusa.com\/2024\/07\/26\/barack-e-michelle-obama-apoiam-kamala-harris-para-presidente-wsvn-7news-noticias-de-miami-clima-esportes-fort-lauderdale\/"},"modified":"2024-07-26T12:30:51","modified_gmt":"2024-07-26T12:30:51","slug":"barack-e-michelle-obama-apoiam-kamala-harris-para-presidente-wsvn-7news-noticias-de-miami-clima-esportes-fort-lauderdale","status":"publish","type":"post","link":"https:\/\/tvbrazilusa.com\/pt\/2024\/07\/26\/barack-e-michelle-obama-apoiam-kamala-harris-para-presidente-wsvn-7news-noticias-de-miami-clima-esportes-fort-lauderdale\/","title":{"rendered":"Barack e Michelle Obama apoiam Kamala Harris para presidente &#8211; WSVN 7News | Not\u00edcias de Miami, Clima, Esportes | Fort Lauderdale"},"content":{"rendered":"<p> <script async src=\"https:\/\/pagead2.googlesyndication.com\/pagead\/js\/adsbygoogle.js?client=ca-pub-8864793242727901\"\r\n     crossorigin=\"anonymous\"><\/script><br \/>\n<\/p>\n<div itemprop=\"articleBody\">\n<p>(CNN) \u2014 O ex-presidente Barack Obama e a ex-primeira-dama Michelle Obama endossaram a candidatura presidencial da vice-presidente Kamala Harris em um v\u00eddeo divulgado na sexta-feira.<\/p>\n<p>\u201cMichelle e eu n\u00e3o poder\u00edamos estar mais orgulhosos de apoi\u00e1-la e fazer tudo o que pudermos para que voc\u00ea passe por esta elei\u00e7\u00e3o e chegue ao Sal\u00e3o Oval\u201d, disse o ex-presidente a Harris em uma liga\u00e7\u00e3o telef\u00f4nica acompanhada por sua esposa, de acordo com o v\u00eddeo.<\/p>\n<p>Harris agradeceu aos Obama pelo apoio e expressou gratid\u00e3o pela amizade de d\u00e9cadas.<\/p>\n<p>\u201cMeu Deus. Michelle, Barack, isso significa muito para mim. Estou ansioso para fazer isso com voc\u00eas dois, Doug e eu. E sair por a\u00ed, estar na estrada\u201d, disse o vice-presidente.<\/p>\n<p>\u201cMas, acima de tudo, eu s\u00f3 quero dizer que as palavras que voc\u00eas falaram e a amizade que voc\u00eas deram ao longo de todos esses anos significam mais do que eu posso expressar, ent\u00e3o obrigada a ambos. Significa muito. E n\u00f3s vamos nos divertir com isso tamb\u00e9m, n\u00e3o \u00e9?\u201d ela acrescentou.<\/p>\n<p>A ex-primeira-dama disse que est\u00e1 orgulhosa de Harris e espera que a pr\u00f3xima elei\u00e7\u00e3o seja hist\u00f3rica.<\/p>\n<p>\u201cN\u00e3o posso ter esse telefonema sem dizer \u00e0 minha garota, Kamala, estou orgulhosa de voc\u00ea. Isso vai ser hist\u00f3rico\u201d, ela disse a Harris.<\/p>\n<p>Em uma declara\u00e7\u00e3o conjunta anunciando o apoio, os Obama elogiaram Harris e listaram suas realiza\u00e7\u00f5es.<\/p>\n<p>\u201cMas Kamala tem mais do que um curr\u00edculo\u201d, disse a declara\u00e7\u00e3o. \u201cEla tem a vis\u00e3o, o car\u00e1ter e a for\u00e7a que este momento cr\u00edtico exige. N\u00e3o h\u00e1 d\u00favidas em nossa mente de que Kamala Harris tem exatamente o que \u00e9 preciso para vencer esta elei\u00e7\u00e3o e entregar para o povo americano.\u201d<\/p>\n<p>A declara\u00e7\u00e3o acrescentou: \u201cNum momento em que os riscos nunca foram t\u00e3o altos, ela nos d\u00e1 a todos motivos para ter esperan\u00e7a\u201d.<\/p>\n<p>Obama e Harris, a prov\u00e1vel candidata democrata, t\u00eam mantido contato regularmente, e ele tem servido como uma caixa de resson\u00e2ncia para ela, assim como tem feito ao longo dos 20 anos em que se conhecem, disse uma fonte \u00e0 CNN no in\u00edcio desta semana.<\/p>\n<p>Obama n\u00e3o apoiou Harris imediatamente ap\u00f3s o an\u00fancio do presidente Joe Biden no domingo de que ele n\u00e3o buscaria a reelei\u00e7\u00e3o.<\/p>\n<p>\u201cTenho uma confian\u00e7a extraordin\u00e1ria de que os l\u00edderes do nosso partido ser\u00e3o capazes de criar um processo do qual emergir\u00e1 um candidato extraordin\u00e1rio\u201d, disse o ex-presidente em uma declara\u00e7\u00e3o na \u00e9poca.<\/p>\n<p>De acordo com a fonte, Obama acreditava que era importante para o Partido Democrata ter um processo leg\u00edtimo pelo qual os delegados selecionariam seu novo indicado. Um assessor de Obama disse \u00e0 CNN que o ex-presidente estava adotando a mesma abordagem que adotou durante as prim\u00e1rias democratas de 2020, observando de perto com a inten\u00e7\u00e3o de poder unificar o partido quando um indicado fosse escolhido \u2013 fosse Harris ou outra pessoa. A declara\u00e7\u00e3o de Obama tinha a inten\u00e7\u00e3o de manter o foco em Biden \u2013 seu ex-vice-presidente \u2013 no dia em que ele anunciou que n\u00e3o estava mais buscando um segundo mandato, disse o assessor.<\/p>\n<p>Obama j\u00e1 havia apoiado os esfor\u00e7os de reelei\u00e7\u00e3o de Biden, participando de v\u00e1rios eventos de arrecada\u00e7\u00e3o de fundos que arrecadaram milh\u00f5es de d\u00f3lares, al\u00e9m de participar de conversas moderadas com Biden e enviar mensagens incentivando os apoiadores a contribuir como parte dos esfor\u00e7os de arrecada\u00e7\u00e3o de fundos.<\/p>\n<p>Os democratas t\u00eam se movido rapidamente em seu processo para nomear Harris, com o partido adotando regras na quarta-feira para escolher seu indicado presidencial. A vota\u00e7\u00e3o para nomear Harris oficialmente deve come\u00e7ar em 1\u00ba de agosto.<\/p>\n<p>As regras exigem votos cerimoniais para presidente e vice-presidente, bem como uma vota\u00e7\u00e3o na plataforma do partido, durante a conven\u00e7\u00e3o democrata, que est\u00e1 programada para ocorrer em Chicago de 19 a 22 de agosto. Embora a vota\u00e7\u00e3o presidencial cerimonial seja realizada por chamada nominal, a vota\u00e7\u00e3o para vice-presidente provavelmente ser\u00e1 uma vota\u00e7\u00e3o oral.<\/p>\n<p>Harris ainda n\u00e3o selecionou um companheiro de chapa. Como a CNN relatou anteriormente, uma equipe de advogados e consultores est\u00e1 conduzindo uma das buscas mais aceleradas de vice-presidente na hist\u00f3ria americana moderna, com o objetivo de anunciar um indicado antes de 7 de agosto.<\/p>\n<p><em>The-CNN-Wire\u2122 &#038; \u00a9 2024 Cable News Network, Inc., uma empresa Time Warner. Todos os direitos reservados.<\/em><\/p>\n<div class=\"wp-block-newsletter\">\n\t<strong class=\"wp-block-newsletter__title\">Inscreva-se em nossa Newsletter para receber as \u00faltimas not\u00edcias diretamente na sua caixa de entrada<\/strong><\/p>\n<\/div><\/div>\n<p><br \/>\n<br \/><a href=\"https:\/\/wsvn.com\/news\/politics\/barack-and-michelle-obama-endorse-kamala-harris-for-president\/\">Source link <\/a><\/p>","protected":false},"excerpt":{"rendered":"<p>(CNN) \u2014 O ex-presidente Barack Obama e a ex-primeira-dama Michelle Obama endossaram a candidatura presidencial da vice-presidente Kamala Harris em um v\u00eddeo divulgado na sexta-feira. \u201cMichelle e eu n\u00e3o poder\u00edamos&hellip;<\/p>","protected":false},"author":1,"featured_media":8674,"comment_status":"closed","ping_status":"open","sticky":false,"template":"","format":"standard","meta":{"content-type":"","footnotes":""},"categories":[1],"tags":[],"class_list":["post-8673","post","type-post","status-publish","format-standard","has-post-thumbnail","hentry","category-uncategorized"],"_links":{"self":[{"href":"https:\/\/tvbrazilusa.com\/pt\/wp-json\/wp\/v2\/posts\/8673","targetHints":{"allow":["GET"]}}],"collection":[{"href":"https:\/\/tvbrazilusa.com\/pt\/wp-json\/wp\/v2\/posts"}],"about":[{"href":"https:\/\/tvbrazilusa.com\/pt\/wp-json\/wp\/v2\/types\/post"}],"author":[{"embeddable":true,"href":"https:\/\/tvbrazilusa.com\/pt\/wp-json\/wp\/v2\/users\/1"}],"replies":[{"embeddable":true,"href":"https:\/\/tvbrazilusa.com\/pt\/wp-json\/wp\/v2\/comments?post=8673"}],"version-history":[{"count":1,"href":"https:\/\/tvbrazilusa.com\/pt\/wp-json\/wp\/v2\/posts\/8673\/revisions"}],"predecessor-version":[{"id":8675,"href":"https:\/\/tvbrazilusa.com\/pt\/wp-json\/wp\/v2\/posts\/8673\/revisions\/8675"}],"wp:featuredmedia":[{"embeddable":true,"href":"https:\/\/tvbrazilusa.com\/pt\/wp-json\/wp\/v2\/media\/8674"}],"wp:attachment":[{"href":"https:\/\/tvbrazilusa.com\/pt\/wp-json\/wp\/v2\/media?parent=8673"}],"wp:term":[{"taxonomy":"category","embeddable":true,"href":"https:\/\/tvbrazilusa.com\/pt\/wp-json\/wp\/v2\/categories?post=8673"},{"taxonomy":"post_tag","embeddable":true,"href":"https:\/\/tvbrazilusa.com\/pt\/wp-json\/wp\/v2\/tags?post=8673"}],"curies":[{"name":"wp","href":"https:\/\/api.w.org\/{rel}","templated":true}]}}