{"id":86788,"date":"2025-01-03T12:51:19","date_gmt":"2025-01-03T12:51:19","guid":{"rendered":"https:\/\/tvbrazilusa.com\/2025\/01\/03\/transporte-publico-sete-capitais-comecam-ano-com-passagens-mais-caras-veja-se-a-sua-esta-na-lista\/"},"modified":"2025-01-03T12:51:20","modified_gmt":"2025-01-03T12:51:20","slug":"transporte-publico-sete-capitais-comecam-ano-com-passagens-mais-caras-veja-se-a-sua-esta-na-lista","status":"publish","type":"post","link":"https:\/\/tvbrazilusa.com\/pt\/2025\/01\/03\/transporte-publico-sete-capitais-comecam-ano-com-passagens-mais-caras-veja-se-a-sua-esta-na-lista\/","title":{"rendered":"Transporte p\u00fablico: sete capitais come\u00e7am ano com passagens mais caras; veja se a sua est\u00e1 na lista"},"content":{"rendered":"<p> <script async src=\"https:\/\/pagead2.googlesyndication.com\/pagead\/js\/adsbygoogle.js?client=ca-pub-8864793242727901\"\r\n     crossorigin=\"anonymous\"><\/script><br \/>\n<\/p>\n<div>\n<p>Usu\u00e1rios de transporte p\u00fablico em sete capitais brasileiras come\u00e7aram 2025 com passagens mais caras. Em Belo Horizonte, Florian\u00f3polis, Natal, Recife, Rio de Janeiro, Salvador e S\u00e3o Paulo, os reajustes, implementados entre o final de dezembro e o in\u00edcio de janeiro, j\u00e1 afetam o or\u00e7amento dos passageiros.\n<\/p>\n<h4>Belo Horizonte<\/h4>\n<p>Na capital mineira, as tarifas de \u00f4nibus foram reajustadas no dia 1\u00ba de janeiro. O valor das linhas curtas passou para R$ 2,75, enquanto as convencionais subiram para R$ 5,75, representando um aumento de R$ 0,50. Segundo a prefeitura, o reajuste visa \u201ca continuidade dos investimentos no transporte p\u00fablico e melhoria dos servi\u00e7os\u201d. As 12 linhas que atendem vilas e favelas permanecem gratuitas.<\/p>\n<h4>Florian\u00f3polis<\/h4>\n<p>Florian\u00f3polis agora tem a passagem de \u00f4nibus mais cara do pa\u00eds. A tarifa para usu\u00e1rios do Cart\u00e3o Cidad\u00e3o subiu para R$ 5,75, enquanto os pagamentos em dinheiro ou QR Code custam R$ 6,90. O reajuste foi aplicado no dia 1\u00ba de janeiro, e o cart\u00e3o pode ser adquirido nos terminais de integra\u00e7\u00e3o da cidade.\n<\/p>\n<h4>Natal<\/h4>\n<p>Em Natal, o aumento das passagens come\u00e7ou no dia 29 de dezembro. O valor para linhas convencionais subiu para R$ 4,90, enquanto as linhas de bairro passaram a custar R$ 4,30. O reajuste de 8,88% foi aprovado pelo Conselho Municipal de Transporte e Mobilidade Urbana, que destacou fatores como aumento nos custos de combust\u00edvel, pneus e sal\u00e1rios de motoristas.\n<\/p>\n<h4>Recife<\/h4>\n<p>O Grande Recife ver\u00e1 suas tarifas reajustadas a partir do pr\u00f3ximo domingo (5). A principal tarifa, do Anel A, passar\u00e1 de R$ 4,10 para R$ 4,28, com possibilidade de arredondamento para R$ 4,30. Este aumento de 4,29%, o menor entre as capitais mencionadas, n\u00e3o ocorria desde 2022.\n<\/p>\n<h4>Rio de Janeiro<\/h4>\n<p>A partir do domingo (5), o valor das passagens de \u00f4nibus no Rio de Janeiro ser\u00e1 de R$ 4,70. A tarifa \u00fanica inclui servi\u00e7os como BRT, VLT e transportes comunit\u00e1rios. O reajuste considera a infla\u00e7\u00e3o acumulada pelo IPCA nos \u00faltimos dois anos. No caso dos trens urbanos, a tarifa ser\u00e1 de R$ 7,60 a partir de 2 de fevereiro.\n<\/p>\n<h4>Salvador<\/h4>\n<p>Em Salvador, a tarifa de \u00f4nibus subir\u00e1 para R$ 5,60 no s\u00e1bado (4). O aumento de 7,69% se baseia em estudos t\u00e9cnicos para o per\u00edodo de 2023 a 2026, segundo a prefeitura. A integra\u00e7\u00e3o no sistema permite que usu\u00e1rios do Salvador Card utilizem at\u00e9 tr\u00eas modais, incluindo metr\u00f4, pagando apenas uma tarifa.\n<\/p>\n<h4>S\u00e3o Paulo<\/h4>\n<p>Na capital paulista, o aumento de 13,6% entrar\u00e1 em vigor na segunda-feira (6). O valor da tarifa passar\u00e1 de R$ 4,40 para R$ 5, e o metr\u00f4 e os trens tamb\u00e9m ter\u00e3o reajustes, com passagens a R$ 5,20. Apesar do aumento, o benef\u00edcio do \u201cDoming\u00e3o Tarifa Zero\u201d continuar\u00e1 v\u00e1lido para usu\u00e1rios com Bilhete \u00danico.\n<\/p>\n<h4>Outras Cidades<\/h4>\n<p>Cidades como Aracaju, Campinas e Caxias do Sul tamb\u00e9m registraram reajustes. Em Aracaju, a tarifa foi mantida devido a subs\u00eddios estaduais. No interior de S\u00e3o Paulo, cidades como Osasco e Santo Andr\u00e9 aplicaram aumentos gradativos em suas passagens de \u00f4nibus.\n<\/p>\n<p>Os reajustes t\u00eam sido amplamente justificados por aumentos nos custos operacionais, como combust\u00edvel, manuten\u00e7\u00e3o e infla\u00e7\u00e3o.\n<\/p>\n<\/div>\n<p><br \/>\n<br \/><a href=\"https:\/\/diariodobrasilnoticias.com.br\/noticia\/transporte-publico-sete-capitais-comecam-ano-com-passagens-mais-caras-veja-se-a-sua-esta-na-lista-6777bfc328266\">Source link <\/a><\/p>","protected":false},"excerpt":{"rendered":"<p>Usu\u00e1rios de transporte p\u00fablico em sete capitais brasileiras come\u00e7aram 2025 com passagens mais caras. Em Belo Horizonte, Florian\u00f3polis, Natal, Recife, Rio de Janeiro, Salvador e S\u00e3o Paulo, os reajustes, implementados&hellip;<\/p>","protected":false},"author":1,"featured_media":86789,"comment_status":"closed","ping_status":"open","sticky":false,"template":"","format":"standard","meta":{"content-type":"","footnotes":""},"categories":[16],"tags":[123,2448,5313,1267],"class_list":["post-86788","post","type-post","status-publish","format-standard","has-post-thumbnail","hentry","category-noticias","tag-brasil","tag-diario","tag-noticia","tag-noticias"],"_links":{"self":[{"href":"https:\/\/tvbrazilusa.com\/pt\/wp-json\/wp\/v2\/posts\/86788","targetHints":{"allow":["GET"]}}],"collection":[{"href":"https:\/\/tvbrazilusa.com\/pt\/wp-json\/wp\/v2\/posts"}],"about":[{"href":"https:\/\/tvbrazilusa.com\/pt\/wp-json\/wp\/v2\/types\/post"}],"author":[{"embeddable":true,"href":"https:\/\/tvbrazilusa.com\/pt\/wp-json\/wp\/v2\/users\/1"}],"replies":[{"embeddable":true,"href":"https:\/\/tvbrazilusa.com\/pt\/wp-json\/wp\/v2\/comments?post=86788"}],"version-history":[{"count":1,"href":"https:\/\/tvbrazilusa.com\/pt\/wp-json\/wp\/v2\/posts\/86788\/revisions"}],"predecessor-version":[{"id":86790,"href":"https:\/\/tvbrazilusa.com\/pt\/wp-json\/wp\/v2\/posts\/86788\/revisions\/86790"}],"wp:featuredmedia":[{"embeddable":true,"href":"https:\/\/tvbrazilusa.com\/pt\/wp-json\/wp\/v2\/media\/86789"}],"wp:attachment":[{"href":"https:\/\/tvbrazilusa.com\/pt\/wp-json\/wp\/v2\/media?parent=86788"}],"wp:term":[{"taxonomy":"category","embeddable":true,"href":"https:\/\/tvbrazilusa.com\/pt\/wp-json\/wp\/v2\/categories?post=86788"},{"taxonomy":"post_tag","embeddable":true,"href":"https:\/\/tvbrazilusa.com\/pt\/wp-json\/wp\/v2\/tags?post=86788"}],"curies":[{"name":"wp","href":"https:\/\/api.w.org\/{rel}","templated":true}]}}