{"id":86797,"date":"2025-01-03T12:48:29","date_gmt":"2025-01-03T12:48:29","guid":{"rendered":"https:\/\/tvbrazilusa.com\/2025\/01\/03\/homem-preso-em-conexao-com-roubo-de-carro-em-janeiro-de-2024-em-belem\/"},"modified":"2025-01-03T12:58:05","modified_gmt":"2025-01-03T12:58:05","slug":"homem-preso-em-conexao-com-roubo-de-carro-em-janeiro-de-2024-em-belem","status":"publish","type":"post","link":"https:\/\/tvbrazilusa.com\/pt\/2025\/01\/03\/homem-preso-em-conexao-com-roubo-de-carro-em-janeiro-de-2024-em-belem\/","title":{"rendered":"Homem preso em conex\u00e3o com roubo de carro em janeiro de 2024 em Bel\u00e9m"},"content":{"rendered":"<script async src=\"https:\/\/pagead2.googlesyndication.com\/pagead\/js\/adsbygoogle.js?client=ca-pub-8864793242727901\"\r\n     crossorigin=\"anonymous\"><\/script>\n<p>BETHLEHEM, Connecticut (WTNH) \u2013 Um homem da Nova Gr\u00e3-Bretanha foi preso em conex\u00e3o com um roubo de carro em janeiro de 2024 em Bel\u00e9m, disse a pol\u00edcia estadual. <\/p>\n<p>Gerard Arlonzo Hines, 22 anos, foi preso e acusado de amea\u00e7a em primeiro grau, roubo em primeiro grau e roubo envolvendo ve\u00edculo motorizado ocupado. <\/p>\n<div class=\"nlp-ignore-block article-content rich-text\">\n<aside class=\"promo-link\">\n\t<a href=\"https:\/\/www.wtnh.com\/news\/connecticut\/new-haven\/wallingford-man-arrested-on-firearms-charges-after-calling-police-for-possible-home-invasion\/?ipid=promo-link-block1\" class=\"promo-link__link\"><\/p>\n<p>\t\tHomem de Wallingford \u00e9 preso sob acusa\u00e7\u00e3o de porte de arma de fogo ap\u00f3s chamar a pol\u00edcia por poss\u00edvel invas\u00e3o de casa\t<\/a><br \/>\n<\/aside>\n<\/div>\n<p>De acordo com o mandado de pris\u00e3o, em 9 de janeiro de 2024, um homem denunciou um roubo de carro armado em Bel\u00e9m. Um homem teve seu carro roubado por volta das 15h, enquanto aguardava uma entrega em sua propriedade. A v\u00edtima disse que viu um homem de pele escura, com capuz cinza e cobertura facial a cerca de 9 metros de dist\u00e2ncia, correndo em dire\u00e7\u00e3o a outro carro. A v\u00edtima saiu do carro deixando o motor ligado porque pensou que fosse a entrega. <\/p>\n<p>O mandado de pris\u00e3o afirmava que um SUV parou na garagem e a v\u00edtima se perguntou se era ou n\u00e3o a entrega. A v\u00edtima viu um suspeito colocar a cabe\u00e7a para fora da janela e falar enquanto um motorista virava o SUV. Ele ent\u00e3o notou um homem caminhando em dire\u00e7\u00e3o \u00e0 porta do motorista de seu Audi Q7. A v\u00edtima disse \u00e0 pol\u00edcia que se virou, correu em dire\u00e7\u00e3o ao carro, abriu a porta e agarrou o volante e o moletom cinza do homem. <\/p>\n<p>O suspeito amea\u00e7ou atirar na v\u00edtima se ela n\u00e3o a soltasse. Ele nunca exibiu uma arma de fogo, mas continuou a amea\u00e7ar atirar na v\u00edtima. O suspeito girou violentamente o carro at\u00e9 que a v\u00edtima perdeu o controle e caiu do carro, dizia o mandado de pris\u00e3o. <\/p>\n<p>A v\u00edtima n\u00e3o ficou ferida. <\/p>\n<p>Hines permaneceu sob cust\u00f3dia sob fian\u00e7a de US$ 250.000 fixada pelo tribunal e foi agendado para 2 de janeiro no Tribunal Superior de Torrington.<\/p>\n<\/p>\n<p><br \/>\n<br \/><a href=\"https:\/\/www.wtnh.com\/news\/connecticut\/litchfield\/man-arrested-in-connection-to-january-2024-carjacking-in-bethlehem\/\">Source link <\/a><\/p>","protected":false},"excerpt":{"rendered":"<p>BETHLEHEM, Connecticut (WTNH) \u2013 Um homem da Nova Gr\u00e3-Bretanha foi preso em conex\u00e3o com um roubo de carro em janeiro de 2024 em Bel\u00e9m, disse a pol\u00edcia estadual. Gerard Arlonzo&hellip;<\/p>","protected":false},"author":1,"featured_media":86798,"comment_status":"closed","ping_status":"open","sticky":false,"template":"","format":"standard","meta":{"content-type":"","footnotes":""},"categories":[1],"tags":[],"class_list":["post-86797","post","type-post","status-publish","format-standard","has-post-thumbnail","hentry","category-uncategorized"],"_links":{"self":[{"href":"https:\/\/tvbrazilusa.com\/pt\/wp-json\/wp\/v2\/posts\/86797","targetHints":{"allow":["GET"]}}],"collection":[{"href":"https:\/\/tvbrazilusa.com\/pt\/wp-json\/wp\/v2\/posts"}],"about":[{"href":"https:\/\/tvbrazilusa.com\/pt\/wp-json\/wp\/v2\/types\/post"}],"author":[{"embeddable":true,"href":"https:\/\/tvbrazilusa.com\/pt\/wp-json\/wp\/v2\/users\/1"}],"replies":[{"embeddable":true,"href":"https:\/\/tvbrazilusa.com\/pt\/wp-json\/wp\/v2\/comments?post=86797"}],"version-history":[{"count":1,"href":"https:\/\/tvbrazilusa.com\/pt\/wp-json\/wp\/v2\/posts\/86797\/revisions"}],"predecessor-version":[{"id":86799,"href":"https:\/\/tvbrazilusa.com\/pt\/wp-json\/wp\/v2\/posts\/86797\/revisions\/86799"}],"wp:featuredmedia":[{"embeddable":true,"href":"https:\/\/tvbrazilusa.com\/pt\/wp-json\/wp\/v2\/media\/86798"}],"wp:attachment":[{"href":"https:\/\/tvbrazilusa.com\/pt\/wp-json\/wp\/v2\/media?parent=86797"}],"wp:term":[{"taxonomy":"category","embeddable":true,"href":"https:\/\/tvbrazilusa.com\/pt\/wp-json\/wp\/v2\/categories?post=86797"},{"taxonomy":"post_tag","embeddable":true,"href":"https:\/\/tvbrazilusa.com\/pt\/wp-json\/wp\/v2\/tags?post=86797"}],"curies":[{"name":"wp","href":"https:\/\/api.w.org\/{rel}","templated":true}]}}