{"id":86865,"date":"2025-01-03T15:05:33","date_gmt":"2025-01-03T15:05:33","guid":{"rendered":"https:\/\/tvbrazilusa.com\/2025\/01\/03\/botao-secreto-reduz-consumo-do-carro-no-calor-mas-poucos-sabem-usa-lo-entenda\/"},"modified":"2025-01-03T15:05:35","modified_gmt":"2025-01-03T15:05:35","slug":"botao-secreto-reduz-consumo-do-carro-no-calor-mas-poucos-sabem-usa-lo-entenda","status":"publish","type":"post","link":"https:\/\/tvbrazilusa.com\/pt\/2025\/01\/03\/botao-secreto-reduz-consumo-do-carro-no-calor-mas-poucos-sabem-usa-lo-entenda\/","title":{"rendered":"Bot\u00e3o &#8216;secreto&#8217; reduz consumo do carro no calor, mas poucos sabem us\u00e1-lo; ENTENDA"},"content":{"rendered":"<p> <script async src=\"https:\/\/pagead2.googlesyndication.com\/pagead\/js\/adsbygoogle.js?client=ca-pub-8864793242727901\"\r\n     crossorigin=\"anonymous\"><\/script><br \/>\n<\/p>\n<div id=\"taboola-read-more\" style=\"display:block; width:100%\">\n<p>O ver\u00e3o chegou e, nessa \u00e9poca do ano, o ar-condicionado ajuda a deixar a vida mais confort\u00e1vel nos ve\u00edculos.\n<\/p>\n<p>No entanto, seu uso eleva o consumo de combust\u00edvel em cerca de 20%, em m\u00e9dia.<\/p>\n<p>Al\u00e9m disso, existe outra ressalva: o ar-condicionado &#8220;rouba&#8221; parte do desempenho em ve\u00edculos a combust\u00e3o, j\u00e1 que o respectivo compressor \u00e9 acionado pelo motor do carro, via correia.\n<\/p>\n<p>Sabendo disso, selecionamos cinco dicas para aumentar a efici\u00eancia da climatiza\u00e7\u00e3o do seu ve\u00edculo, de forma a fazer com que o ar gele mais rapidamente, sem elevar tanto a conta no posto na hora de reabastecer.\n<\/p>\n<p>As orienta\u00e7\u00f5es que voc\u00ea confere abaixo constam do manual do propriet\u00e1rio de muitos autom\u00f3veis. Confira:\n<\/p>\n<p>1 &#8211; Use o bot\u00e3o &#8216;secreto&#8217; para poupar combust\u00edvel<br \/>Existe um bot\u00e3o que todo carro equipado com ar-condicionado tem e muita gente ignora ou n\u00e3o sabe usar. Essa fun\u00e7\u00e3o &#8220;secreta&#8221;, capaz de reduzir o consumo de combust\u00edvel, ativa a recircula\u00e7\u00e3o de ar no interior do ve\u00edculo. Apesar de trazer vantagens, ele deve ser utilizado com modera\u00e7\u00e3o por trazer riscos \u00e0 sa\u00fade e \u00e0 seguran\u00e7a &#8211; segundo as pr\u00f3prias montadoras.\n<\/p>\n<p>De acordo com Renato Romio, chefe da Divis\u00e3o de Motores e Ve\u00edculos do Instituto Mau\u00e1 de Tecnologia, o bot\u00e3o de recircula\u00e7\u00e3o bloqueia a entrada de ar externo no interior da cabine, desde que os vidros estejam fechados, e faz com que o sistema de climatiza\u00e7\u00e3o resfrie o ar que j\u00e1 est\u00e1 dentro do ve\u00edculo.\n<\/p>\n<p>&#8220;O equipamento pega o ar j\u00e1 resfriado e o refrigera mais um pouco, de forma sucessiva, at\u00e9 atingir a temperatura desejada. Assim, o habit\u00e1culo gela mais rapidamente e o compressor trabalha menos, poupando combust\u00edvel&#8221;.\n<\/p>\n<p>Romio explica que o compressor, respons\u00e1vel por &#8220;empurrar&#8221; o g\u00e1s refrigerante para o interior de um radiador onde o ar \u00e9 gelado, eleva o consumo por ser acionado pelo motor a combust\u00e3o. Portanto, quanto menos o compressor trabalhar, mais o seu bolso vai agradecer. De acordo com estudos, o ar-condicionado pode aumentar em at\u00e9 10% o gasto de combust\u00edvel.\n<\/p>\n<p>Tamb\u00e9m vale destacar que a recircula\u00e7\u00e3o \u00e9 uma aliada para prevenir o ingresso de ar polu\u00eddo ou maus odores no interior do carro. Mas seu uso exige cuidados: quando a temperatura ambiente \u00e9 menor do que a interna, os vidros podem ficar emba\u00e7ados.\n<\/p>\n<p>Isso acontece devido \u00e0 condensa\u00e7\u00e3o do ar quente gerado pela respira\u00e7\u00e3o dos ocupantes. O problema prejudica bastante a visibilidade e traz risco de acidentes. A recomenda\u00e7\u00e3o das fabricantes de ve\u00edculos, nesses casos, \u00e9 n\u00e3o acionar a recircula\u00e7\u00e3o para permitir o ingresso do ar externo.\n<\/p>\n<p>Hoje em dia, muitos carros, inclusive, desligam automaticamente a fun\u00e7\u00e3o ou impedem sua ativa\u00e7\u00e3o quando ligamos o ar-condicionado no modo de desemba\u00e7amento. O Volkswagen Taos, por exemplo, tem um sensor que detecta quando os vidros est\u00e3o prestes ficarem emba\u00e7ados e desativa a recircula\u00e7\u00e3o nesse caso.\n<\/p>\n<p>O manual do SUV tamb\u00e9m alerta para o risco do uso prolongado da recircula\u00e7\u00e3o, que torna o ar da cabine &#8220;viciado&#8221; devido \u00e0 queda no n\u00edvel de oxig\u00eanio, em decorr\u00eancia da respira\u00e7\u00e3o dos ocupantes.\n<\/p>\n<p>&#8220;O ar viciado pode ocasionar cansa\u00e7o r\u00e1pido e falta de concentra\u00e7\u00e3o do condutor, o que pode causar colis\u00f5es, acidentes e ferimentos graves. Nunca deixe o modo de recircula\u00e7\u00e3o de ar ligado por muito tempo, uma vez que o ar fresco n\u00e3o atinge o interior do ve\u00edculo. Utilize o modo de recircula\u00e7\u00e3o do ar apenas por um curto per\u00edodo e desligue-o quando n\u00e3o for mais necess\u00e1rio&#8221;, recomenda a VW.\n<\/p>\n<p>2 &#8211; Deixe o &#8216;bafo&#8217; sair do carro<br \/>O ideal \u00e9 manter seu carro estacionado em local coberto e protegido dos raios solares. Se isso n\u00e3o for poss\u00edvel, abra as janelas ap\u00f3s entrar no ve\u00edculo e aguarde alguns instantes at\u00e9 que o ar quente acumulado saia da cabine, seja com o ve\u00edculo parado ou em movimento.\n<\/p>\n<p>Dessa forma, ao ligar o ar-condicionado, ser\u00e1 mais f\u00e1cil atingir a temperatura pretendida sem gastar tanto combust\u00edvel.\n<\/p>\n<p>3 &#8211; Nunca acione o ar-condicionado com vidros abertos<br \/>A pr\u00e1tica representa desperd\u00edcio de combust\u00edvel, sem contar que for\u00e7a sem necessidade o compressor e outros sistemas. Para funcionar adequadamente, o ar-condicionado deve ser ligado enquanto os vidros est\u00e3o fechados.\n<\/p>\n<p>Portanto, vale a pena verificar regularmente as condi\u00e7\u00f5es das borrachas de veda\u00e7\u00e3o das portas e tamb\u00e9m da calha dos vidros laterais, com o objetivo de evitar entrada de ar quente no habit\u00e1culo.\n<\/p>\n<p>Outra dica que acelera o resfriamento \u00e9 ajustar as sa\u00eddas do ar-condicionado em dire\u00e7\u00e3o ao teto, pois o ar frio, mais denso, tende a se deslocar para baixo.\n<\/p>\n<p>4 &#8211; Evite uso com temperatura m\u00ednima por longo per\u00edodo<br \/>Essa dica vai especialmente para quem se preocupa com o consumo de combust\u00edvel. Como dissemos acima, \u00e9 v\u00e1lido ajustar o equipamento na temperatura m\u00ednima e na ventila\u00e7\u00e3o m\u00e1xima, por\u00e9m apenas para gelar o ambiente de forma mais r\u00e1pida.\n<\/p>\n<p>Ap\u00f3s atingir o n\u00edvel de conforto t\u00e9rmico desejado, prefira uma configura\u00e7\u00e3o intermedi\u00e1ria, que exigir\u00e1 menos do compressor.\n<\/p>\n<p>5 &#8211; N\u00e3o descuide da manuten\u00e7\u00e3o<br \/>Para funcionar como foi projetado e n\u00e3o elevar o consumo sem necessidade, o ar-condicionado deve estar com a manuten\u00e7\u00e3o em dia. Substitua o filtro de cabine dentro dos prazos indicados no manual do ve\u00edculo, pois a respectiva satura\u00e7\u00e3o for\u00e7a o compressor e reduz a efici\u00eancia do ar-condicionado.\n<\/p>\n<p>Al\u00e9m da troca do filtro, a higieniza\u00e7\u00e3o de dutos e outros componentes deve ser realizada uma vez por ano, no m\u00ednimo, para combater o surgimento de mau cheiro e a prolifera\u00e7\u00e3o de fungos, bact\u00e9rias e v\u00edrus.\n<\/p>\n<p>Fonte: UOL              <\/p>\n<\/div>\n<p><br \/>\n<br \/><a href=\"https:\/\/diariodobrasilnoticias.com.br\/noticia\/botao-secreto-reduz-consumo-do-carro-no-calor-mas-poucos-sabem-usa-lo-entenda-6777dcf6bac6a\">Source link <\/a><\/p>","protected":false},"excerpt":{"rendered":"<p>O ver\u00e3o chegou e, nessa \u00e9poca do ano, o ar-condicionado ajuda a deixar a vida mais confort\u00e1vel nos ve\u00edculos. No entanto, seu uso eleva o consumo de combust\u00edvel em cerca&hellip;<\/p>","protected":false},"author":1,"featured_media":86866,"comment_status":"closed","ping_status":"open","sticky":false,"template":"","format":"standard","meta":{"content-type":"","footnotes":""},"categories":[16],"tags":[123,2448,5313,1267],"class_list":["post-86865","post","type-post","status-publish","format-standard","has-post-thumbnail","hentry","category-noticias","tag-brasil","tag-diario","tag-noticia","tag-noticias"],"_links":{"self":[{"href":"https:\/\/tvbrazilusa.com\/pt\/wp-json\/wp\/v2\/posts\/86865","targetHints":{"allow":["GET"]}}],"collection":[{"href":"https:\/\/tvbrazilusa.com\/pt\/wp-json\/wp\/v2\/posts"}],"about":[{"href":"https:\/\/tvbrazilusa.com\/pt\/wp-json\/wp\/v2\/types\/post"}],"author":[{"embeddable":true,"href":"https:\/\/tvbrazilusa.com\/pt\/wp-json\/wp\/v2\/users\/1"}],"replies":[{"embeddable":true,"href":"https:\/\/tvbrazilusa.com\/pt\/wp-json\/wp\/v2\/comments?post=86865"}],"version-history":[{"count":1,"href":"https:\/\/tvbrazilusa.com\/pt\/wp-json\/wp\/v2\/posts\/86865\/revisions"}],"predecessor-version":[{"id":86867,"href":"https:\/\/tvbrazilusa.com\/pt\/wp-json\/wp\/v2\/posts\/86865\/revisions\/86867"}],"wp:featuredmedia":[{"embeddable":true,"href":"https:\/\/tvbrazilusa.com\/pt\/wp-json\/wp\/v2\/media\/86866"}],"wp:attachment":[{"href":"https:\/\/tvbrazilusa.com\/pt\/wp-json\/wp\/v2\/media?parent=86865"}],"wp:term":[{"taxonomy":"category","embeddable":true,"href":"https:\/\/tvbrazilusa.com\/pt\/wp-json\/wp\/v2\/categories?post=86865"},{"taxonomy":"post_tag","embeddable":true,"href":"https:\/\/tvbrazilusa.com\/pt\/wp-json\/wp\/v2\/tags?post=86865"}],"curies":[{"name":"wp","href":"https:\/\/api.w.org\/{rel}","templated":true}]}}