{"id":86882,"date":"2025-01-03T15:28:41","date_gmt":"2025-01-03T15:28:41","guid":{"rendered":"https:\/\/tvbrazilusa.com\/2025\/01\/03\/ex-masterchef-nega-estupro-e-afirma-que-menina-mentiu-idade\/"},"modified":"2025-01-03T15:28:43","modified_gmt":"2025-01-03T15:28:43","slug":"ex-masterchef-nega-estupro-e-afirma-que-menina-mentiu-idade","status":"publish","type":"post","link":"https:\/\/tvbrazilusa.com\/pt\/2025\/01\/03\/ex-masterchef-nega-estupro-e-afirma-que-menina-mentiu-idade\/","title":{"rendered":"Ex-MasterChef nega estupro e afirma que menina mentiu idade"},"content":{"rendered":"<p> <script async src=\"https:\/\/pagead2.googlesyndication.com\/pagead\/js\/adsbygoogle.js?client=ca-pub-8864793242727901\"\r\n     crossorigin=\"anonymous\"><\/script><br \/>\n<\/p>\n<div id=\"taboola-read-more\" style=\"display:block; width:100%\">\n<p>A defesa de Jason de Souza Junior informou, nesta quinta-feira (2), que ele nega as acusa\u00e7\u00f5es de estupro. O cozinheiro, participante da 9\u00aa temporada do reality show MasterChef Brasil, foi preso na manh\u00e3 da \u00faltima quarta-feira (1\u00b0) na Regi\u00e3o Metropolitana de Florian\u00f3polis, sob suspeita de abusar de uma menina de 12 anos.\n<\/p>\n<p>Em nota, o advogado Marcos Paulo Poeta dos Santos afirma que Jason est\u00e1 colaborando com as autoridades, e que ele e a garota teriam se conhecido por meio de um aplicativo em que ela teria indicado uma idade diferente.<\/p>\n<p>\u2013 Jason conheceu a suposta v\u00edtima por meio de um aplicativo de namoro, onde ela informava em seu perfil uma idade superior \u00e0 que realmente tinha \u2013 diz o comunicado.\n<\/p>\n<p>\u2013 At\u00e9 o momento, a suposta v\u00edtima n\u00e3o foi formalmente ouvida, e a den\u00fancia foi baseada apenas no relato de sua m\u00e3e. A defesa est\u00e1 pedindo ao ju\u00edzo dilig\u00eancias complementares, incluindo a an\u00e1lise das intera\u00e7\u00f5es anteriores entre as partes, que podem trazer uma nova perspectiva ao caso \u2013 acrescenta o advogado.\n<\/p>\n<p>Por fim, a defesa refor\u00e7a a presun\u00e7\u00e3o de inoc\u00eancia e pede que seja aguardado o desenrolar das investiga\u00e7\u00f5es, sem conclus\u00f5es precipitadas.\n<\/p>\n<p>INVESTIGA\u00c7\u00c3O DA POL\u00cdCIA CIVIL<br \/>Cleber Serrano, delegado \u00e0 frente do caso, afirmou que a menina disse ter sido abordada em frente de casa, em Florian\u00f3polis, por um homem com as mesmas caracter\u00edsticas f\u00edsicas de Jason. Ela teria sido obrigada a entrar em um carro e teria sido estuprada com uma arma apontada para a cabe\u00e7a.\n<\/p>\n<p>\u2013 Depois que a v\u00edtima sofreu o crime, ele a \u201cdevolveu\u201d bem pr\u00f3ximo \u00e0 resid\u00eancia dela \u2013 disse.\n<\/p>\n<p>Ap\u00f3s a menina relatar o ocorrido, a fam\u00edlia registrou boletim de ocorr\u00eancia e a Pol\u00edcia Civil identificou a placa do carro. O ve\u00edculo estaria registrado em nome de Jason.\n<\/p>\n<p>\u2013 Diante das informa\u00e7\u00f5es que ela [a v\u00edtima] passou, de que o autor tamb\u00e9m teria uma cicatriz na barriga e que tinha uma barba longa, ficou identificado o Jason \u2013 acrescentou Serrano.\n<\/p>\n<p>O cozinheiro n\u00e3o foi encontrado em casa em um primeiro momento, e foi preso na manh\u00e3 da \u00faltima quarta. O delegado solicitou a convers\u00e3o da pris\u00e3o em flagrante em preventiva, e o pedido foi deferido pela Justi\u00e7a na quinta.\n<\/p>\n<p>*AE\n<\/p>\n<p>Fonte: Pleno News              <\/p>\n<\/div>\n<p><br \/>\n<br \/><a href=\"https:\/\/diariodobrasilnoticias.com.br\/noticia\/ex-masterchef-nega-estupro-e-afirma-que-menina-mentiu-idade-6777de2ef1d7b\">Source link <\/a><\/p>","protected":false},"excerpt":{"rendered":"<p>A defesa de Jason de Souza Junior informou, nesta quinta-feira (2), que ele nega as acusa\u00e7\u00f5es de estupro. O cozinheiro, participante da 9\u00aa temporada do reality show MasterChef Brasil, foi&hellip;<\/p>","protected":false},"author":1,"featured_media":86883,"comment_status":"closed","ping_status":"open","sticky":false,"template":"","format":"standard","meta":{"content-type":"","footnotes":""},"categories":[16],"tags":[123,2448,5313,1267],"class_list":["post-86882","post","type-post","status-publish","format-standard","has-post-thumbnail","hentry","category-noticias","tag-brasil","tag-diario","tag-noticia","tag-noticias"],"_links":{"self":[{"href":"https:\/\/tvbrazilusa.com\/pt\/wp-json\/wp\/v2\/posts\/86882","targetHints":{"allow":["GET"]}}],"collection":[{"href":"https:\/\/tvbrazilusa.com\/pt\/wp-json\/wp\/v2\/posts"}],"about":[{"href":"https:\/\/tvbrazilusa.com\/pt\/wp-json\/wp\/v2\/types\/post"}],"author":[{"embeddable":true,"href":"https:\/\/tvbrazilusa.com\/pt\/wp-json\/wp\/v2\/users\/1"}],"replies":[{"embeddable":true,"href":"https:\/\/tvbrazilusa.com\/pt\/wp-json\/wp\/v2\/comments?post=86882"}],"version-history":[{"count":1,"href":"https:\/\/tvbrazilusa.com\/pt\/wp-json\/wp\/v2\/posts\/86882\/revisions"}],"predecessor-version":[{"id":86884,"href":"https:\/\/tvbrazilusa.com\/pt\/wp-json\/wp\/v2\/posts\/86882\/revisions\/86884"}],"wp:featuredmedia":[{"embeddable":true,"href":"https:\/\/tvbrazilusa.com\/pt\/wp-json\/wp\/v2\/media\/86883"}],"wp:attachment":[{"href":"https:\/\/tvbrazilusa.com\/pt\/wp-json\/wp\/v2\/media?parent=86882"}],"wp:term":[{"taxonomy":"category","embeddable":true,"href":"https:\/\/tvbrazilusa.com\/pt\/wp-json\/wp\/v2\/categories?post=86882"},{"taxonomy":"post_tag","embeddable":true,"href":"https:\/\/tvbrazilusa.com\/pt\/wp-json\/wp\/v2\/tags?post=86882"}],"curies":[{"name":"wp","href":"https:\/\/api.w.org\/{rel}","templated":true}]}}