{"id":86906,"date":"2025-01-03T15:29:49","date_gmt":"2025-01-03T15:29:49","guid":{"rendered":"https:\/\/tvbrazilusa.com\/2025\/01\/03\/os-leitores-do-boston-com-desejam-viajar-internacionalmente-em-2025-e-aqui-que-eles-desejam-ir\/"},"modified":"2025-01-03T15:58:08","modified_gmt":"2025-01-03T15:58:08","slug":"os-leitores-do-boston-com-desejam-viajar-internacionalmente-em-2025-e-aqui-que-eles-desejam-ir","status":"publish","type":"post","link":"https:\/\/tvbrazilusa.com\/pt\/2025\/01\/03\/os-leitores-do-boston-com-desejam-viajar-internacionalmente-em-2025-e-aqui-que-eles-desejam-ir\/","title":{"rendered":"Os leitores do Boston.com desejam viajar internacionalmente em 2025. \u00c9 aqui que eles desejam ir."},"content":{"rendered":"<p> <script async src=\"https:\/\/pagead2.googlesyndication.com\/pagead\/js\/adsbygoogle.js?client=ca-pub-8864793242727901\"\r\n     crossorigin=\"anonymous\"><\/script><br \/>\n<\/p>\n<div id=\"\">\n<header class=\"m-article-header m-article-header--standard\">\n\t\t\t\t\t\t\t\t\t\t\t\t<span id=\"article-header-primary-term\"><br \/>\n\t\t\t\t\t\t\t\t<a class=\"a-term a-term--primary\" href=\"https:\/\/www.boston.com\/tag\/travel\/\"><\/p>\n<p>\t\t\t\t\t\t\t\tViagem\t\t\t\t\t\t\t\t<\/a><br \/>\n\t\t\t\t\t\t\t<\/span><\/p>\n<h2 class=\"m-article-header__sub-headline\">\u201cQuero ver um tipo de paisagem diferente daquela que temos na Nova Inglaterra.\u201d<\/h2>\n<figure class=\"a-photo m-article-header__photo\"><figcaption class=\"a-photo__caption\">\n<p>\tParque Nacional de Banff em Alberta, Canad\u00e1.<em> Kari Bodnarchuk para The Boston Gobe<\/em>\t<\/figcaption><\/figure>\n<div class=\"m-article-header__meta\">\n<div class=\"m-article-header__byline\">\n<p class=\"m-article-header__author\">\n<p>\t\t\t\t\t\t\t\tPor <a class=\"a-link a-link--inline\" href=\"https:\/\/www.boston.com\/author\/kristi-palma\/\">Kristi Palma<\/a>\t\t\t\t\t\t\t<\/p>\n<p>\t\t\t\t\t\t\t\t\t\t\t\t\t\t\t<time class=\"m-article-header__date\"><\/p>\n<p>\t\t\t\t\t\t\t\t\t3 de janeiro de 2025 | 10h29\t\t\t\t\t\t\t\t<\/time><\/p>\n<p><span>2 minutos para ler<\/span><\/p>\n<\/p><\/div>\n<\/p><\/div>\n<\/header>\n<p>Os leitores do Boston.com sonham com uma fuga internacional em 2025.<\/p>\n<p>Quando n\u00f3s <a href=\"https:\/\/www.boston.com\/community\/tell-us\/2024\/12\/31\/where-do-you-want-to-travel-in-2025\/\">perguntou aos nossos leitores para onde eles querem viajar este ano<\/a> durante uma pesquisa informal, 78% disseram que desejam viajar para o exterior. Depois disso, 20% disseram que querem viajar dentro dos EUA e 2% disseram que querem viajar na Nova Inglaterra.<\/p>\n<p>\u00c0 frente, descubra os destinos onde os moradores locais realmente querem ir este ano. <\/p>\n<figure class=\"wp-block-image size-full\"><img loading=\"lazy\" decoding=\"async\" width=\"2560\" height=\"1853\" src=\"https:\/\/bdc2020.o0bc.com\/wp-content\/uploads\/2024\/06\/BFGNNIWAUJA6DNA6OHDXL62HNM-667ed9dce2fe1-scaled.jpg\" alt=\"\" class=\"wp-image-30559462\" srcset=\"https:\/\/bdc2020.o0bc.com\/wp-content\/uploads\/2024\/06\/BFGNNIWAUJA6DNA6OHDXL62HNM-667ed9dce2fe1-scaled.jpg?width=200 200w, https:\/\/bdc2020.o0bc.com\/wp-content\/uploads\/2024\/06\/BFGNNIWAUJA6DNA6OHDXL62HNM-667ed9dce2fe1-scaled.jpg?width=300 300w, https:\/\/bdc2020.o0bc.com\/wp-content\/uploads\/2024\/06\/BFGNNIWAUJA6DNA6OHDXL62HNM-667ed9dce2fe1-scaled.jpg?width=400 400w, https:\/\/bdc2020.o0bc.com\/wp-content\/uploads\/2024\/06\/BFGNNIWAUJA6DNA6OHDXL62HNM-667ed9dce2fe1-scaled.jpg?width=500 500w, https:\/\/bdc2020.o0bc.com\/wp-content\/uploads\/2024\/06\/BFGNNIWAUJA6DNA6OHDXL62HNM-667ed9dce2fe1-scaled.jpg?width=600 600w, https:\/\/bdc2020.o0bc.com\/wp-content\/uploads\/2024\/06\/BFGNNIWAUJA6DNA6OHDXL62HNM-667ed9dce2fe1-scaled.jpg?width=700 700w, https:\/\/bdc2020.o0bc.com\/wp-content\/uploads\/2024\/06\/BFGNNIWAUJA6DNA6OHDXL62HNM-667ed9dce2fe1-scaled.jpg?width=800 800w, https:\/\/bdc2020.o0bc.com\/wp-content\/uploads\/2024\/06\/BFGNNIWAUJA6DNA6OHDXL62HNM-667ed9dce2fe1-scaled.jpg?width=900 900w\" sizes=\"auto, (max-width: 2560px) 100vw, 2560px\"\/><figcaption class=\"wp-element-caption\">O Jardim H\u00e9rcules em Blair Castle &#038; Gardens em Blair Atholl, Esc\u00f3cia. <i> \u2013 CHRISTOPHER MUTHER\/EQUIPE DO GLOBO<\/i><\/figcaption><\/figure>\n<p>\u201cNossa fam\u00edlia viajar\u00e1 nos primeiros 7 meses de 2025 e est\u00e1 ansiosa para visitar <strong>Sudeste Asi\u00e1tico<\/strong>\u201d, escreveu Katrina de Sharon.<\/p>\n<p>Pete, do North Shore, e Tom, de Quincy, querem ir para <strong>Irlanda<\/strong>. Tom tamb\u00e9m quer ir ao <strong>Prov\u00edncias Mar\u00edtimas do Canad\u00e1<\/strong>. Enquanto isso, Carol, de Boston, sonha com <strong>Isl\u00e2ndia, Groenl\u00e2ndia e Esc\u00f3cia<\/strong>.<\/p>\n<p>\u201cAgora s\u00f3 preciso do dinheiro\u201d, escreveu Carol.<\/p>\n<p>Josephine, de Brookline, deseja especificamente ver o <strong>Ilhas Shetland<\/strong> <strong>na Esc\u00f3cia<\/strong> e n\u00e3o se importa em ir sozinho.<\/p>\n<p>\u201cApaixonei-me por eles atrav\u00e9s de um livro com fotos em preto e branco que tinha na biblioteca quando era crian\u00e7a\u201d, escreveu ela. \u201cDepois tornei-me tricoteira e a ideia de estar numa ilha com mais ovelhas do que pessoas me atraiu. A paisagem tamb\u00e9m atraiu por causa da minha fotografia em filme preto e branco.<br \/>Ah, eu n\u00e3o levaria ningu\u00e9m comigo. N\u00e3o consigo pensar em ningu\u00e9m na minha vida que estivesse disposto a divagar no vento, na chuva, nas pedras e na \u00e1gua fria.\u201d<\/p>\n<p>Phil do Scituate quer ver o <strong>Fiordes noruegueses<\/strong>Bill de Newton adoraria ir para <strong>Raja Ampat<\/strong>Spud de Andover est\u00e1 pensando em <strong>Jap\u00e3o<\/strong>e Bob de Stoughton est\u00e1 de olho <strong>Parque Nacional Banff em Alberta, Canad\u00e1.<\/strong><\/p>\n<p>\u201cEsqui e paisagens incr\u00edveis\u201d, escreveu Bob sobre Banff.<\/p>\n<figure class=\"wp-block-image size-full\"><img loading=\"lazy\" decoding=\"async\" width=\"1280\" height=\"960\" src=\"https:\/\/bdc2020.o0bc.com\/wp-content\/uploads\/2018\/11\/DB_EmptyNester_RomeColloseum.jpg\" alt=\"\" class=\"wp-image-10864775\" srcset=\"https:\/\/bdc2020.o0bc.com\/wp-content\/uploads\/2018\/11\/DB_EmptyNester_RomeColloseum.jpg?width=200 200w, https:\/\/bdc2020.o0bc.com\/wp-content\/uploads\/2018\/11\/DB_EmptyNester_RomeColloseum.jpg?width=300 300w, https:\/\/bdc2020.o0bc.com\/wp-content\/uploads\/2018\/11\/DB_EmptyNester_RomeColloseum.jpg?width=400 400w, https:\/\/bdc2020.o0bc.com\/wp-content\/uploads\/2018\/11\/DB_EmptyNester_RomeColloseum.jpg?width=500 500w, https:\/\/bdc2020.o0bc.com\/wp-content\/uploads\/2018\/11\/DB_EmptyNester_RomeColloseum.jpg?width=600 600w, https:\/\/bdc2020.o0bc.com\/wp-content\/uploads\/2018\/11\/DB_EmptyNester_RomeColloseum.jpg?width=700 700w, https:\/\/bdc2020.o0bc.com\/wp-content\/uploads\/2018\/11\/DB_EmptyNester_RomeColloseum.jpg?width=800 800w, https:\/\/bdc2020.o0bc.com\/wp-content\/uploads\/2018\/11\/DB_EmptyNester_RomeColloseum.jpg?width=900 900w\" sizes=\"auto, (max-width: 1280px) 100vw, 1280px\"\/><figcaption class=\"wp-element-caption\">O Coliseu em Roma. <i> \u2013 Diane Bair para The Boston Globe<\/i><\/figcaption><\/figure>\n<p>Marie, do Chelsea, quer ir para <strong>It\u00e1lia<\/strong>Jay de Acton anseia por <strong>Sydney, Austr\u00e1lia<\/strong>e Liam, natural de New Bedford, sonha em <strong>Espanha<\/strong>.<\/p>\n<p>\u201cA Costa Brava na regi\u00e3o da Catalunha, na Espanha, \u00e9 impressionante\u201d, escreveu Liam. \u201cOs viajantes podem caminhar de aldeia em aldeia ao longo de uma costa bela e acidentada. Frutos do mar e cultura local s\u00e3o abundantes. Caminhar em fam\u00edlia \u00e9 poss\u00edvel desde que os percursos pedestres sejam solidamente constru\u00eddos.\u201d<\/p>\n<p>Greg de Acton ir\u00e1 felizmente para qualquer um dos seguintes destinos: <strong>Pol\u00f3nia, Hungria, \u00c1ustria e Rep\u00fablica Checa<\/strong>. Enquanto isso, Mike da Saugus est\u00e1 pensando em <strong>Alemanha<\/strong>.<\/p>\n<p>\u201cEstudei l\u00e1 uma vez e ainda entendo um pouco do idioma\u201d, escreveu Mike. \u201c\u00c9 limpo, tem bons transportes p\u00fablicos e a criminalidade \u00e9 muito menor do que este pa\u00eds. Tamb\u00e9m gostaria de ver Estocolmo novamente, uma cidade surpreendentemente bonita.\u201d<\/p>\n<figure class=\"wp-block-image size-full\"><img loading=\"lazy\" decoding=\"async\" width=\"2560\" height=\"1707\" src=\"https:\/\/bdc2020.o0bc.com\/wp-content\/uploads\/2024\/08\/death-valley_V5PH62MCFXHQVLH3MFS7ZNBCOQ-66b8f3c136d13-scaled.jpg\" alt=\"BRIDGET BENNETT\" class=\"wp-image-31193048\" srcset=\"https:\/\/bdc2020.o0bc.com\/wp-content\/uploads\/2024\/08\/death-valley_V5PH62MCFXHQVLH3MFS7ZNBCOQ-66b8f3c136d13-scaled.jpg?width=200 200w, https:\/\/bdc2020.o0bc.com\/wp-content\/uploads\/2024\/08\/death-valley_V5PH62MCFXHQVLH3MFS7ZNBCOQ-66b8f3c136d13-scaled.jpg?width=300 300w, https:\/\/bdc2020.o0bc.com\/wp-content\/uploads\/2024\/08\/death-valley_V5PH62MCFXHQVLH3MFS7ZNBCOQ-66b8f3c136d13-scaled.jpg?width=400 400w, https:\/\/bdc2020.o0bc.com\/wp-content\/uploads\/2024\/08\/death-valley_V5PH62MCFXHQVLH3MFS7ZNBCOQ-66b8f3c136d13-scaled.jpg?width=500 500w, https:\/\/bdc2020.o0bc.com\/wp-content\/uploads\/2024\/08\/death-valley_V5PH62MCFXHQVLH3MFS7ZNBCOQ-66b8f3c136d13-scaled.jpg?width=600 600w, https:\/\/bdc2020.o0bc.com\/wp-content\/uploads\/2024\/08\/death-valley_V5PH62MCFXHQVLH3MFS7ZNBCOQ-66b8f3c136d13-scaled.jpg?width=700 700w, https:\/\/bdc2020.o0bc.com\/wp-content\/uploads\/2024\/08\/death-valley_V5PH62MCFXHQVLH3MFS7ZNBCOQ-66b8f3c136d13-scaled.jpg?width=800 800w, https:\/\/bdc2020.o0bc.com\/wp-content\/uploads\/2024\/08\/death-valley_V5PH62MCFXHQVLH3MFS7ZNBCOQ-66b8f3c136d13-scaled.jpg?width=900 900w\" sizes=\"auto, (max-width: 2560px) 100vw, 2560px\"\/><figcaption class=\"wp-element-caption\">Visitantes na Bacia Badwater no Parque Nacional do Vale da Morte, no Vale da Morte, Calif\u00f3rnia.<i> \u2013 Bridget Bennett para o Washington Post<\/i><\/figcaption><\/figure>\n<p>Embora a maioria dos leitores sonhe em deixar o pa\u00eds, alguns est\u00e3o entusiasmados com as viagens dentro dos EUA este ano. Bob de Merrimack quer ir para <strong>Maui<\/strong> e Greta de Northborough est\u00e1 planejando viagens para <strong>Calif\u00f3rnia<\/strong> <strong>Parque Nacional do Vale da Morte <\/strong>e <strong>Parque Nacional Joshua Tree<\/strong>. <\/p>\n<p>\u201cIrei com minha fam\u00edlia e a raz\u00e3o \u00e9 porque amo a natureza e quero ver um tipo de paisagem diferente daquela que temos na Nova Inglaterra\u201d, escreveu ela.<\/p>\n<div class=\"gform_wrapper m-gforms-poll-block gravity-theme gform-theme--no-framework\">\n<div class=\"gpoll_container\">\n<div class=\"gpoll_field\">\n<div class=\"gpoll_field_label_container\">\n<p>Onde est\u00e1 o destino de viagem dos seus sonhos em 2025?<\/p>\n<\/div>\n<p><!-- .gpoll_choice_wrapper --><!-- .gpoll_choice_wrapper --><!-- .gpoll_choice_wrapper --><\/div>\n<p><!-- .gpoll_field --><\/div>\n<\/div>\n<div class=\"o-author-single has-avatar\">\n<header class=\"m-author-card\">\n<div class=\"a-image a-image--square m-author-card__image\">\n\t\t<img decoding=\"async\" class=\"\" src=\"https:\/\/www.boston.com\/wp-content\/uploads\/2024\/10\/cropped-IMG_4797-6707dc45a689a-rotated-1-6707dc4f72826-242x242.jpg\" alt=\"Imagem do perfil de Kristi Palma\"\/>\t<\/div>\n<div class=\"m-author-card__text\">\n<h3 class=\"m-author-card__title\"><a href=\"https:\/\/www.boston.com\/author\/kristi.palma\">Kristi Palma<\/a><\/h3>\n<p><span class=\"m-author-card__subtitle\">Escritor de cultura<\/span>\t<\/div>\n<\/header>\n<section class=\"author-info\">\n<div class=\"m-author__section\">\n<p>Kristi Palma \u00e9 redatora cultural do Boston.com, com foco em viagens para a Nova Inglaterra. Ela cobre companhias a\u00e9reas, hot\u00e9is e atividades em Boston e na Nova Inglaterra. Ela \u00e9 autora de <a href=\"https:\/\/www.boston.com\/tag\/scenic-six\/\">C\u00e9nico Seis<\/a>um boletim informativo semanal de viagens.<\/p>\n<\/div>\n<\/section>\n<\/div>\n<div class=\"m-block m-generic-cta\t m-generic-cta--post-content\t m-generic-cta--dark\t m-generic-cta--homepage\t m-generic-cta--email-signup\t\t m-generic-cta-block-style--default \tt-amp__generic-cta\"><\/p>\n<div class=\"m-generic-cta__wrap\">\n<div class=\"m-generic-cta__content\">\n<h3 class=\"m-generic-cta__title\">Boston.com hoje<\/h3>\n<p class=\"m-generic-cta__subtitle\">Inscreva-se para receber as \u00faltimas manchetes em sua caixa de entrada todas as manh\u00e3s.<\/p>\n<\/p><\/div>\n<\/p><\/div>\n<\/div><\/div>\n<p><script>\n\t\tvar consent=\"grant\";\n\t\t\/* The above code is parsing the JSON data from the local storage and storing it in a variable. *\/\n\t\t\t\t\tconst onetrustStorageConsent = JSON.parse(localStorage.getItem( 'consent_one_trust_bdc' ) );\n\t\t\tif ( ( onetrustStorageConsent !== null ) ) {\n\t\t\t\t\/* Checking to see if the user has consented to the use of cookies.\n\t\t\t\t* If they have not, it is deleting the cookie.\n\t\t\t\t* This will comment for now, until further notice.\n\t\t\t\t*\/\n\t\t\t\t\/\/if ( onetrustStorageConsent.C0002 === false ) {\n\t\t\t\t\/\/\tdocument.cookie=\"_fbp=;expires=Thu, 01 Jan 2010 00:00:00 UTC; path=\/; domain=.boston.com\";\n\t\t\t\t\/\/}\n\t\t\t\t\/* Checking if the user has given consent for the cookie C0002.\n\t\t\t\t* If the user has given consent, the variable consent will be set to 'grant'.\n\t\t\t\t* If the user has not given consent,the variable consent will be set to 'revoke'.\n\t\t\t\t* Documentation https:\/\/developers.facebook.com\/docs\/meta-pixel\/implementation\/gdpr\n\t\t\t\t*\/\n\t\t\t\tif ( onetrustStorageConsent.C0002 !== true ) {\n\t\t\t\t\tconsent=\"revoke\";\n\t\t\t\t}\n\t\t\t}\n\t\t\t\t!function(f,b,e,v,n,t,s)\n\t\t{if(f.fbq)return;n=f.fbq=function(){n.callMethod?\n\t\tn.callMethod.apply(n,arguments):n.queue.push(arguments)};\n\t\tif(!f._fbq)f._fbq=n;n.push=n;n.loaded=!0;n.version='2.0';\n\t\tn.queue=[];t=b.createElement(e);t.async=!0;\n\t\tt.src=v;s=b.getElementsByTagName(e)[0];\n\t\ts.parentNode.insertBefore(t,s)}(window, document,'script',\n\t\t'https:\/\/connect.facebook.net\/en_US\/fbevents.js');\n\t\tfbq('consent', consent);\n\t\tfbq('init', '989222871864976');\n\t\tfbq('track', 'PageView');\n\t<\/script><script type=\"module\">\n\t\tvar consent=\"grant\";\n\t\t\/* The above code is parsing the JSON data from the local storage and storing it in a variable. *\/\n\t\t\tconst onetrustStorageConsent = JSON.parse(localStorage.getItem( 'consent_one_trust_bdc' ) );\n\t\t\t\/* Checking to see if the user has consented to the use of cookies.\n\t\t\t* If they have not, it is deleting the cookie.\n\t\t\t* This will comment for now, until further notice.\n\t\t\t*\/\n\t\t\t\/\/if ( onetrustStorageConsent.C0002 === false ) {\n\t\t\t\/\/\tdocument.cookie=\"_fbp=;expires=Thu, 01 Jan 2010 00:00:00 UTC; path=\/; domain=.boston.com\";\n\t\t\t\/\/}\n\t\t\t\/* Checking if the user has given consent for the cookie C0002.\n\t\t\t* If the user has given consent, the variable consent will be set to 'grant'.\n\t\t\t* If the user has not given consent,the variable consent will be set to 'revoke'.\n\t\t\t* Documentation https:\/\/developers.facebook.com\/docs\/meta-pixel\/implementation\/gdpr\n\t\t\t*\/\n\t\t\tif ( ( onetrustStorageConsent !== null ) && (onetrustStorageConsent.C0002 !== true ) ) {\n\t\t\t\tconsent=\"revoke\";\n\t\t\t}\n\t\t\t\t!function(f,b,e,v,n,t,s){if(f.fbq)return;n=f.fbq=function()\n\t\t{n.callMethod? n.callMethod.apply(n,arguments):n.queue.push(arguments)}\n\t\t;if(!f._fbq)f._fbq=n;\n\t\tn.push=n;n.loaded=!0;n.version='2.0';n.queue=[];t=b.createElement(e);t.async=!0;\n\t\tt.src=v;s=b.getElementsByTagName(e)[0];s.parentNode.insertBefore(t,s)}(window,\n\t\tdocument,'script','https:\/\/connect.facebook.net\/en_US\/fbevents.js');\n\t\tfbq('consent', consent);\n\t\tfbq('init', '813236348753005');\n\t\tfbq('track', \"PageView\");\n\t<\/script><br \/>\n<br \/><br \/>\n<br \/><a href=\"https:\/\/www.boston.com\/community\/travel\/2025\/01\/03\/boston-com-readers-2025-travel-wish-list\/\">Source link <\/a><\/p>","protected":false},"excerpt":{"rendered":"<p>Viagem \u201cQuero ver um tipo de paisagem diferente daquela que temos na Nova Inglaterra.\u201d Parque Nacional de Banff em Alberta, Canad\u00e1. Kari Bodnarchuk para The Boston Gobe Por Kristi Palma&hellip;<\/p>","protected":false},"author":1,"featured_media":86907,"comment_status":"closed","ping_status":"open","sticky":false,"template":"","format":"standard","meta":{"content-type":"","footnotes":""},"categories":[1],"tags":[],"class_list":["post-86906","post","type-post","status-publish","format-standard","has-post-thumbnail","hentry","category-uncategorized"],"_links":{"self":[{"href":"https:\/\/tvbrazilusa.com\/pt\/wp-json\/wp\/v2\/posts\/86906","targetHints":{"allow":["GET"]}}],"collection":[{"href":"https:\/\/tvbrazilusa.com\/pt\/wp-json\/wp\/v2\/posts"}],"about":[{"href":"https:\/\/tvbrazilusa.com\/pt\/wp-json\/wp\/v2\/types\/post"}],"author":[{"embeddable":true,"href":"https:\/\/tvbrazilusa.com\/pt\/wp-json\/wp\/v2\/users\/1"}],"replies":[{"embeddable":true,"href":"https:\/\/tvbrazilusa.com\/pt\/wp-json\/wp\/v2\/comments?post=86906"}],"version-history":[{"count":1,"href":"https:\/\/tvbrazilusa.com\/pt\/wp-json\/wp\/v2\/posts\/86906\/revisions"}],"predecessor-version":[{"id":86908,"href":"https:\/\/tvbrazilusa.com\/pt\/wp-json\/wp\/v2\/posts\/86906\/revisions\/86908"}],"wp:featuredmedia":[{"embeddable":true,"href":"https:\/\/tvbrazilusa.com\/pt\/wp-json\/wp\/v2\/media\/86907"}],"wp:attachment":[{"href":"https:\/\/tvbrazilusa.com\/pt\/wp-json\/wp\/v2\/media?parent=86906"}],"wp:term":[{"taxonomy":"category","embeddable":true,"href":"https:\/\/tvbrazilusa.com\/pt\/wp-json\/wp\/v2\/categories?post=86906"},{"taxonomy":"post_tag","embeddable":true,"href":"https:\/\/tvbrazilusa.com\/pt\/wp-json\/wp\/v2\/tags?post=86906"}],"curies":[{"name":"wp","href":"https:\/\/api.w.org\/{rel}","templated":true}]}}