{"id":86915,"date":"2025-01-03T15:58:49","date_gmt":"2025-01-03T15:58:49","guid":{"rendered":"https:\/\/tvbrazilusa.com\/2025\/01\/03\/jahlani-tavai-quer-que-os-fas-do-patriots-conhecam-seu-lugar-apos-vaias-e-pede-a-demissao-de-jerod-mayo\/"},"modified":"2025-01-03T16:13:59","modified_gmt":"2025-01-03T16:13:59","slug":"jahlani-tavai-quer-que-os-fas-do-patriots-conhecam-seu-lugar-apos-vaias-e-pede-a-demissao-de-jerod-mayo","status":"publish","type":"post","link":"https:\/\/tvbrazilusa.com\/pt\/2025\/01\/03\/jahlani-tavai-quer-que-os-fas-do-patriots-conhecam-seu-lugar-apos-vaias-e-pede-a-demissao-de-jerod-mayo\/","title":{"rendered":"Jahlani Tavai quer que os f\u00e3s do Patriots \u2018conhe\u00e7am seu lugar\u2019 ap\u00f3s vaias e pede a demiss\u00e3o de Jerod Mayo"},"content":{"rendered":"<p> <script async src=\"https:\/\/pagead2.googlesyndication.com\/pagead\/js\/adsbygoogle.js?client=ca-pub-8864793242727901\"\r\n     crossorigin=\"anonymous\"><\/script><br \/>\n<\/p>\n<div id=\"\">\n<header class=\"m-article-header m-article-header--standard\">\n\t\t\t\t\t\t\t\t\t\t\t\t<span id=\"article-header-primary-term\"><br \/>\n\t\t\t\t\t\t\t\t<a class=\"a-term a-term--primary\" href=\"https:\/\/www.boston.com\/tag\/morning-sports-update\/\"><\/p>\n<p>\t\t\t\t\t\t\t\tAtualiza\u00e7\u00e3o esportiva matinal\t\t\t\t\t\t\t\t<\/a><br \/>\n\t\t\t\t\t\t\t<\/span><\/p>\n<h2 class=\"m-article-header__sub-headline\">&#8220;H\u00e1 uma raz\u00e3o pela qual eles s\u00e3o f\u00e3s. Todos podem dizer o que acham que dever\u00edamos fazer.&#8221;<\/h2>\n<figure class=\"a-photo m-article-header__photo\"><figcaption class=\"a-photo__caption\">\n<p>\tJahlani Tavai lidera os Patriots em tackles nesta temporada.<em> (Foto AP\/Greg M. Cooper)<\/em>\t<\/figcaption><\/figure>\n<div class=\"m-article-header__meta\">\n<div class=\"m-article-header__byline\">\n<p class=\"m-article-header__author\">\n<p>\t\t\t\t\t\t\t\tPor <a class=\"a-link a-link--inline\" href=\"https:\/\/www.boston.com\/author\/conor-roche\/\">Conor Roche<\/a>\t\t\t\t\t\t\t<\/p>\n<p>\t\t\t\t\t\t\t\t\t\t\t\t\t\t\t<time class=\"m-article-header__date\"><\/p>\n<p>\t\t\t\t\t\t\t\t\t3 de janeiro de 2025 | 10h58\t\t\t\t\t\t\t\t<\/time><\/p>\n<p><span>5 minutos para ler<\/span><\/p>\n<\/p><\/div>\n<\/p><\/div>\n<\/header>\n<p><strong>Linebacker do Patriots chama f\u00e3s<\/strong>: Jahlani Tavai se tornou o \u00faltimo jogador do Patriots a <a href=\"https:\/\/www.boston.com\/sports\/new-england-patriots\/2024\/12\/29\/davon-godchaux-new-england-patriots-nfl-football\/\" target=\"_blank\" rel=\"noreferrer noopener\">criticar os torcedores do time<\/a> por vaias e seus gritos pedindo a demiss\u00e3o de Jerod Mayo durante a derrota contra os Chargers no \u00faltimo s\u00e1bado.<\/p>\n<p>Em <a href=\"https:\/\/x.com\/TheGregHillShow\/status\/1875163880399523885\" target=\"_blank\" rel=\"noreferrer noopener\">uma entrevista com \u201cThe Greg Hill Show\u201d da WEEI na sexta-feira<\/a>o linebacker do Patriots disse que ficou incomodado com as vaias e que disse a um torcedor para se acalmar de forma \u201cn\u00e3o educada\u201d durante a derrota para o Chargers.<\/p>\n<p>\u201cN\u00e3o sei\u201d, respondeu Tavai quando questionado se entendia por que os torcedores estavam vaiando o time. \u201cH\u00e1 uma raz\u00e3o pela qual eles s\u00e3o f\u00e3s. Todos podem dizer o que acham que dever\u00edamos fazer. No final das contas, eles n\u00e3o est\u00e3o qualificados para fazer o que Mayo est\u00e1 fazendo, ou o que quer que os Pats estejam fazendo. <\/p>\n<p>\u201cOs torcedores, \u00e0s vezes eu os aprecio, mas \u00e0s vezes eles s\u00f3 precisam conhecer o seu lugar e entender que \u00e9 um trabalho em andamento. Roma n\u00e3o foi constru\u00edda em um dia.\u201d<\/p>\n<p>Tavai \u00e9 o terceiro jogador da defesa dos Patriots a chamar a aten\u00e7\u00e3o dos torcedores por suas vaias e gritos desde a derrota para os Chargers. O defensor dos Patriots, Davon Godchaux, chamou os gritos de \u201crid\u00edculos\u201d e discordou das vaias.<\/p>\n<p>\u201cEu s\u00f3 estando na Nova Inglaterra h\u00e1 quatro anos, poderia ter sido melhor recebido pelos f\u00e3s com as vaias e coisas assim\u201d, disse Godchaux no s\u00e1bado. \u201c\u00c9 constrangedor, eu entendo, mas no final das contas, voc\u00ea est\u00e1 lutando pelo orgulho no final das contas.\u201d<\/p>\n<p>O lado defensivo do Patriots, Deatrich Wise Jr., disse que embora tenha \u201crespeito\u201d pelos torcedores, ele e o time n\u00e3o \u201capreciaram as vaias\u201d. <\/p>\n<p>\u201cN\u00e3o apreciamos a explos\u00e3o [against Mayo]\u201d, disse Wise ap\u00f3s a derrota dos Chargers.<\/p>\n<p>Enquanto isso, Mayo disse que j\u00e1 havia conversado com Tavai quando se encontrou com rep\u00f3rteres esta manh\u00e3. O t\u00e9cnico do Patriots n\u00e3o disse o que disse a Tavai, mas defendeu o direito dos torcedores de criticar o time.<\/p>\n<p>\u201cJ\u00e1 disse isso antes, tamb\u00e9m sou f\u00e3 de coisas diferentes\u201d, disse Mayo. \u201cOlha, ningu\u00e9m est\u00e1 feliz com nosso hist\u00f3rico. Ningu\u00e9m est\u00e1 feliz onde estamos agora. E os torcedores pagam as contas, v\u00eam aqui e exigem que a gente v\u00e1 l\u00e1 e tenha um bom desempenho. E n\u00e3o fizemos isso este ano. Ent\u00e3o olhe, eu entendo.<\/p>\n<figure class=\"wp-block-embed is-type-rich is-provider-twitter wp-block-embed-twitter\"\/>\n<p>Os Patriots passaram por muitos momentos dif\u00edceis na primeira temporada de Mayo como t\u00e9cnico principal. Com 3-13 anos, eles est\u00e3o atualmente projetados para ter a escolha geral n\u00famero 1 no Draft de 2025 da NFL. Eles tamb\u00e9m est\u00e3o no meio de uma seq\u00fc\u00eancia de seis derrotas consecutivas, a segunda seq\u00fc\u00eancia consecutiva na temporada.<\/p>\n<p>Tavai disse que est\u00e1 decepcionado com o andamento da temporada, mas espera que a equipe esteja caminhando para algo maior no futuro. <\/p>\n<p>\u201cHouve equipes que demonstraram \u2013 uma equipe de trabalho em andamento; os Le\u00f5es, h\u00e1 quatro anos, quando Dan Campbell assumiu, qual era o seu recorde [3-13-1]? Ent\u00e3o, nestes \u00faltimos dois anos, n\u00e3o estou tentando comparar, mas esse \u00e9 um objetivo que estamos tentando desenvolver aqui neste novo regime\u201d, disse Tavai. \u201cEssa \u00e9 a miss\u00e3o: saber como os Le\u00f5es est\u00e3o melhorando. Esse \u00e9 o tipo de time que nos vemos: um candidato aos playoffs. Infelizmente, isso n\u00e3o \u00e9 este ano.\u201d<\/p>\n<p><strong>Curiosidades:<\/strong> Tavai lidera os Patriots em tackles nesta temporada, com 111 tackles combinados. O jogador com o segundo maior n\u00famero tem 32 tackles a menos no total. Quem \u00e9 esse jogador?<\/p>\n<p>(Dica: ele foi convocado pelos Patriots)<\/p>\n<p><strong>Cronograma e resultados<\/strong><\/p>\n<p>O Celtics come\u00e7ou sua viagem de quatro jogos contra alguns dos melhores times da Confer\u00eancia Oeste em alta na quinta-feira. Eles derrotaram os Timberwolves por 118-115. Boston enfrentar\u00e1 Houston \u00e0s 20h de sexta-feira. O Celtics tamb\u00e9m ter\u00e1 um confronto contra o Thunder \u00e0s 15h30 de domingo.<\/p>\n<p>De volta \u00e0 Costa Leste, os Bruins perderam para o Rangers por 2 a 1, em Nova York, na quinta-feira. Eles enfrentar\u00e3o o primeiro colocado Maple Leafs em Toronto no s\u00e1bado \u00e0s 19h. Eles tamb\u00e9m receber\u00e3o os Islanders no domingo \u00e0s 18h.<\/p>\n<p>Finalmente, a temporada de 2024 dos Patriots chegar\u00e1 ao fim no domingo. Eles hospedam os Bills, que v\u00e3o para os playoffs, e n\u00e3o se espera que joguem como titulares por muito tempo. Enquanto isso, Drake Maye deve come\u00e7ar pelos Patriots. O pontap\u00e9 inicial est\u00e1 marcado para as 13h<\/p>\n<p><strong>Leia mais em Boston.com<\/strong><\/p>\n<p><strong>Mike Vrabel em entrevista aos Jets<\/strong><\/p>\n<p>O ex-astro dos Patriots e t\u00e9cnico dos Titans, Mike Vrabel, tem sua primeira entrevista do ciclo de treinamento de 2025 definido. Ele far\u00e1 uma entrevista com os Jets na sexta-feira, <a href=\"https:\/\/x.com\/ZackBlatt\/status\/1875151422234447920\" target=\"_blank\" rel=\"noreferrer noopener\"><em>O Atl\u00e9tico<\/em>Zack Rosenblatt relatou<\/a>. Vrabel, que foi demitido pelos Tit\u00e3s ap\u00f3s a temporada de 2023, \u00e9 visto como um dos melhores treinadores do mercado antes da entressafra. Ele tamb\u00e9m foi especulado como um poss\u00edvel substituto para Jerod Mayo se os Patriots se livrassem do t\u00e9cnico do primeiro ano. <\/p>\n<figure class=\"wp-block-embed is-type-rich is-provider-twitter wp-block-embed-twitter\"\/>\n<p><strong>Jimmy Butler supostamente solicita troca do Heat<\/strong><\/p>\n<p>Os dias de Butler em South Beach podem estar contados. A estrela do Heat indicou ao time que gostaria de ser negociado, <a href=\"https:\/\/www.espn.com\/nba\/story\/_\/id\/43266837\/sources-jimmy-butler-indicates-heat-wants-trade\" target=\"_blank\" rel=\"noreferrer noopener\">Shams Charania e Brian Windhorst da ESPN relataram<\/a>. <\/p>\n<p>Houve rumores comerciais em torno de Butler recentemente, enquanto ele buscava uma extens\u00e3o de contrato, mas o Heat n\u00e3o lhe deu uma. O presidente do Heat, Pat Riley, disse anteriormente que a equipe n\u00e3o tinha inten\u00e7\u00e3o de troc\u00e1-lo. No entanto, a situa\u00e7\u00e3o pareceu piorar ap\u00f3s o desempenho de nove pontos de Butler na derrota do Heat para o Pacers na quinta-feira.<\/p>\n<p>\u201cQuero me ver recuperando minha alegria jogando basquete. Seja l\u00e1 onde for, descobriremos aqui em breve\u201d, disse Butler aos rep\u00f3rteres. \u201cEstou feliz aqui fora da quadra, mas quero voltar a ser um tanto dominante, quero arremessar e quero ajudar esse time a vencer, e no momento n\u00e3o estou fazendo isso.\u201d<\/p>\n<figure class=\"wp-block-embed is-type-rich is-provider-twitter wp-block-embed-twitter\"\/>\n<p><strong>Destaque di\u00e1rio<\/strong><\/p>\n<p>Steph Curry aparentemente conseguiu tudo o que era poss\u00edvel atr\u00e1s da linha de 3 pontos em sua ilustre carreira. Mas a estrela dos Warriors teve uma nova estreia na noite de quinta-feira. Ele fez todas as oito tentativas de 3 pontos que fez na vit\u00f3ria dos Warriors por 139-105 sobre o 76ers. Marcou a maior quantidade de marca\u00e7\u00f5es de 3 pontos que ele teve em um jogo sem perder em sua carreira. Tamb\u00e9m ficou a um passo do recorde da NBA de maior n\u00famero de gols de 3 pontos sem perder em um jogo.<\/p>\n<figure class=\"wp-block-embed is-type-rich is-provider-twitter wp-block-embed-twitter\"\/>\n<p><strong>Neste dia<\/strong><\/p>\n<p>H\u00e1 cento e cinco anos, na sexta-feira, o p\u00fablico soube do com\u00e9rcio que mudaria o curso da hist\u00f3ria do beisebol. O Red Sox anunciou oficialmente que havia vendido Babe Ruth para o Yankees. O propriet\u00e1rio do Red Sox, Harry Frazee, recebeu US$ 125.000 mais um empr\u00e9stimo de US$ 350.000 para Ruth, que estava buscando um novo contrato na \u00e9poca.<\/p>\n<p>O acordo deu in\u00edcio ao dom\u00ednio do campeonato dos Yankees, ganhando quatro t\u00edtulos da World Series com Ruth. Tamb\u00e9m marcou o in\u00edcio da \u201cMaldi\u00e7\u00e3o do Bambino\u201d, com os Yankees vencendo 26 campeonatos ap\u00f3s a troca, antes de os Red Sox vencerem novamente em 2004. <\/p>\n<p><em>Resposta trivial: Kyle Dugger; 79 tackles totais<\/em><\/p>\n<div class=\"m-block m-generic-cta\t m-generic-cta--post-content\t m-generic-cta--dark\t m-generic-cta--homepage\t m-generic-cta--email-signup\t\t m-generic-cta-block-style--default \tt-amp__generic-cta\"><\/p>\n<div class=\"m-generic-cta__wrap\">\n<div class=\"m-generic-cta__content\">\n<h3 class=\"m-generic-cta__title\">Inscreva-se para receber atualiza\u00e7\u00f5es do Patriots\ud83c\udfc8<\/h3>\n<p class=\"m-generic-cta__subtitle\">Receba as \u00faltimas not\u00edcias e an\u00e1lises em sua caixa de entrada durante a temporada de futebol.<\/p>\n<\/p><\/div>\n<\/p><\/div>\n<\/div><\/div>\n<p><script>\n\t\tvar consent=\"grant\";\n\t\t\/* The above code is parsing the JSON data from the local storage and storing it in a variable. *\/\n\t\t\t\t\tconst onetrustStorageConsent = JSON.parse(localStorage.getItem( 'consent_one_trust_bdc' ) );\n\t\t\tif ( ( onetrustStorageConsent !== null ) ) {\n\t\t\t\t\/* Checking to see if the user has consented to the use of cookies.\n\t\t\t\t* If they have not, it is deleting the cookie.\n\t\t\t\t* This will comment for now, until further notice.\n\t\t\t\t*\/\n\t\t\t\t\/\/if ( onetrustStorageConsent.C0002 === false ) {\n\t\t\t\t\/\/\tdocument.cookie=\"_fbp=;expires=Thu, 01 Jan 2010 00:00:00 UTC; path=\/; domain=.boston.com\";\n\t\t\t\t\/\/}\n\t\t\t\t\/* Checking if the user has given consent for the cookie C0002.\n\t\t\t\t* If the user has given consent, the variable consent will be set to 'grant'.\n\t\t\t\t* If the user has not given consent,the variable consent will be set to 'revoke'.\n\t\t\t\t* Documentation https:\/\/developers.facebook.com\/docs\/meta-pixel\/implementation\/gdpr\n\t\t\t\t*\/\n\t\t\t\tif ( onetrustStorageConsent.C0002 !== true ) {\n\t\t\t\t\tconsent=\"revoke\";\n\t\t\t\t}\n\t\t\t}\n\t\t\t\t!function(f,b,e,v,n,t,s)\n\t\t{if(f.fbq)return;n=f.fbq=function(){n.callMethod?\n\t\tn.callMethod.apply(n,arguments):n.queue.push(arguments)};\n\t\tif(!f._fbq)f._fbq=n;n.push=n;n.loaded=!0;n.version='2.0';\n\t\tn.queue=[];t=b.createElement(e);t.async=!0;\n\t\tt.src=v;s=b.getElementsByTagName(e)[0];\n\t\ts.parentNode.insertBefore(t,s)}(window, document,'script',\n\t\t'https:\/\/connect.facebook.net\/en_US\/fbevents.js');\n\t\tfbq('consent', consent);\n\t\tfbq('init', '989222871864976');\n\t\tfbq('track', 'PageView');\n\t<\/script><script type=\"module\">\n\t\tvar consent=\"grant\";\n\t\t\/* The above code is parsing the JSON data from the local storage and storing it in a variable. *\/\n\t\t\tconst onetrustStorageConsent = JSON.parse(localStorage.getItem( 'consent_one_trust_bdc' ) );\n\t\t\t\/* Checking to see if the user has consented to the use of cookies.\n\t\t\t* If they have not, it is deleting the cookie.\n\t\t\t* This will comment for now, until further notice.\n\t\t\t*\/\n\t\t\t\/\/if ( onetrustStorageConsent.C0002 === false ) {\n\t\t\t\/\/\tdocument.cookie=\"_fbp=;expires=Thu, 01 Jan 2010 00:00:00 UTC; path=\/; domain=.boston.com\";\n\t\t\t\/\/}\n\t\t\t\/* Checking if the user has given consent for the cookie C0002.\n\t\t\t* If the user has given consent, the variable consent will be set to 'grant'.\n\t\t\t* If the user has not given consent,the variable consent will be set to 'revoke'.\n\t\t\t* Documentation https:\/\/developers.facebook.com\/docs\/meta-pixel\/implementation\/gdpr\n\t\t\t*\/\n\t\t\tif ( ( onetrustStorageConsent !== null ) && (onetrustStorageConsent.C0002 !== true ) ) {\n\t\t\t\tconsent=\"revoke\";\n\t\t\t}\n\t\t\t\t!function(f,b,e,v,n,t,s){if(f.fbq)return;n=f.fbq=function()\n\t\t{n.callMethod? n.callMethod.apply(n,arguments):n.queue.push(arguments)}\n\t\t;if(!f._fbq)f._fbq=n;\n\t\tn.push=n;n.loaded=!0;n.version='2.0';n.queue=[];t=b.createElement(e);t.async=!0;\n\t\tt.src=v;s=b.getElementsByTagName(e)[0];s.parentNode.insertBefore(t,s)}(window,\n\t\tdocument,'script','https:\/\/connect.facebook.net\/en_US\/fbevents.js');\n\t\tfbq('consent', consent);\n\t\tfbq('init', '813236348753005');\n\t\tfbq('track', \"PageView\");\n\t<\/script><br \/>\n<br \/><br \/>\n<br \/><a href=\"https:\/\/www.boston.com\/sports\/morning-sports-update\/2025\/01\/03\/jahlani-tavai-patriots-fans-quote-jerod-mayo\/\">Source link <\/a><\/p>","protected":false},"excerpt":{"rendered":"<p>Atualiza\u00e7\u00e3o esportiva matinal &#8220;H\u00e1 uma raz\u00e3o pela qual eles s\u00e3o f\u00e3s. Todos podem dizer o que acham que dever\u00edamos fazer.&#8221; Jahlani Tavai lidera os Patriots em tackles nesta temporada. (Foto&hellip;<\/p>","protected":false},"author":1,"featured_media":86916,"comment_status":"closed","ping_status":"open","sticky":false,"template":"","format":"standard","meta":{"content-type":"","footnotes":""},"categories":[1],"tags":[],"class_list":["post-86915","post","type-post","status-publish","format-standard","has-post-thumbnail","hentry","category-uncategorized"],"_links":{"self":[{"href":"https:\/\/tvbrazilusa.com\/pt\/wp-json\/wp\/v2\/posts\/86915","targetHints":{"allow":["GET"]}}],"collection":[{"href":"https:\/\/tvbrazilusa.com\/pt\/wp-json\/wp\/v2\/posts"}],"about":[{"href":"https:\/\/tvbrazilusa.com\/pt\/wp-json\/wp\/v2\/types\/post"}],"author":[{"embeddable":true,"href":"https:\/\/tvbrazilusa.com\/pt\/wp-json\/wp\/v2\/users\/1"}],"replies":[{"embeddable":true,"href":"https:\/\/tvbrazilusa.com\/pt\/wp-json\/wp\/v2\/comments?post=86915"}],"version-history":[{"count":1,"href":"https:\/\/tvbrazilusa.com\/pt\/wp-json\/wp\/v2\/posts\/86915\/revisions"}],"predecessor-version":[{"id":86917,"href":"https:\/\/tvbrazilusa.com\/pt\/wp-json\/wp\/v2\/posts\/86915\/revisions\/86917"}],"wp:featuredmedia":[{"embeddable":true,"href":"https:\/\/tvbrazilusa.com\/pt\/wp-json\/wp\/v2\/media\/86916"}],"wp:attachment":[{"href":"https:\/\/tvbrazilusa.com\/pt\/wp-json\/wp\/v2\/media?parent=86915"}],"wp:term":[{"taxonomy":"category","embeddable":true,"href":"https:\/\/tvbrazilusa.com\/pt\/wp-json\/wp\/v2\/categories?post=86915"},{"taxonomy":"post_tag","embeddable":true,"href":"https:\/\/tvbrazilusa.com\/pt\/wp-json\/wp\/v2\/tags?post=86915"}],"curies":[{"name":"wp","href":"https:\/\/api.w.org\/{rel}","templated":true}]}}