{"id":86921,"date":"2025-01-03T16:20:13","date_gmt":"2025-01-03T16:20:13","guid":{"rendered":"https:\/\/tvbrazilusa.com\/2025\/01\/03\/mais-lidas-viuva-de-ricardo-boechat-expoe-dificuldades-para-criar-filhas\/"},"modified":"2025-01-03T16:20:15","modified_gmt":"2025-01-03T16:20:15","slug":"mais-lidas-viuva-de-ricardo-boechat-expoe-dificuldades-para-criar-filhas","status":"publish","type":"post","link":"https:\/\/tvbrazilusa.com\/pt\/2025\/01\/03\/mais-lidas-viuva-de-ricardo-boechat-expoe-dificuldades-para-criar-filhas\/","title":{"rendered":"MAIS LIDAS: vi\u00fava de Ricardo Boechat exp\u00f5e dificuldades para criar filhas"},"content":{"rendered":"<p> <script async src=\"https:\/\/pagead2.googlesyndication.com\/pagead\/js\/adsbygoogle.js?client=ca-pub-8864793242727901\"\r\n     crossorigin=\"anonymous\"><\/script><br \/>\n<\/p>\n<div id=\"taboola-read-more\" style=\"display:block; width:100%\">\n<p>Neste in\u00edcio de ano, Oeste traz novamente aos leitores reportagens que fizeram sucesso ao longo de 2024. O texto abaixo, publicado originalmente em 25 de setembro, relata as dificuldades para criar meninas emocionalmente independentes.\n<\/p>\n<p>Leia a reportagem<br \/>A empres\u00e1ria Veruska Seibel Boechat, vi\u00fava do jornalista Ricardo Boechat (1952-2019), compartilhou um \u00e1udio direcionado a uma de suas filhas no qual lamenta os desafios de criar meninas emocionalmente independentes.<\/p>\n<p>No \u00e1udio, a comunicadora d\u00e1 um conselho \u00e0 herdeira. \u201cQuem te faz bem te procura, com quem voc\u00ea gosta de estar, s\u00e3o essas pessoas para quem voc\u00ea vai dar sua companhia, sua aten\u00e7\u00e3o, sua disponibilidade. \u00c9 assim a vida, \u00e9 uma troca, o tempo inteiro. Quem muito se ausenta deixa de fazer falta\u201d, iniciou a ex-funcion\u00e1ria da Band.\n<\/p>\n<p>\u201cVale para os outros, vale para a gente. Queira estar com quem quer estar com voc\u00ea. Procure as pessoas que te fazem bem, com quem voc\u00ea gosta de estar junto e d\u00ea a elas o mesmo que elas te d\u00e3o\u201d, declarou a vi\u00fava de Ricardo Boechat.\n<\/p>\n<p>Veruska Boechat assumiu a responsabilidade de criar suas filhas, Valentina e Catarina, depois da morte de Ricardo Boechat, em um acidente de helic\u00f3ptero, em 2019. Em suas redes sociais, ela compartilha reflex\u00f5es sobre a maternidade e a import\u00e2ncia da intelig\u00eancia emocional nas rela\u00e7\u00f5es pessoais. \u201cN\u00e3o estou criando analfabetas emocionais\u201d, disse.\n<\/p>\n<p>Vi\u00fava de Ricardo Boechat foi demitida pela Band<br \/>\u201cEu sendo m\u00e3e. O dia todo, todos os dias. Como \u00e9 dif\u00edcil! De menina, ent\u00e3o, miseric\u00f3rdia! Pelo menos n\u00e3o estou criando analfabetas emocionais. O mundo est\u00e1 cheio de gente que n\u00e3o sabe se relacionar, menos ainda se comunicar\u201d, afirmou Veruska.\n<\/p>\n<p>Em mar\u00e7o deste ano, a Band demitiu Veruska. A comunicadora se juntou a profissionais do Bora Brasil, do Bora SP, do Jornal da Noite e do Brasil Urgente na lista de dispensas da empresa. \u201cMeu \u00faltimo dia de trabalho na Band, que desde 2005 faz parte da hist\u00f3ria da minha fam\u00edlia\u201d, escreveu. Ela havia sido contratada pela emissora em abril de 2019, dois meses depois da morte tr\u00e1gica do \u00e2ncora.\n<\/p>\n<p>Fonte: Revista Oeste              <\/p>\n<\/div>\n<p><br \/>\n<br \/><a href=\"https:\/\/diariodobrasilnoticias.com.br\/noticia\/mais-lidas-viuva-de-ricardo-boechat-expoe-dificuldades-para-criar-filhas-6777f38d8cc58\">Source link <\/a><\/p>","protected":false},"excerpt":{"rendered":"<p>Neste in\u00edcio de ano, Oeste traz novamente aos leitores reportagens que fizeram sucesso ao longo de 2024. O texto abaixo, publicado originalmente em 25 de setembro, relata as dificuldades para&hellip;<\/p>","protected":false},"author":1,"featured_media":86922,"comment_status":"closed","ping_status":"open","sticky":false,"template":"","format":"standard","meta":{"content-type":"","footnotes":""},"categories":[16],"tags":[123,2448,5313,1267],"class_list":["post-86921","post","type-post","status-publish","format-standard","has-post-thumbnail","hentry","category-noticias","tag-brasil","tag-diario","tag-noticia","tag-noticias"],"_links":{"self":[{"href":"https:\/\/tvbrazilusa.com\/pt\/wp-json\/wp\/v2\/posts\/86921","targetHints":{"allow":["GET"]}}],"collection":[{"href":"https:\/\/tvbrazilusa.com\/pt\/wp-json\/wp\/v2\/posts"}],"about":[{"href":"https:\/\/tvbrazilusa.com\/pt\/wp-json\/wp\/v2\/types\/post"}],"author":[{"embeddable":true,"href":"https:\/\/tvbrazilusa.com\/pt\/wp-json\/wp\/v2\/users\/1"}],"replies":[{"embeddable":true,"href":"https:\/\/tvbrazilusa.com\/pt\/wp-json\/wp\/v2\/comments?post=86921"}],"version-history":[{"count":1,"href":"https:\/\/tvbrazilusa.com\/pt\/wp-json\/wp\/v2\/posts\/86921\/revisions"}],"predecessor-version":[{"id":86923,"href":"https:\/\/tvbrazilusa.com\/pt\/wp-json\/wp\/v2\/posts\/86921\/revisions\/86923"}],"wp:featuredmedia":[{"embeddable":true,"href":"https:\/\/tvbrazilusa.com\/pt\/wp-json\/wp\/v2\/media\/86922"}],"wp:attachment":[{"href":"https:\/\/tvbrazilusa.com\/pt\/wp-json\/wp\/v2\/media?parent=86921"}],"wp:term":[{"taxonomy":"category","embeddable":true,"href":"https:\/\/tvbrazilusa.com\/pt\/wp-json\/wp\/v2\/categories?post=86921"},{"taxonomy":"post_tag","embeddable":true,"href":"https:\/\/tvbrazilusa.com\/pt\/wp-json\/wp\/v2\/tags?post=86921"}],"curies":[{"name":"wp","href":"https:\/\/api.w.org\/{rel}","templated":true}]}}