{"id":86932,"date":"2025-01-03T16:32:44","date_gmt":"2025-01-03T16:32:44","guid":{"rendered":"https:\/\/tvbrazilusa.com\/2025\/01\/03\/espanha-celebra-533-anos-do-fim-do-dominio-islamico-mesmo-diante-de-protestos-da-esquerda\/"},"modified":"2025-01-03T16:32:45","modified_gmt":"2025-01-03T16:32:45","slug":"espanha-celebra-533-anos-do-fim-do-dominio-islamico-mesmo-diante-de-protestos-da-esquerda","status":"publish","type":"post","link":"https:\/\/tvbrazilusa.com\/pt\/2025\/01\/03\/espanha-celebra-533-anos-do-fim-do-dominio-islamico-mesmo-diante-de-protestos-da-esquerda\/","title":{"rendered":"Espanha celebra 533 anos do fim do dom\u00ednio isl\u00e2mico, mesmo diante de protestos da esquerda"},"content":{"rendered":"<p> <script async src=\"https:\/\/pagead2.googlesyndication.com\/pagead\/js\/adsbygoogle.js?client=ca-pub-8864793242727901\"\r\n     crossorigin=\"anonymous\"><\/script><br \/>\n<\/p>\n<div id=\"taboola-read-more\" style=\"display:block; width:100%\">\n<p>Espanha celebrou nesta quinta, 2m o 533\u00ba anivers\u00e1rio da queda de Granada, evento que marcou o fim de quase oito s\u00e9culos de dom\u00ednio mu\u00e7ulmano na Pen\u00ednsula Ib\u00e9rica.\n<\/p>\n<p>A data, fundamental para a consolida\u00e7\u00e3o do estado espanhol e o avan\u00e7o da civiliza\u00e7\u00e3o ocidental, foi celebrada com cortejos tradicionais, cerim\u00f4nias oficiais e homenagens aos reis cat\u00f3licos Fernando e Isabel, respons\u00e1veis pela unifica\u00e7\u00e3o do territ\u00f3rio.<\/p>\n<p>Entre os destaques, um cortejo percorreu a pra\u00e7a central de Granada at\u00e9 a capela real, onde est\u00e3o as tumbas dos monarcas. O evento contou com a presen\u00e7a do prefeito da cidade, representando o PSOE (Partido Socialista Oper\u00e1rio Espanhol). No entanto, o que deveria ser uma celebra\u00e7\u00e3o unificadora foi marcada por boicotes de setores da esquerda, como a Esquerda Unida e o Podemos, que classificaram as comemora\u00e7\u00f5es como \u201creacion\u00e1rias\u201d.\n<\/p>\n<p>Ao rotular a comemora\u00e7\u00e3o como reacion\u00e1ria, esses setores ignoram a import\u00e2ncia do fim do dom\u00ednio isl\u00e2mico, que trouxe liberdade religiosa para os crist\u00e3os, restabeleceu a soberania do territ\u00f3rio invadido e abriu caminho para os avan\u00e7os culturais e cient\u00edficos da Europa renascentista.\n<\/p>\n<p>Manifesta\u00e7\u00f5es contr\u00e1rias, que acusaram as celebra\u00e7\u00f5es de promover \u201cintoler\u00e2ncia\u201d, demonstram uma vis\u00e3o enviesada e uma tentativa de reescrever a hist\u00f3ria para atender a narrativas ideol\u00f3gicas. Ao inv\u00e9s de reconhecer a relev\u00e2ncia da unifica\u00e7\u00e3o da Espanha como marco de progresso, preferem alimentar divis\u00f5es e polariza\u00e7\u00f5es.\n<\/p>\n<p>Segundo o historiador Francisco Garc\u00eda Fitz, a Reconquista foi um processo fundamental na forma\u00e7\u00e3o da identidade espanhola, moldando as estruturas pol\u00edticas e sociais da pen\u00ednsula.\n<\/p>\n<p>A queda de Granada, em 1492, foi o ponto culminante de uma longa luta pela recupera\u00e7\u00e3o da soberania crist\u00e3 na regi\u00e3o. Este evento simboliza a for\u00e7a de um povo em consolidar sua identidade e projetar-se como protagonista na hist\u00f3ria mundial, culminando na Era das Grandes Navega\u00e7\u00f5es e no avan\u00e7o de ideias que moldaram o Ocidente.\n<\/p>\n<p>Comemorar esta data \u00e9 n\u00e3o apenas um ato de mem\u00f3ria hist\u00f3rica, mas de reconhecimento das conquistas que ela proporcionou. Ignorar seu significado ou tentar minimiz\u00e1-lo \u00e9 desprezar um dos momentos mais importantes da forma\u00e7\u00e3o da identidade europeia. A Espanha, ao celebrar o triunfo de 1492, reafirma sua posi\u00e7\u00e3o como guardi\u00e3 de um legado que transformou o mundo.\n<\/p>\n<p>El Cid: Her\u00f3i da Reconquista e \u00cdcone da Hist\u00f3ria Espanhola<br \/>Rodrigo D\u00edaz de Vivar, conhecido como El Cid (1043\u20131099), foi um l\u00edder militar e estrategista essencial na Reconquista da Pen\u00ednsula Ib\u00e9rica.\n<\/p>\n<p>Sua conquista de Val\u00eancia em 1094 consolidou o dom\u00ednio crist\u00e3o em uma regi\u00e3o de forte influ\u00eancia mu\u00e7ulmana. Reconhecido por sua habilidade pol\u00edtica, El Cid formou alian\u00e7as estrat\u00e9gicas com l\u00edderes mu\u00e7ulmanos, transcendendo divis\u00f5es religiosas e garantindo vit\u00f3rias decisivas para os reinos crist\u00e3os.\n<\/p>\n<p>Seu legado foi imortalizado no poema \u00e9pico Cantar de Mio Cid, que o apresenta como s\u00edmbolo de honra, lealdade e coragem. A figura de El Cid tamb\u00e9m ganhou destaque internacional no filme de Hollywood El Cid (1961), estrelado por Charlton Heston e Sophia Loren, que refor\u00e7ou sua imagem como her\u00f3i \u00e9pico e l\u00edder carism\u00e1tico.\n<\/p>\n<p>Fonte: O antagonista              <\/p>\n<\/div>\n<p><br \/>\n<br \/><a href=\"https:\/\/diariodobrasilnoticias.com.br\/noticia\/estudos-comparam-o-desempenho-de-alunos-cotistas-e-nao-cotistas-no-ensino-superior-6777f3f9440cd\">Source link <\/a><\/p>","protected":false},"excerpt":{"rendered":"<p>Espanha celebrou nesta quinta, 2m o 533\u00ba anivers\u00e1rio da queda de Granada, evento que marcou o fim de quase oito s\u00e9culos de dom\u00ednio mu\u00e7ulmano na Pen\u00ednsula Ib\u00e9rica. A data, fundamental&hellip;<\/p>","protected":false},"author":1,"featured_media":86933,"comment_status":"closed","ping_status":"open","sticky":false,"template":"","format":"standard","meta":{"content-type":"","footnotes":""},"categories":[16],"tags":[123,2448,5313,1267],"class_list":["post-86932","post","type-post","status-publish","format-standard","has-post-thumbnail","hentry","category-noticias","tag-brasil","tag-diario","tag-noticia","tag-noticias"],"_links":{"self":[{"href":"https:\/\/tvbrazilusa.com\/pt\/wp-json\/wp\/v2\/posts\/86932","targetHints":{"allow":["GET"]}}],"collection":[{"href":"https:\/\/tvbrazilusa.com\/pt\/wp-json\/wp\/v2\/posts"}],"about":[{"href":"https:\/\/tvbrazilusa.com\/pt\/wp-json\/wp\/v2\/types\/post"}],"author":[{"embeddable":true,"href":"https:\/\/tvbrazilusa.com\/pt\/wp-json\/wp\/v2\/users\/1"}],"replies":[{"embeddable":true,"href":"https:\/\/tvbrazilusa.com\/pt\/wp-json\/wp\/v2\/comments?post=86932"}],"version-history":[{"count":1,"href":"https:\/\/tvbrazilusa.com\/pt\/wp-json\/wp\/v2\/posts\/86932\/revisions"}],"predecessor-version":[{"id":86934,"href":"https:\/\/tvbrazilusa.com\/pt\/wp-json\/wp\/v2\/posts\/86932\/revisions\/86934"}],"wp:featuredmedia":[{"embeddable":true,"href":"https:\/\/tvbrazilusa.com\/pt\/wp-json\/wp\/v2\/media\/86933"}],"wp:attachment":[{"href":"https:\/\/tvbrazilusa.com\/pt\/wp-json\/wp\/v2\/media?parent=86932"}],"wp:term":[{"taxonomy":"category","embeddable":true,"href":"https:\/\/tvbrazilusa.com\/pt\/wp-json\/wp\/v2\/categories?post=86932"},{"taxonomy":"post_tag","embeddable":true,"href":"https:\/\/tvbrazilusa.com\/pt\/wp-json\/wp\/v2\/tags?post=86932"}],"curies":[{"name":"wp","href":"https:\/\/api.w.org\/{rel}","templated":true}]}}