{"id":87034,"date":"2025-01-03T19:44:35","date_gmt":"2025-01-03T19:44:35","guid":{"rendered":"https:\/\/tvbrazilusa.com\/2025\/01\/03\/jerod-mayo-tera-a-palavra-final-sobre-possiveis-mudancas-na-comissao-tecnica-do-patriots-ele-ainda-nao-tem-certeza\/"},"modified":"2025-01-03T19:46:51","modified_gmt":"2025-01-03T19:46:51","slug":"jerod-mayo-tera-a-palavra-final-sobre-possiveis-mudancas-na-comissao-tecnica-do-patriots-ele-ainda-nao-tem-certeza","status":"publish","type":"post","link":"https:\/\/tvbrazilusa.com\/pt\/2025\/01\/03\/jerod-mayo-tera-a-palavra-final-sobre-possiveis-mudancas-na-comissao-tecnica-do-patriots-ele-ainda-nao-tem-certeza\/","title":{"rendered":"Jerod Mayo ter\u00e1 a palavra final sobre poss\u00edveis mudan\u00e7as na comiss\u00e3o t\u00e9cnica do Patriots? Ele ainda n\u00e3o tem certeza."},"content":{"rendered":"<p> <script async src=\"https:\/\/pagead2.googlesyndication.com\/pagead\/js\/adsbygoogle.js?client=ca-pub-8864793242727901\"\r\n     crossorigin=\"anonymous\"><\/script><br \/>\n<\/p>\n<div id=\"\">\n<header class=\"m-article-header m-article-header--standard\">\n\t\t\t\t\t\t\t\t\t\t\t\t<span id=\"article-header-primary-term\"><br \/>\n\t\t\t\t\t\t\t\t<a class=\"a-term a-term--primary\" href=\"https:\/\/www.boston.com\/tag\/new-england-patriots\/\"><\/p>\n<p>\t\t\t\t\t\t\t\tPatriotas\t\t\t\t\t\t\t\t<\/a><br \/>\n\t\t\t\t\t\t\t<\/span><\/p>\n<h2 class=\"m-article-header__sub-headline\">\u201cTenho estado em constante comunica\u00e7\u00e3o com os propriet\u00e1rios e tenho certeza de que essas conversas ser\u00e3o mantidas.\u201d<\/h2>\n<figure class=\"a-photo m-article-header__photo\"><figcaption class=\"a-photo__caption\">\n<p>\tDeMarcus Covington (\u00e0 direita) foi uma das primeiras contrata\u00e7\u00f5es que Jerod Mayo fez como t\u00e9cnico do Patriots. <em> (Danielle Parhizkaran\/Equipe do Globo)<\/em>\t<\/figcaption><\/figure>\n<div class=\"m-article-header__meta\">\n<div class=\"m-article-header__byline\">\n<p class=\"m-article-header__author\">\n<p>\t\t\t\t\t\t\t\tPor <a class=\"a-link a-link--inline\" href=\"https:\/\/www.boston.com\/author\/conor-roche\/\">Conor Roche<\/a>\t\t\t\t\t\t\t<\/p>\n<p>\t\t\t\t\t\t\t\t\t\t\t\t\t\t\t<time class=\"m-article-header__date\"><\/p>\n<p>\t\t\t\t\t\t\t\t\t3 de janeiro de 2025 | 14h44\t\t\t\t\t\t\t\t<\/time><\/p>\n<p><span>2 minutos para ler<\/span><\/p>\n<\/p><\/div>\n<\/p><\/div>\n<\/header>\n<p>H\u00e1 incerteza pairando sobre os Patriots entrando no final da temporada contra os Bills no domingo. Mesmo que Jerod Mayo continue como t\u00e9cnico do New England, h\u00e1 algumas inc\u00f3gnitas sobre o restante de sua equipe.<\/p>\n<p>Mayo reconheceu na sexta-feira que ainda n\u00e3o tem certeza se ter\u00e1 a palavra final sobre quaisquer poss\u00edveis mudan\u00e7as na equipe nesta entressafra.<\/p>\n<p>\u201cBem, \u00e9 a primeira vez que chego ao final de uma temporada\u201d, disse Mayo aos rep\u00f3rteres quando questionado se fazer alguma mudan\u00e7a na comiss\u00e3o t\u00e9cnica seria uma decis\u00e3o exclusiva dele. \u201cEnt\u00e3o, como eu disse, tenho estado em constante comunica\u00e7\u00e3o com os propriet\u00e1rios e tenho certeza de que essas conversas ser\u00e3o mantidas.\u201d<\/p>\n<p>Claro, ainda n\u00e3o est\u00e1 claro se Mayo permanecer\u00e1 como t\u00e9cnico dos Patriots ap\u00f3s a temporada de 2024. A Nova Inglaterra fez 3-13 na primeira temporada de Mayo, com f\u00e3s <a href=\"https:\/\/www.boston.com\/sports\/new-england-patriots\/2024\/12\/28\/nfl-patriots-jerod-mayo-fire-mayo-chant-comments-reactions\/\" target=\"_blank\" rel=\"noreferrer noopener\">chamando a equipe para demiti-lo<\/a> durante a derrota da equipe na semana 17. O propriet\u00e1rio Robert Kraft e a equipe ainda n\u00e3o disseram publicamente se Mayo estar\u00e1 de volta em 2025, mas \u00e9 <a href=\"https:\/\/www.boston.com\/sports\/new-england-patriots\/2024\/12\/14\/robert-kraft-jerod-mayo-patriots-coach-status-rumors\/\" target=\"_blank\" rel=\"noreferrer noopener\">foi relatado em in\u00fameras ocasi\u00f5es<\/a> ao longo da temporada que ele dever\u00e1 ser contratado ap\u00f3s o final do ano. <\/p>\n<p>Se Mayo for contratado, a pr\u00f3xima quest\u00e3o ser\u00e1 o que ele faz com seus coordenadores ofensivos e defensivos. Cada unidade est\u00e1 classificada na parte inferior da liga em jardas (30\u00ba no total de jardas, 23\u00ba em jardas permitidas), mas parece haver mais questionamentos sobre o futuro do coordenador ofensivo Alex Van Pelt. Ao contr\u00e1rio do coordenador defensivo DeMarcus Covington, Van Pelt n\u00e3o tinha um relacionamento anterior com Mayo antes de ser contratado na \u00faltima offseason. Mayo tamb\u00e9m pareceu tentar a jogada de Van Pelt, anunciando a derrota dos Patriots para os Cardinals na semana 15, antes de esclarecer seu coment\u00e1rio.<\/p>\n<p>Mayo foi bastante breve quando questionado sobre o que Van Pelt trouxe em termos de lideran\u00e7a no lado ofensivo da bola nesta temporada.<\/p>\n<p>\u201cEstabilidade\u201d, respondeu Mayo. \u201cEle \u00e9 um cara est\u00e1vel.\u201d<\/p>\n<p>Perguntaram a Mayo se ele poderia expandir um pouco mais esse pensamento.<\/p>\n<p>\u201cQuero dizer, h\u00e1 muitas coisas diferentes que eu poderia dizer\u201d, acrescentou Mayo. \u201cMas ele me perguntou o mais importante. \u00c9 estabilidade.\u201d<\/p>\n<p>Van Pelt foi um dos membros mais experientes da equipe de Mayo nesta temporada. O ex-quarterback \u00e9 assistente da NFL desde 2006, atuando como coordenador ofensivo dos Browns nas quatro temporadas anteriores a ingressar no Patriots. <\/p>\n<p>A maior tarefa de Van Pelt tem sido desenvolver o quarterback novato Drake Maye, j\u00e1 que a Nova Inglaterra n\u00e3o tem vergonha de compartilhar que est\u00e1 construindo para o futuro. Mayo tamb\u00e9m deixou claro em v\u00e1rias ocasi\u00f5es que a equipe est\u00e1 procurando construir algo para o longo prazo nesta temporada. <\/p>\n<p>Ent\u00e3o, com sua primeira temporada chegando ao fim, perguntaram a Mayo se ele notou alguma mudan\u00e7a na cultura. Ao dizer que este \u00e9 um momento para refletir, Mayo acrescentou que n\u00e3o acha que o registo final deva necessariamente definir o estado da cultura da equipa, ao mesmo tempo que pede paci\u00eancia. <\/p>\n<p>\u201cDirei \u00e0s vezes, e sempre disse isso, que \u00e0s vezes olhamos para a cultura como se ela fosse quase uma forma retrospectiva de validar o sucesso ou o fracasso\u201d, disse Mayo. \u201cAo dizer isso, deixe-me resumir um pouco: s\u00f3 porque voc\u00ea tem um bom hist\u00f3rico n\u00e3o significa que voc\u00ea tem uma boa cultura, e s\u00f3 porque voc\u00ea tem um hist\u00f3rico ruim n\u00e3o significa que voc\u00ea tem uma cultura ruim. Ent\u00e3o, essas coisas levam tempo.\u201d<\/p>\n<div class=\"m-block m-generic-cta\t m-generic-cta--post-content\t m-generic-cta--dark\t m-generic-cta--homepage\t m-generic-cta--email-signup\t\t m-generic-cta-block-style--default \tt-amp__generic-cta\"><\/p>\n<div class=\"m-generic-cta__wrap\">\n<div class=\"m-generic-cta__content\">\n<h3 class=\"m-generic-cta__title\">Inscreva-se para receber atualiza\u00e7\u00f5es do Patriots\ud83c\udfc8<\/h3>\n<p class=\"m-generic-cta__subtitle\">Receba as \u00faltimas not\u00edcias e an\u00e1lises em sua caixa de entrada durante a temporada de futebol.<\/p>\n<\/p><\/div>\n<\/p><\/div>\n<\/div><\/div>\n<p><script>\n\t\tvar consent=\"grant\";\n\t\t\/* The above code is parsing the JSON data from the local storage and storing it in a variable. *\/\n\t\t\t\t\tconst onetrustStorageConsent = JSON.parse(localStorage.getItem( 'consent_one_trust_bdc' ) );\n\t\t\tif ( ( onetrustStorageConsent !== null ) ) {\n\t\t\t\t\/* Checking to see if the user has consented to the use of cookies.\n\t\t\t\t* If they have not, it is deleting the cookie.\n\t\t\t\t* This will comment for now, until further notice.\n\t\t\t\t*\/\n\t\t\t\t\/\/if ( onetrustStorageConsent.C0002 === false ) {\n\t\t\t\t\/\/\tdocument.cookie=\"_fbp=;expires=Thu, 01 Jan 2010 00:00:00 UTC; path=\/; domain=.boston.com\";\n\t\t\t\t\/\/}\n\t\t\t\t\/* Checking if the user has given consent for the cookie C0002.\n\t\t\t\t* If the user has given consent, the variable consent will be set to 'grant'.\n\t\t\t\t* If the user has not given consent,the variable consent will be set to 'revoke'.\n\t\t\t\t* Documentation https:\/\/developers.facebook.com\/docs\/meta-pixel\/implementation\/gdpr\n\t\t\t\t*\/\n\t\t\t\tif ( onetrustStorageConsent.C0002 !== true ) {\n\t\t\t\t\tconsent=\"revoke\";\n\t\t\t\t}\n\t\t\t}\n\t\t\t\t!function(f,b,e,v,n,t,s)\n\t\t{if(f.fbq)return;n=f.fbq=function(){n.callMethod?\n\t\tn.callMethod.apply(n,arguments):n.queue.push(arguments)};\n\t\tif(!f._fbq)f._fbq=n;n.push=n;n.loaded=!0;n.version='2.0';\n\t\tn.queue=[];t=b.createElement(e);t.async=!0;\n\t\tt.src=v;s=b.getElementsByTagName(e)[0];\n\t\ts.parentNode.insertBefore(t,s)}(window, document,'script',\n\t\t'https:\/\/connect.facebook.net\/en_US\/fbevents.js');\n\t\tfbq('consent', consent);\n\t\tfbq('init', '989222871864976');\n\t\tfbq('track', 'PageView');\n\t<\/script><script type=\"module\">\n\t\tvar consent=\"grant\";\n\t\t\/* The above code is parsing the JSON data from the local storage and storing it in a variable. *\/\n\t\t\tconst onetrustStorageConsent = JSON.parse(localStorage.getItem( 'consent_one_trust_bdc' ) );\n\t\t\t\/* Checking to see if the user has consented to the use of cookies.\n\t\t\t* If they have not, it is deleting the cookie.\n\t\t\t* This will comment for now, until further notice.\n\t\t\t*\/\n\t\t\t\/\/if ( onetrustStorageConsent.C0002 === false ) {\n\t\t\t\/\/\tdocument.cookie=\"_fbp=;expires=Thu, 01 Jan 2010 00:00:00 UTC; path=\/; domain=.boston.com\";\n\t\t\t\/\/}\n\t\t\t\/* Checking if the user has given consent for the cookie C0002.\n\t\t\t* If the user has given consent, the variable consent will be set to 'grant'.\n\t\t\t* If the user has not given consent,the variable consent will be set to 'revoke'.\n\t\t\t* Documentation https:\/\/developers.facebook.com\/docs\/meta-pixel\/implementation\/gdpr\n\t\t\t*\/\n\t\t\tif ( ( onetrustStorageConsent !== null ) && (onetrustStorageConsent.C0002 !== true ) ) {\n\t\t\t\tconsent=\"revoke\";\n\t\t\t}\n\t\t\t\t!function(f,b,e,v,n,t,s){if(f.fbq)return;n=f.fbq=function()\n\t\t{n.callMethod? n.callMethod.apply(n,arguments):n.queue.push(arguments)}\n\t\t;if(!f._fbq)f._fbq=n;\n\t\tn.push=n;n.loaded=!0;n.version='2.0';n.queue=[];t=b.createElement(e);t.async=!0;\n\t\tt.src=v;s=b.getElementsByTagName(e)[0];s.parentNode.insertBefore(t,s)}(window,\n\t\tdocument,'script','https:\/\/connect.facebook.net\/en_US\/fbevents.js');\n\t\tfbq('consent', consent);\n\t\tfbq('init', '813236348753005');\n\t\tfbq('track', \"PageView\");\n\t<\/script><br \/>\n<br \/><br \/>\n<br \/><a href=\"https:\/\/www.boston.com\/sports\/new-england-patriots\/2025\/01\/03\/patriots-jerod-mayo-coaching-staff-changes\/\">Source link <\/a><\/p>","protected":false},"excerpt":{"rendered":"<p>Patriotas \u201cTenho estado em constante comunica\u00e7\u00e3o com os propriet\u00e1rios e tenho certeza de que essas conversas ser\u00e3o mantidas.\u201d DeMarcus Covington (\u00e0 direita) foi uma das primeiras contrata\u00e7\u00f5es que Jerod Mayo&hellip;<\/p>","protected":false},"author":1,"featured_media":87035,"comment_status":"closed","ping_status":"open","sticky":false,"template":"","format":"standard","meta":{"content-type":"","footnotes":""},"categories":[1],"tags":[],"class_list":["post-87034","post","type-post","status-publish","format-standard","has-post-thumbnail","hentry","category-uncategorized"],"_links":{"self":[{"href":"https:\/\/tvbrazilusa.com\/pt\/wp-json\/wp\/v2\/posts\/87034","targetHints":{"allow":["GET"]}}],"collection":[{"href":"https:\/\/tvbrazilusa.com\/pt\/wp-json\/wp\/v2\/posts"}],"about":[{"href":"https:\/\/tvbrazilusa.com\/pt\/wp-json\/wp\/v2\/types\/post"}],"author":[{"embeddable":true,"href":"https:\/\/tvbrazilusa.com\/pt\/wp-json\/wp\/v2\/users\/1"}],"replies":[{"embeddable":true,"href":"https:\/\/tvbrazilusa.com\/pt\/wp-json\/wp\/v2\/comments?post=87034"}],"version-history":[{"count":1,"href":"https:\/\/tvbrazilusa.com\/pt\/wp-json\/wp\/v2\/posts\/87034\/revisions"}],"predecessor-version":[{"id":87036,"href":"https:\/\/tvbrazilusa.com\/pt\/wp-json\/wp\/v2\/posts\/87034\/revisions\/87036"}],"wp:featuredmedia":[{"embeddable":true,"href":"https:\/\/tvbrazilusa.com\/pt\/wp-json\/wp\/v2\/media\/87035"}],"wp:attachment":[{"href":"https:\/\/tvbrazilusa.com\/pt\/wp-json\/wp\/v2\/media?parent=87034"}],"wp:term":[{"taxonomy":"category","embeddable":true,"href":"https:\/\/tvbrazilusa.com\/pt\/wp-json\/wp\/v2\/categories?post=87034"},{"taxonomy":"post_tag","embeddable":true,"href":"https:\/\/tvbrazilusa.com\/pt\/wp-json\/wp\/v2\/tags?post=87034"}],"curies":[{"name":"wp","href":"https:\/\/api.w.org\/{rel}","templated":true}]}}