{"id":87045,"date":"2025-01-03T20:05:57","date_gmt":"2025-01-03T20:05:57","guid":{"rendered":"https:\/\/tvbrazilusa.com\/2025\/01\/03\/uniao-brasil-e-pp-negociam-filiacao-de-gusttavo-lima\/"},"modified":"2025-01-03T20:05:59","modified_gmt":"2025-01-03T20:05:59","slug":"uniao-brasil-e-pp-negociam-filiacao-de-gusttavo-lima","status":"publish","type":"post","link":"https:\/\/tvbrazilusa.com\/pt\/2025\/01\/03\/uniao-brasil-e-pp-negociam-filiacao-de-gusttavo-lima\/","title":{"rendered":"Uni\u00e3o Brasil e PP negociam filia\u00e7\u00e3o de Gusttavo Lima"},"content":{"rendered":"<p> <script async src=\"https:\/\/pagead2.googlesyndication.com\/pagead\/js\/adsbygoogle.js?client=ca-pub-8864793242727901\"\r\n     crossorigin=\"anonymous\"><\/script><br \/>\n<\/p>\n<div>\n<figure class=\"post-image\">\n<\/figure>\n<p>            <span style=\"font-size: 12px\">Reprodu\u00e7\u00e3o<\/span><\/p>\n<p>            <!-- end metas --><br \/>\n            <!-- ADS --><\/p>\n<div id=\"taboola-read-more\" style=\"display:block; width:100%\">\n<p>O Uni\u00e3o Brasil e o PP admitem a abertura de tratativas para filiar o cantor sertanejo Gusttavo Lima, que manifestou a inten\u00e7\u00e3o de concorrer \u00e0 Presid\u00eancia da Rep\u00fablica nas elei\u00e7\u00f5es de 2026.\n<\/p>\n<p>\u00c0 CNN, o presidente do Uni\u00e3o, Antonio Rueda, disse que j\u00e1 havia iniciado conversas com Lima antes mesmo de o sertanejo ter tornado p\u00fablica sua inten\u00e7\u00e3o de candidatura. Ele afirmou que n\u00e3o v\u00ea impeditivo de o artista integrar a legenda.<\/p>\n<p>\u201cN\u00f3s estamos conversando. J\u00e1 houve uma conversa preliminar. Estamos ajustando\u201d, disse Rueda.\n<\/p>\n<p>O dirigente acrescentou que o Uni\u00e3o Brasil pode abrigar ainda o coach Pablo Mar\u00e7al, outro nome para a disputa ao Planalto em 2026.\n<\/p>\n<p>O presidente do PP, Ciro Nogueira, confirma que tamb\u00e9m entrou em negocia\u00e7\u00f5es com Lima sobre filia\u00e7\u00e3o ao partido.\n<\/p>\n<p>O cantor goiano apoiou publicamente o ex-presidente Jair Bolsonaro (PL) nas elei\u00e7\u00f5es de 2022, contra o petista Luiz In\u00e1cio Lula da Silva, e recentemente defendeu o nome de Pablo Mar\u00e7al para a Prefeitura de S\u00e3o Paulo, nas elei\u00e7\u00f5es de outubro de 2024.\n<\/p>\n<p>Fonte: CNN Brasil              <\/p>\n<\/div>\n<p>                        <!-- Scripts para conteudo --><\/p>\n<p>            <!-- .\/Scripts para conteudo --><br \/>\n            <!-- .\/Mat\u00e9ria --><\/p>\n<div class=\"row mt-3\">\n<div class=\"col-sm-6\">\n                <!-- Whatsapp channel 3--><br \/>\n                <a href=\"https:\/\/chat.whatsapp.com\/B8Qy6Erx4kb6yTzj3kaDco\" target=\"_blank\"><br \/>\n                  <img decoding=\"async\" src=\"https:\/\/diariodobrasilnoticias.com.br\/assets-site\/images\/bot_whatsapp.png\"\/><\/a>\n              <\/div>\n<div class=\"col-sm-6\">\n                <a href=\"https:\/\/t.me\/+_4gTmi5LKo03OTM5\" target=\"_blank\"><br \/>\n                  <img decoding=\"async\" src=\"https:\/\/diariodobrasilnoticias.com.br\/assets-site\/images\/bot_telegram.png\"\/><\/a>\n              <\/div>\n<\/p><\/div>\n<p>            <!-- end post-navigation --><\/p>\n<p>              <!-- end row --><\/p>\n<p>              <!-- end col-12-->\n                      <\/div>\n<p><br \/>\n<br \/><a href=\"https:\/\/diariodobrasilnoticias.com.br\/noticia\/uniao-brasil-e-pp-negociam-filiacao-de-gusttavo-lima-6778247c79af9\">Source link <\/a><\/p>","protected":false},"excerpt":{"rendered":"<p>Reprodu\u00e7\u00e3o O Uni\u00e3o Brasil e o PP admitem a abertura de tratativas para filiar o cantor sertanejo Gusttavo Lima, que manifestou a inten\u00e7\u00e3o de concorrer \u00e0 Presid\u00eancia da Rep\u00fablica nas&hellip;<\/p>","protected":false},"author":1,"featured_media":87046,"comment_status":"closed","ping_status":"open","sticky":false,"template":"","format":"standard","meta":{"content-type":"","footnotes":""},"categories":[16],"tags":[123,2448,5313,1267],"class_list":["post-87045","post","type-post","status-publish","format-standard","has-post-thumbnail","hentry","category-noticias","tag-brasil","tag-diario","tag-noticia","tag-noticias"],"_links":{"self":[{"href":"https:\/\/tvbrazilusa.com\/pt\/wp-json\/wp\/v2\/posts\/87045","targetHints":{"allow":["GET"]}}],"collection":[{"href":"https:\/\/tvbrazilusa.com\/pt\/wp-json\/wp\/v2\/posts"}],"about":[{"href":"https:\/\/tvbrazilusa.com\/pt\/wp-json\/wp\/v2\/types\/post"}],"author":[{"embeddable":true,"href":"https:\/\/tvbrazilusa.com\/pt\/wp-json\/wp\/v2\/users\/1"}],"replies":[{"embeddable":true,"href":"https:\/\/tvbrazilusa.com\/pt\/wp-json\/wp\/v2\/comments?post=87045"}],"version-history":[{"count":1,"href":"https:\/\/tvbrazilusa.com\/pt\/wp-json\/wp\/v2\/posts\/87045\/revisions"}],"predecessor-version":[{"id":87047,"href":"https:\/\/tvbrazilusa.com\/pt\/wp-json\/wp\/v2\/posts\/87045\/revisions\/87047"}],"wp:featuredmedia":[{"embeddable":true,"href":"https:\/\/tvbrazilusa.com\/pt\/wp-json\/wp\/v2\/media\/87046"}],"wp:attachment":[{"href":"https:\/\/tvbrazilusa.com\/pt\/wp-json\/wp\/v2\/media?parent=87045"}],"wp:term":[{"taxonomy":"category","embeddable":true,"href":"https:\/\/tvbrazilusa.com\/pt\/wp-json\/wp\/v2\/categories?post=87045"},{"taxonomy":"post_tag","embeddable":true,"href":"https:\/\/tvbrazilusa.com\/pt\/wp-json\/wp\/v2\/tags?post=87045"}],"curies":[{"name":"wp","href":"https:\/\/api.w.org\/{rel}","templated":true}]}}