{"id":87054,"date":"2025-01-03T20:20:05","date_gmt":"2025-01-03T20:20:05","guid":{"rendered":"https:\/\/tvbrazilusa.com\/2025\/01\/03\/ele-esta-perdendo-a-cabeca-e-por-isso-que-mais-de-500-leitores-querem-que-jerod-mayo-va\/"},"modified":"2025-01-03T20:23:18","modified_gmt":"2025-01-03T20:23:18","slug":"ele-esta-perdendo-a-cabeca-e-por-isso-que-mais-de-500-leitores-querem-que-jerod-mayo-va","status":"publish","type":"post","link":"https:\/\/tvbrazilusa.com\/pt\/2025\/01\/03\/ele-esta-perdendo-a-cabeca-e-por-isso-que-mais-de-500-leitores-querem-que-jerod-mayo-va\/","title":{"rendered":"\u2018Ele est\u00e1 perdendo a cabe\u00e7a\u2019: \u00e9 por isso que mais de 500 leitores querem que Jerod Mayo v\u00e1"},"content":{"rendered":"<p> <script async src=\"https:\/\/pagead2.googlesyndication.com\/pagead\/js\/adsbygoogle.js?client=ca-pub-8864793242727901\"\r\n     crossorigin=\"anonymous\"><\/script><br \/>\n<\/p>\n<div id=\"\">\n<header class=\"m-article-header m-article-header--standard\">\n\t\t\t\t\t\t\t\t\t\t\t\t<span id=\"article-header-primary-term\"><br \/>\n\t\t\t\t\t\t\t\t<a class=\"a-term a-term--primary\" href=\"https:\/\/www.boston.com\/tag\/new-england-patriots\/\"><\/p>\n<p>\t\t\t\t\t\t\t\tPatriotas\t\t\t\t\t\t\t\t<\/a><br \/>\n\t\t\t\t\t\t\t<\/span><\/p>\n<h2 class=\"m-article-header__sub-headline\">Os leitores do Boston.com est\u00e3o pedindo que o New England Patriots se separe de Jerod Mayo depois de apenas uma temporada.<\/h2>\n<figure class=\"a-photo m-article-header__photo\"><figcaption class=\"a-photo__caption\">\n<p>\tO New England Patriots treinou no campo do Gillette Stadium na ter\u00e7a-feira durante sua semana de folga. O t\u00e9cnico Jerod Mayo assiste ao treino.<em> (John Tlumacki\/Equipe da Globo)<\/em>\t<\/figcaption><\/figure>\n<div class=\"m-article-header__meta\">\n<div class=\"m-article-header__byline\">\n<p class=\"m-article-header__author\">\n<p>\t\t\t\t\t\t\t\tPor <a class=\"a-link a-link--inline\" href=\"https:\/\/www.boston.com\/author\/annie-jonas\/\">Ana Jonas<\/a>\t\t\t\t\t\t\t<\/p>\n<p>\t\t\t\t\t\t\t\t\t\t\t\t\t\t\t<time class=\"m-article-header__date\"><\/p>\n<p>\t\t\t\t\t\t\t\t\t3 de janeiro de 2025 | 15h20\t\t\t\t\t\t\t\t<\/time><\/p>\n<p><span>7 minutos para ler<\/span><\/p>\n<\/p><\/div>\n<\/p><\/div>\n<\/header>\n<p>Os leitores do Boston.com est\u00e3o pedindo <a href=\"https:\/\/www.boston.com\/tag\/new-england-patriots\/\">Patriotas da Nova Inglaterra<\/a> separar-se <a href=\"https:\/\/www.boston.com\/tag\/jerod-mayo\/\">Jerod Mayo<\/a> depois de apenas uma temporada, citando o hist\u00f3rico med\u00edocre do time e o treinamento question\u00e1vel de Mayo, entre outras quest\u00f5es.<\/p>\n<p>\u201cEle est\u00e1 perdendo a cabe\u00e7a e n\u00e3o est\u00e1 pisando na \u00e1gua&#8230; ele est\u00e1 afundando\u201d, disse a leitora Gwen G., de Nantucket.<\/p>\n<p>Depois de perder 13 jogos nesta temporada, o New England Patriots <a href=\"https:\/\/www.boston.com\/sports\/new-england-patriots\/2024\/12\/30\/jerod-mayo-drake-maye-patriots-deserve-a-second-year\/\">os torcedores est\u00e3o perdendo a f\u00e9 em seu time<\/a>.<\/p>\n<p>H\u00e1 apenas seis anos, em fevereiro de 2019, os Pats estavam no auge do sucesso, tendo garantido o sexto t\u00edtulo do Super Bowl em menos de duas d\u00e9cadas sob a lideran\u00e7a do t\u00e9cnico Bill Belichick e do quarterback Tom Brady.<\/p>\n<p>Agora, eles se encontram entre os piores times da liga, com o t\u00e9cnico estreante Jerod Mayo, que enfrenta uma curva de aprendizado acentuada.<\/p>\n<p>A equipe atualmente det\u00e9m um recorde de 3-13, ap\u00f3s uma derrota desmoralizante por 40-7 para o Los Angeles Chargers no \u00faltimo s\u00e1bado. \u00c0 medida que se aproximam do jogo final da temporada contra o Bills no domingo, os leitores do Boston.com est\u00e3o preocupados.<\/p>\n<p>\u201cEmbora o hist\u00f3rico seja apenas alguns jogos pior do que eu esperava este ano, os tipos de erros que o time est\u00e1 cometendo e a falta de melhorias semana ap\u00f3s semana s\u00e3o muito preocupantes\u201d, disse TJ, leitor do Boston.com, de Nashua, New Hampshire. . \u201c[Mayo] d\u00e1 a apar\u00eancia de algu\u00e9m que est\u00e1 irremediavelmente superado\u201d, acrescentou.<\/p>\n<p>Quando pesquisamos o Boston.com sobre se eles acham que Mayo deveria renunciar aos Patriots, mais de 500 leitores responderam. Tr\u00eas quartos disseram que Mayo deveria renunciar, enquanto 20% disseram que ele deveria ficar. Apenas 5% estavam indecisos.<\/p>\n<div class=\"gform_wrapper m-gforms-poll-block gravity-theme gform-theme--no-framework\">\n<div class=\"gpoll_container\">\n<div class=\"gpoll_field\">\n<div class=\"gpoll_field_label_container\">\n<p>Jerod Mayo deveria deixar o cargo de t\u00e9cnico do Patriots?<\/p>\n<\/div>\n<p><!-- .gpoll_choice_wrapper --><!-- .gpoll_choice_wrapper --><!-- .gpoll_choice_wrapper --><\/div>\n<p><!-- .gpoll_field --><\/div>\n<\/div>\n<p>Embora alguns leitores elogiassem Mayo por sua personalidade, muitos outros criticaram suas habilidades de treinador, chamando-o de \u201cinexperiente\u201d e \u201cmuito al\u00e9m de sua cabe\u00e7a\u201d.<\/p>\n<p>\u201cEmbora seja uma pessoa muito simp\u00e1tica, n\u00e3o acrescentou nada como treinador; sua estrat\u00e9gia de punt e time-out s\u00e3o as piores da liga; ele n\u00e3o acrescenta nada ao ataque, \u00e0 defesa ou \u00e0s equipes especiais. Leve-o para a diretoria e contrate Mike Vrabel\u201d, disse o leitor Chris, de Bridgewater.<\/p>\n<p>Eddy D. de Maynard concordou, dizendo: \u201cem vez de tirar os Pats de uma queda livre, Mayo os conduziu para uma espiral mortal. N\u00e3o vi sinais de que ele tenha o que \u00e9 preciso para recuperar o controle.\u201d Ele reiterou o apelo para trazer Vrabel para liderar os Patriots.<\/p>\n<p>Embora muitos leitores pedissem que Robert Kraft <a href=\"https:\/\/www.boston.com\/sports\/new-england-patriots\/2025\/01\/02\/mike-vrabel-nfl-patriots-new-england-jerod-mayo-robert-kraft\/\">escolha Vrabel como o novo treinador principal<\/a>resta saber se Kraft e os Patriots substituir\u00e3o Mayo.<\/p>\n<p>Dan Graziano, da ESPN, disse <a href=\"https:\/\/www.si.com\/nfl\/patriots\/news\/dan-graziano-reveals-new-england-patriots-jerod-mayo-safe\">A Nova Inglaterra provavelmente manter\u00e1 Mayo<\/a> por a\u00ed, j\u00e1 que um ano n\u00e3o \u00e9 suficiente para os Pats demiti-lo.<\/p>\n<p>Os leitores que pediram a perman\u00eancia de Mayo concordaram com Graziano, dizendo que um ano \u00e9 simplesmente muito cedo para encerrar Mayo.<\/p>\n<p>\u201cEle s\u00f3 teve um ano e um draft para construir o time que deseja. D\u00ea-lhe pelo menos mais uma temporada para construir uma linha ofensiva e conseguir alguns bons recebedores. Se n\u00e3o observarmos nenhuma melhoria no pr\u00f3ximo ano, ent\u00e3o sim, ele precisa ir embora\u201d, disse Jan, de Watertown.<\/p>\n<p>Abaixo, os leitores compartilham por que o t\u00e9cnico do Patriots, Jerod Mayo, deveria ou n\u00e3o deixar a franquia.<\/p>\n<p><em>As respostas foram levemente editadas para fins gramaticais e de clareza.<\/em><\/p>\n<h2 class=\"wp-block-heading\" id=\"h-should-jerod-mayo-step-down-as-patriots-head-coach\">Jerod Mayo deveria deixar o cargo de t\u00e9cnico do Patriots?<\/h2>\n<h3 class=\"wp-block-heading\" id=\"h-yes\">Sim<\/h3>\n<blockquote class=\"wp-block-quote is-layout-flow wp-block-quote-is-layout-flow\">\n<p>\u201cEu gostaria de poder dizer para n\u00e3o renunciar. N\u00e3o acredito que ele tenha a confian\u00e7a do vesti\u00e1rio para ser o t\u00e9cnico principal. Eu disse h\u00e1 alguns anos que Belichick deveria ter sido demitido e Sean Payton deveria ter sido contratado. Se os Krafts levam a s\u00e9rio uma equipe campe\u00e3 ap\u00f3s Brady\/Belichick, eles precisam atrair agentes livres de qualidade enquanto pagam altos impostos em Massachusetts. Mayo n\u00e3o \u00e9 a resposta, infelizmente.\u201d \u2013 <em>Kieran C., Abington<\/em><\/p>\n<\/blockquote>\n<blockquote class=\"wp-block-quote is-layout-flow wp-block-quote-is-layout-flow\">\n<p>\u201cEle mostrou ao longo desta temporada que sua inexperi\u00eancia como treinador s\u00eanior custou ao seu time tanto a tomada de decis\u00f5es no jogo quanto o desenvolvimento do elenco. A equipe n\u00e3o progrediu na temporada, ainda comete muitos erros mentais e n\u00e3o \u00e9 disciplinada (muitas penalidades auto-induzidas). Sua tomada de decis\u00e3o geral \u00e9 muito conservadora, n\u00e3o demonstra suficiente consci\u00eancia situacional e confian\u00e7a em sua equipe. Essas caracter\u00edsticas n\u00e3o mostraram nenhuma melhora ao longo dos jogos desde o in\u00edcio da temporada.\u201d \u2013 <em>BB, Plymouth<\/em><\/p>\n<\/blockquote>\n<blockquote class=\"wp-block-quote is-layout-flow wp-block-quote-is-layout-flow\">\n<p>\u201cAbsolutamente n\u00e3o estou pronto para ser treinador principal. Embora o elenco seja fraco, estamos culpando demais o elenco pelo desempenho em campo. Tem muito mais a ver com um mau treinamento.\u201d \u2013 <em>VT, Quincy<\/em><\/p>\n<\/blockquote>\n<blockquote class=\"wp-block-quote is-layout-flow wp-block-quote-is-layout-flow\">\n<p>\u201cMayo n\u00e3o vai renunciar, mas os Krafts deveriam demiti-lo. Mayo n\u00e3o mostrou sinais de que atualmente tem capacidade para treinar um time da NFL. Ele n\u00e3o sabe como administrar um jogo, suas habilidades de comunica\u00e7\u00e3o parecem horr\u00edveis (obrigando-o a constantemente voltar atr\u00e1s nos coment\u00e1rios que fez, jogando Alex van Pelt debaixo do \u00f4nibus, dizendo que colocaria Stevenson no banco &#8211; e depois inici\u00e1-lo, etc. ), a sua equipa cometeu repetidamente os mesmos erros durante todo o ano, a equipa pareceu divagar \u2013 o que tornar\u00e1 imposs\u00edvel atrair treinadores experientes e capazes para compensar as suas defici\u00eancias. Os Krafts t\u00eam que admitir que cometeram um erro e isentar Mayo de suas responsabilidades. No entanto, n\u00e3o acredito que o fa\u00e7am, pois isso lhes custar\u00e1 significativamente.\u201d \u2013 <em>Dan H., Gloucester<\/em><\/p>\n<\/blockquote>\n<blockquote class=\"wp-block-quote is-layout-flow wp-block-quote-is-layout-flow\">\n<p>\u201cA NFL \u00e9 um neg\u00f3cio voltado para a produ\u00e7\u00e3o e a Mayo n\u00e3o produziu. Ele \u00e9 uma boa pessoa e tem um relacionamento positivo com seus jogadores, mas \u00e9 um treinador da NFL e n\u00e3o um conselheiro de acampamento de ver\u00e3o. A equipe regrediu sob o comando de Mayo e demonstrou consistentemente t\u00e9cnica e disciplina deficientes. O que Mayo conquistou em seu primeiro ano com a equipe? \u00c9 dif\u00edcil encontrar alguma coisa. Eliot Wolf e todo o front office tamb\u00e9m devem renunciar. Fora a escolha de Drake Maye \u2013 uma jogada que at\u00e9 um torcedor casual de futebol poderia ter imaginado \u2013 eles n\u00e3o fizeram nada para ajudar Mayo. Em vez disso, eles carregaram o time com aspirantes em vez de jogadores. O que aconteceu com os jogadores de futebol dur\u00f5es e inteligentes que representavam o New England Patriots? Quem \u00e9 o Brushchi, Harrison, Vrabel ou McCourty de hoje? Voc\u00ea n\u00e3o consegue encontrar esse tipo de jogador neste time, e eles costumavam ter muitos deles.\u201d \u2013 <em>JG, Peabody<\/em><\/p>\n<\/blockquote>\n<blockquote class=\"wp-block-quote is-layout-flow wp-block-quote-is-layout-flow\">\n<p>\u201cN\u00e3o \u00e9 s\u00f3 perder. Isso era esperado, embora talvez n\u00e3o neste grau. \u00c9 a apar\u00eancia de estar sobrecarregado. Sua tomada de decis\u00e3o no jogo parece provis\u00f3ria e certamente as decis\u00f5es antes do jogo, como bancadas e retiradas de bancadas, carecem de determina\u00e7\u00e3o. E isso se repercutiu na confian\u00e7a do jogador. Se os jogadores do segundo ano dizem isso na imprensa, isso fala muito da falta de direcionamento do time. E essa falta de confian\u00e7a ser\u00e1 um impedimento na contrata\u00e7\u00e3o de agentes livres neste per\u00edodo de entressafra.\u201d \u2013 <em>Eric L., Toronto<\/em><\/p>\n<\/blockquote>\n<h3 class=\"wp-block-heading\" id=\"h-no\">N\u00e3o<\/h3>\n<blockquote class=\"wp-block-quote is-layout-flow wp-block-quote-is-layout-flow\">\n<p>\u201cEle precisa ser orientado nesta fun\u00e7\u00e3o. Traga um assistente t\u00e9cnico experiente\u201d \u2013 <em>Ralph H., Springfield<\/em><\/p>\n<\/blockquote>\n<blockquote class=\"wp-block-quote is-layout-flow wp-block-quote-is-layout-flow\">\n<p>\u201cMayo \u00e9 um treinador do primeiro ano, com um quarterback novato e um elenco fraco. Esta equipe foi competitiva em v\u00e1rios jogos. Vamos deix\u00e1-lo treinar no pr\u00f3ximo ano.\u201d \u2013 <em>JJ, Arlington<\/em><\/p>\n<\/blockquote>\n<blockquote class=\"wp-block-quote is-layout-flow wp-block-quote-is-layout-flow\">\n<p>\u201cEle merece uma chance justa de sucesso, e um ano n\u00e3o \u00e9 tempo suficiente. Vamos dar a ele a entressafra e ver o que ele faz com isso. A pr\u00f3xima temporada vir\u00e1 com mais expectativas e um elenco melhor, se n\u00e3o houver uma melhoria vis\u00edvel logo no in\u00edcio, ent\u00e3o pode ser a hora, mas ele merece pelo menos isso.\u201d \u2013 <em>Bryan J., Sunderland, Inglaterra<\/em><\/p>\n<\/blockquote>\n<blockquote class=\"wp-block-quote is-layout-flow wp-block-quote-is-layout-flow\">\n<p>\u201cPor mais que eu tenha visto um time de futebol desarticulado, foram 8 jogos que tiveram resultado de um gol. Essas oito derrotas em jogos foram mais resultado de pessoal do que de treinamento. Simplesmente n\u00e3o temos talento suficiente, especificamente nas linhas ofensivas e defensivas. Tamb\u00e9m n\u00e3o estou impressionado com as contrata\u00e7\u00f5es de agentes livres ou com o draft anterior. Dito isto, derrub\u00e1-lo novamente depois de apenas um ano \u2013 mesmo com Mike Vrabel por a\u00ed \u2013 parece uma atitude precipitada. <\/p>\n<p>Vamos dar mais um ano a ambos, mas \u00e9 necess\u00e1ria alguma limpeza na casa. Acho que precisamos demitir o coordenador defensivo e trazer um garanh\u00e3o de fora. N\u00e3o sei quem, mas um assistente em um time defensivo como o Steelers pode ser uma boa op\u00e7\u00e3o. Se pudermos contratar alguns agentes livres importantes e realmente gastar at\u00e9 o limite, como Tee Higgins, ent\u00e3o escolha alguns studs e dobre nosso total de vit\u00f3rias, no m\u00ednimo. Ent\u00e3o, acho que estaremos prontos para correr em 26! Se regredirmos ainda mais, ent\u00e3o sim, destrua-o e reinicie.\u201d \u2013 <em>Joey D., Boston<\/em><\/p>\n<\/blockquote>\n<blockquote class=\"wp-block-quote is-layout-flow wp-block-quote-is-layout-flow\">\n<p>\u201cO time ainda est\u00e1 jogando duro e ter\u00e1 muito capital de draft e dinheiro de agente livre para usar neste per\u00edodo de entressafra. Deve haver algumas mudan\u00e7as de treinador e Mayo provavelmente precisa de sua vers\u00e3o de Ernie Adams para ajudar no gerenciamento do jogo. Mas por outro lado, parece que as pessoas pensaram que seria. Observa\u00e7\u00e3o: se eles n\u00e3o gastarem em ag\u00eancia gratuita neste per\u00edodo de entressafra, ent\u00e3o Mayo deveria considerar se deseja trabalhar para Robert Kraft. Os Patriots valem mais de US$ 4 bilh\u00f5es \u2013 se Kraft n\u00e3o abrir sua carteira para melhorar o time, ent\u00e3o Mayo pode querer sair de Foxboro at\u00e9 uma mudan\u00e7a de propriedade.\u201d \u2013 <em>Scott, Waltham<\/em><\/p>\n<\/blockquote>\n<h3 class=\"wp-block-heading\" id=\"h-i-m-not-sure\">Eu n\u00e3o tenho certeza<\/h3>\n<blockquote class=\"wp-block-quote is-layout-flow wp-block-quote-is-layout-flow\">\n<p>\u201cN\u00f3s amamos Mayo. Deixe que essa bagun\u00e7a dr\u00e1stica seja seu trampolim para o aprendizado. Ele pode aprender a tomar as r\u00e9deas mais tarde. Aprenda com esse desastre. D\u00ea um passo atr\u00e1s e mais tarde junte-se a uma organiza\u00e7\u00e3o que realmente entende que o futebol deve ser administrado por mentes do futebol. Este perdeu o rumo (ou seja, perdeu Bill Belichick e Tom Brady) e sua sorte acabou. E leve Drake Maye com ele para lhe dar uma chance!\u201d \u2013 <em>CS, Freetown<\/em><\/p>\n<\/blockquote>\n<p><em>O Boston.com ocasionalmente interage com os leitores realizando enquetes e pesquisas informais. Estes resultados devem ser lidos como uma medida n\u00e3o cient\u00edfica da opini\u00e3o dos leitores.<\/em><\/p>\n<div class=\"o-author-single has-avatar\">\n<header class=\"m-author-card\">\n<div class=\"a-image a-image--square m-author-card__image\">\n\t\t<img decoding=\"async\" class=\"\" src=\"https:\/\/www.boston.com\/wp-content\/uploads\/2024\/10\/cropped-IMG_2875-671fb6f808237-671fb70325313.jpg\" alt=\"Imagem do perfil de Annie Jonas\"\/>\t<\/div>\n<\/header>\n<section class=\"author-info\">\n<div class=\"m-author__section\">\n<p>Annie Jonas \u00e9 redatora comunit\u00e1ria do Boston.com. Anteriormente, ela foi editora local na Patch e freelancer no Financial Times.<\/p>\n<\/div>\n<\/section>\n<\/div>\n<div class=\"m-block m-generic-cta\t m-generic-cta--post-content\t m-generic-cta--dark\t m-generic-cta--homepage\t m-generic-cta--email-signup\t\t m-generic-cta-block-style--default \tt-amp__generic-cta\"><\/p>\n<div class=\"m-generic-cta__wrap\">\n<div class=\"m-generic-cta__content\">\n<h3 class=\"m-generic-cta__title\">Boston.com hoje<\/h3>\n<p class=\"m-generic-cta__subtitle\">Inscreva-se para receber as \u00faltimas manchetes em sua caixa de entrada todas as manh\u00e3s.<\/p>\n<\/p><\/div>\n<\/p><\/div>\n<\/div><\/div>\n<p><script>\n\t\tvar consent=\"grant\";\n\t\t\/* The above code is parsing the JSON data from the local storage and storing it in a variable. *\/\n\t\t\t\t\tconst onetrustStorageConsent = JSON.parse(localStorage.getItem( 'consent_one_trust_bdc' ) );\n\t\t\tif ( ( onetrustStorageConsent !== null ) ) {\n\t\t\t\t\/* Checking to see if the user has consented to the use of cookies.\n\t\t\t\t* If they have not, it is deleting the cookie.\n\t\t\t\t* This will comment for now, until further notice.\n\t\t\t\t*\/\n\t\t\t\t\/\/if ( onetrustStorageConsent.C0002 === false ) {\n\t\t\t\t\/\/\tdocument.cookie=\"_fbp=;expires=Thu, 01 Jan 2010 00:00:00 UTC; path=\/; domain=.boston.com\";\n\t\t\t\t\/\/}\n\t\t\t\t\/* Checking if the user has given consent for the cookie C0002.\n\t\t\t\t* If the user has given consent, the variable consent will be set to 'grant'.\n\t\t\t\t* If the user has not given consent,the variable consent will be set to 'revoke'.\n\t\t\t\t* Documentation https:\/\/developers.facebook.com\/docs\/meta-pixel\/implementation\/gdpr\n\t\t\t\t*\/\n\t\t\t\tif ( onetrustStorageConsent.C0002 !== true ) {\n\t\t\t\t\tconsent=\"revoke\";\n\t\t\t\t}\n\t\t\t}\n\t\t\t\t!function(f,b,e,v,n,t,s)\n\t\t{if(f.fbq)return;n=f.fbq=function(){n.callMethod?\n\t\tn.callMethod.apply(n,arguments):n.queue.push(arguments)};\n\t\tif(!f._fbq)f._fbq=n;n.push=n;n.loaded=!0;n.version='2.0';\n\t\tn.queue=[];t=b.createElement(e);t.async=!0;\n\t\tt.src=v;s=b.getElementsByTagName(e)[0];\n\t\ts.parentNode.insertBefore(t,s)}(window, document,'script',\n\t\t'https:\/\/connect.facebook.net\/en_US\/fbevents.js');\n\t\tfbq('consent', consent);\n\t\tfbq('init', '989222871864976');\n\t\tfbq('track', 'PageView');\n\t<\/script><script type=\"module\">\n\t\tvar consent=\"grant\";\n\t\t\/* The above code is parsing the JSON data from the local storage and storing it in a variable. *\/\n\t\t\tconst onetrustStorageConsent = JSON.parse(localStorage.getItem( 'consent_one_trust_bdc' ) );\n\t\t\t\/* Checking to see if the user has consented to the use of cookies.\n\t\t\t* If they have not, it is deleting the cookie.\n\t\t\t* This will comment for now, until further notice.\n\t\t\t*\/\n\t\t\t\/\/if ( onetrustStorageConsent.C0002 === false ) {\n\t\t\t\/\/\tdocument.cookie=\"_fbp=;expires=Thu, 01 Jan 2010 00:00:00 UTC; path=\/; domain=.boston.com\";\n\t\t\t\/\/}\n\t\t\t\/* Checking if the user has given consent for the cookie C0002.\n\t\t\t* If the user has given consent, the variable consent will be set to 'grant'.\n\t\t\t* If the user has not given consent,the variable consent will be set to 'revoke'.\n\t\t\t* Documentation https:\/\/developers.facebook.com\/docs\/meta-pixel\/implementation\/gdpr\n\t\t\t*\/\n\t\t\tif ( ( onetrustStorageConsent !== null ) && (onetrustStorageConsent.C0002 !== true ) ) {\n\t\t\t\tconsent=\"revoke\";\n\t\t\t}\n\t\t\t\t!function(f,b,e,v,n,t,s){if(f.fbq)return;n=f.fbq=function()\n\t\t{n.callMethod? n.callMethod.apply(n,arguments):n.queue.push(arguments)}\n\t\t;if(!f._fbq)f._fbq=n;\n\t\tn.push=n;n.loaded=!0;n.version='2.0';n.queue=[];t=b.createElement(e);t.async=!0;\n\t\tt.src=v;s=b.getElementsByTagName(e)[0];s.parentNode.insertBefore(t,s)}(window,\n\t\tdocument,'script','https:\/\/connect.facebook.net\/en_US\/fbevents.js');\n\t\tfbq('consent', consent);\n\t\tfbq('init', '813236348753005');\n\t\tfbq('track', \"PageView\");\n\t<\/script><br \/>\n<br \/><br \/>\n<br \/><a href=\"https:\/\/www.boston.com\/community\/new-england-patriots\/2025\/01\/03\/hes-in-way-over-his-head-heres-why-more-than-500-readers-want-jerod-mayo-to-go\/\">Source link <\/a><\/p>","protected":false},"excerpt":{"rendered":"<p>Patriotas Os leitores do Boston.com est\u00e3o pedindo que o New England Patriots se separe de Jerod Mayo depois de apenas uma temporada. O New England Patriots treinou no campo do&hellip;<\/p>","protected":false},"author":1,"featured_media":87055,"comment_status":"closed","ping_status":"open","sticky":false,"template":"","format":"standard","meta":{"content-type":"","footnotes":""},"categories":[1],"tags":[],"class_list":["post-87054","post","type-post","status-publish","format-standard","has-post-thumbnail","hentry","category-uncategorized"],"_links":{"self":[{"href":"https:\/\/tvbrazilusa.com\/pt\/wp-json\/wp\/v2\/posts\/87054","targetHints":{"allow":["GET"]}}],"collection":[{"href":"https:\/\/tvbrazilusa.com\/pt\/wp-json\/wp\/v2\/posts"}],"about":[{"href":"https:\/\/tvbrazilusa.com\/pt\/wp-json\/wp\/v2\/types\/post"}],"author":[{"embeddable":true,"href":"https:\/\/tvbrazilusa.com\/pt\/wp-json\/wp\/v2\/users\/1"}],"replies":[{"embeddable":true,"href":"https:\/\/tvbrazilusa.com\/pt\/wp-json\/wp\/v2\/comments?post=87054"}],"version-history":[{"count":1,"href":"https:\/\/tvbrazilusa.com\/pt\/wp-json\/wp\/v2\/posts\/87054\/revisions"}],"predecessor-version":[{"id":87056,"href":"https:\/\/tvbrazilusa.com\/pt\/wp-json\/wp\/v2\/posts\/87054\/revisions\/87056"}],"wp:featuredmedia":[{"embeddable":true,"href":"https:\/\/tvbrazilusa.com\/pt\/wp-json\/wp\/v2\/media\/87055"}],"wp:attachment":[{"href":"https:\/\/tvbrazilusa.com\/pt\/wp-json\/wp\/v2\/media?parent=87054"}],"wp:term":[{"taxonomy":"category","embeddable":true,"href":"https:\/\/tvbrazilusa.com\/pt\/wp-json\/wp\/v2\/categories?post=87054"},{"taxonomy":"post_tag","embeddable":true,"href":"https:\/\/tvbrazilusa.com\/pt\/wp-json\/wp\/v2\/tags?post=87054"}],"curies":[{"name":"wp","href":"https:\/\/api.w.org\/{rel}","templated":true}]}}