{"id":87182,"date":"2025-01-03T23:53:20","date_gmt":"2025-01-03T23:53:20","guid":{"rendered":"https:\/\/tvbrazilusa.com\/2025\/01\/03\/homem-se-da-mal-apos-tentar-pegar-carona-na-traseira-de-brt-veja-video\/"},"modified":"2025-01-03T23:53:21","modified_gmt":"2025-01-03T23:53:21","slug":"homem-se-da-mal-apos-tentar-pegar-carona-na-traseira-de-brt-veja-video","status":"publish","type":"post","link":"https:\/\/tvbrazilusa.com\/pt\/2025\/01\/03\/homem-se-da-mal-apos-tentar-pegar-carona-na-traseira-de-brt-veja-video\/","title":{"rendered":"Homem se d\u00e1 mal ap\u00f3s tentar pegar carona na traseira de BRT; VEJA V\u00cdDEO"},"content":{"rendered":"<p> <script async src=\"https:\/\/pagead2.googlesyndication.com\/pagead\/js\/adsbygoogle.js?client=ca-pub-8864793242727901\"\r\n     crossorigin=\"anonymous\"><\/script><br \/>\n<\/p>\n<div id=\"taboola-read-more\" style=\"display:block; width:100%\">\n<p>O momento foi registrado por um motorista que acompanhava o BRT na Avenida das Am\u00e9ricas, na Barra da Tijuca, na Zona Oeste, Rio de Janeiro\n<\/p>\n<p><strong>ASSISTA:<\/strong><\/p>\n<blockquote class=\"twitter-tweet\" data-media-max-width=\"560\">\n<p dir=\"ltr\" lang=\"pt\">\u27a1\ufe0f Homem se d\u00e1 mal ap\u00f3s tentar pegar carona na traseira de BRT<\/p>\n<p>O momento foi registrado por um motorista que acompanhava o BRT na Avenida das Am\u00e9ricas, na Barra da Tijuca, na Zona Oeste, Rio de Janeiro <a href=\"https:\/\/t.co\/twv1Cb2Ma3\">pic.twitter.com\/twv1Cb2Ma3<\/a><br \/>\n\u2014 Metr\u00f3poles (@Metropoles) <a href=\"https:\/\/twitter.com\/Metropoles\/status\/1875240415680717181?ref_src=twsrc%5Etfw\">January 3, 2025<\/a><\/p>\n<\/blockquote>\n<\/div>\n<p><script async src=\"\/\/platform.twitter.com\/widgets.js\" charset=\"utf-8\"><\/script><br \/>\n<br \/><br \/>\n<br \/><a href=\"https:\/\/diariodobrasilnoticias.com.br\/noticia\/homem-se-da-mal-apos-tentar-pegar-carona-na-traseira-de-brt-veja-video-67785d31cd290\">Source link <\/a><\/p>","protected":false},"excerpt":{"rendered":"<p>O momento foi registrado por um motorista que acompanhava o BRT na Avenida das Am\u00e9ricas, na Barra da Tijuca, na Zona Oeste, Rio de Janeiro ASSISTA: \u27a1\ufe0f Homem se d\u00e1&hellip;<\/p>","protected":false},"author":1,"featured_media":87183,"comment_status":"closed","ping_status":"open","sticky":false,"template":"","format":"standard","meta":{"content-type":"","footnotes":""},"categories":[16],"tags":[123,2448,5313,1267],"class_list":["post-87182","post","type-post","status-publish","format-standard","has-post-thumbnail","hentry","category-noticias","tag-brasil","tag-diario","tag-noticia","tag-noticias"],"_links":{"self":[{"href":"https:\/\/tvbrazilusa.com\/pt\/wp-json\/wp\/v2\/posts\/87182","targetHints":{"allow":["GET"]}}],"collection":[{"href":"https:\/\/tvbrazilusa.com\/pt\/wp-json\/wp\/v2\/posts"}],"about":[{"href":"https:\/\/tvbrazilusa.com\/pt\/wp-json\/wp\/v2\/types\/post"}],"author":[{"embeddable":true,"href":"https:\/\/tvbrazilusa.com\/pt\/wp-json\/wp\/v2\/users\/1"}],"replies":[{"embeddable":true,"href":"https:\/\/tvbrazilusa.com\/pt\/wp-json\/wp\/v2\/comments?post=87182"}],"version-history":[{"count":1,"href":"https:\/\/tvbrazilusa.com\/pt\/wp-json\/wp\/v2\/posts\/87182\/revisions"}],"predecessor-version":[{"id":87184,"href":"https:\/\/tvbrazilusa.com\/pt\/wp-json\/wp\/v2\/posts\/87182\/revisions\/87184"}],"wp:featuredmedia":[{"embeddable":true,"href":"https:\/\/tvbrazilusa.com\/pt\/wp-json\/wp\/v2\/media\/87183"}],"wp:attachment":[{"href":"https:\/\/tvbrazilusa.com\/pt\/wp-json\/wp\/v2\/media?parent=87182"}],"wp:term":[{"taxonomy":"category","embeddable":true,"href":"https:\/\/tvbrazilusa.com\/pt\/wp-json\/wp\/v2\/categories?post=87182"},{"taxonomy":"post_tag","embeddable":true,"href":"https:\/\/tvbrazilusa.com\/pt\/wp-json\/wp\/v2\/tags?post=87182"}],"curies":[{"name":"wp","href":"https:\/\/api.w.org\/{rel}","templated":true}]}}