{"id":87185,"date":"2025-01-03T23:52:27","date_gmt":"2025-01-03T23:52:27","guid":{"rendered":"https:\/\/tvbrazilusa.com\/2025\/01\/03\/os-fas-pagam-as-contas-jerod-mayo-responde-ao-patriots-lb-que-disse-que-os-fas-precisam-saber-o-seu-lugar\/"},"modified":"2025-01-03T23:58:41","modified_gmt":"2025-01-03T23:58:41","slug":"os-fas-pagam-as-contas-jerod-mayo-responde-ao-patriots-lb-que-disse-que-os-fas-precisam-saber-o-seu-lugar","status":"publish","type":"post","link":"https:\/\/tvbrazilusa.com\/pt\/2025\/01\/03\/os-fas-pagam-as-contas-jerod-mayo-responde-ao-patriots-lb-que-disse-que-os-fas-precisam-saber-o-seu-lugar\/","title":{"rendered":"\u2018Os f\u00e3s pagam as contas\u2019: Jerod Mayo responde ao Patriots LB que disse que os f\u00e3s precisam saber o seu lugar"},"content":{"rendered":"<p> <script async src=\"https:\/\/pagead2.googlesyndication.com\/pagead\/js\/adsbygoogle.js?client=ca-pub-8864793242727901\"\r\n     crossorigin=\"anonymous\"><\/script><br \/>\n<\/p>\n<div id=\"\">\n<header class=\"m-article-header m-article-header--standard\">\n\t\t\t\t\t\t\t\t\t\t\t\t<span id=\"article-header-primary-term\"><br \/>\n\t\t\t\t\t\t\t\t<a class=\"a-term a-term--primary\" href=\"https:\/\/www.boston.com\/tag\/new-england-patriots\/\"><\/p>\n<p>\t\t\t\t\t\t\t\tPatriotas\t\t\t\t\t\t\t\t<\/a><br \/>\n\t\t\t\t\t\t\t<\/span><\/p>\n<h2 class=\"m-article-header__sub-headline\">&#8220;Conversei com os caras sobre como &#8211; olha, eles est\u00e3o tentando me defender.&#8221;<\/h2>\n<figure class=\"a-photo m-article-header__photo\"><figcaption class=\"a-photo__caption\">\n<p>\tJerod Mayo<em> Foto de Maddie Meyer\/Getty Images<\/em>\t<\/figcaption><\/figure>\n<\/header>\n<div class=\"m-block t-amp__list-container m-article-list-container m-article-list-container--frame-border a-border-frame  a-list-header__headline--red m-article-list--alternative--default  m-article-list--floated\">\n<ul class=\"t-amp__list a-list--no-style m-article-list m-article-list--recirculation m-article-list--has-images\">\n<li class=\"m-article-list__item m-article-list__item--featured\">\n\t\t\t<a class=\"m-article-list__link-wrapper\" href=\"https:\/\/www.boston.com\/sports\/new-england-patriots\/2025\/01\/03\/jahlani-tavai-patriots-fans-comment-clarification\/?p1=article_recirc_inline_feature\" data-p1=\"article_recirc_inline_feature\"><br \/>\n\t\t\t\t<img fetchpriority=\"high\" decoding=\"async\" width=\"768\" height=\"432\" src=\"https:\/\/bdc2020.o0bc.com\/wp-content\/uploads\/2025\/01\/XUVJGCHQ6BO6LK2WZSVJGKBNAI-67784ec9e19e8-768x432.jpg\" class=\"t-amp__list-image m-article-list__image m-article-list__image--full wp-post-image\" alt=\"\" aria-hidden=\"true\" srcset=\"https:\/\/bdc2020.o0bc.com\/wp-content\/uploads\/2025\/01\/XUVJGCHQ6BO6LK2WZSVJGKBNAI-67784ec9e19e8-768x432.jpg?width=200 200w, https:\/\/bdc2020.o0bc.com\/wp-content\/uploads\/2025\/01\/XUVJGCHQ6BO6LK2WZSVJGKBNAI-67784ec9e19e8-768x432.jpg?width=300 300w, https:\/\/bdc2020.o0bc.com\/wp-content\/uploads\/2025\/01\/XUVJGCHQ6BO6LK2WZSVJGKBNAI-67784ec9e19e8-768x432.jpg?width=400 400w, https:\/\/bdc2020.o0bc.com\/wp-content\/uploads\/2025\/01\/XUVJGCHQ6BO6LK2WZSVJGKBNAI-67784ec9e19e8-768x432.jpg?width=500 500w, https:\/\/bdc2020.o0bc.com\/wp-content\/uploads\/2025\/01\/XUVJGCHQ6BO6LK2WZSVJGKBNAI-67784ec9e19e8-768x432.jpg?width=600 600w, https:\/\/bdc2020.o0bc.com\/wp-content\/uploads\/2025\/01\/XUVJGCHQ6BO6LK2WZSVJGKBNAI-67784ec9e19e8-768x432.jpg?width=700 700w, https:\/\/bdc2020.o0bc.com\/wp-content\/uploads\/2025\/01\/XUVJGCHQ6BO6LK2WZSVJGKBNAI-67784ec9e19e8-768x432.jpg?width=800 800w, https:\/\/bdc2020.o0bc.com\/wp-content\/uploads\/2025\/01\/XUVJGCHQ6BO6LK2WZSVJGKBNAI-67784ec9e19e8-768x432.jpg?width=900 900w\" sizes=\"(max-width: 768px) 100vw, 768px\"\/>\t\t\t\t\t<\/p>\n<p><h4 class=\"m-article-list__headline t-amp__list-headline\">\n\t\t\t\t\t\t\t<span class=\"m-article-list__link a-link a-link--inline a-link--text-link a-link--text-link-dark\"><\/p>\n<p>\t\t\t\t\t\t\tJahlani Tavai esclareceu coment\u00e1rios aos f\u00e3s dos Patriots, mas disse \u2018n\u00e3o seja um cr\u00edtico\u2019\t\t\t\t\t\t\t<\/span><br \/>\n\t\t\t\t\t\t<\/h4>\n<\/p>\n<p>\t\t\t\t<\/a>\n\t\t\t<\/li>\n<li class=\"m-article-list__item\">\n\t\t\t\t\t<a class=\"m-article-list__link-wrapper\" href=\"https:\/\/www.boston.com\/sports\/new-england-patriots\/2025\/01\/03\/patriots-drake-maye-start-bills-injury-update\/?p1=article_recirc_inline_feed\" data-p1=\"article_recirc_inline_feed\"><\/p>\n<p><h4 class=\"m-article-list__headline\">\n\t\t\t\t\t\t\t\t\t<span class=\"m-article-list__link a-link a-link--inline a-link--text-link a-link--text-link-dark\"><\/p>\n<p>\t\t\t\t\t\t\t\t\tPatriots listam Drake Maye como question\u00e1vel contra Bills depois de dizer que era esperado que ele come\u00e7asse\t\t\t\t\t\t\t\t\t<\/span><br \/>\n\t\t\t\t\t\t\t\t<\/h4>\n<\/p>\n<p>\t\t\t\t\t\t<\/a>\n\t\t\t\t\t<\/li>\n<\/ul>\n<\/div>\n<p>Treinador principal dos Patriots <a href=\"https:\/\/www.boston.com\/community\/new-england-patriots\/2025\/01\/03\/hes-in-way-over-his-head-heres-why-more-than-500-readers-want-jerod-mayo-to-go\/\">Jerod Mayo <\/a>disse que conversou com Jahlani Tavai sobre os coment\u00e1rios que o linebacker do Patriots fez sobre os f\u00e3s que precisavam \u201cconhecer seu lugar\u201d.<\/p>\n<p>\u201cEu cuidei disso internamente\u201d, disse Mayo. \u201cTivemos uma conversa sobre isso, ent\u00e3o vou manter isso internamente. Vou dizer isso, olha, para os f\u00e3s \u2013 j\u00e1 disse isso antes. Tamb\u00e9m sou f\u00e3 de coisas diferentes.\u201d<\/p>\n<p>\u201cOlha, ningu\u00e9m est\u00e1 feliz, ningu\u00e9m est\u00e1 feliz com nosso hist\u00f3rico, ningu\u00e9m est\u00e1 feliz onde estamos agora\u201d, acrescentou. \u201cO torcedor, olha, eles pagam as contas, v\u00eam aqui, exigem que a gente v\u00e1 l\u00e1 e tenha um bom desempenho, e n\u00e3o fizemos isso este ano. Ent\u00e3o, olhe, eu entendo.<\/p>\n<p>Durante um <a href=\"https:\/\/x.com\/TheGregHillShow\/status\/1875163880399523885\">recente apari\u00e7\u00e3o no The Greg Hill Show da WEEI<\/a>Tavai foi questionado se ele estava incomodado com as vaias dos f\u00e3s dos Patriots durante a derrota de s\u00e1bado por 40-7 para os Chargers.<\/p>\n<p>Ele admitiu que estava frustrado e disse a um f\u00e3 para ficar quieto de uma forma \u201cn\u00e3o educada\u201d. Ele n\u00e3o gostou dos torcedores gritando para os Patriots demitirem Mayo. <\/p>\n<p><a href=\"https:\/\/www.boston.com\/sports\/new-england-patriots\/2025\/01\/03\/jahlani-tavai-patriots-fans-comment-clarification\/\">Na sexta-feira, Tavai esclareceu seus coment\u00e1rios<\/a>dizendo que entende porque os f\u00e3s est\u00e3o frustrados. Ele explicou que estava defendendo seu treinador e seus companheiros de equipe e que n\u00e3o estava tentando dizer \u00e0s pessoas para mudarem a forma como agem durante os jogos.<\/p>\n<p>Com 3-12, os Patriots est\u00e3o empatados a quatro pelo pior recorde da NFL. Eles t\u00eam o ataque com menor pontua\u00e7\u00e3o da liga, e a defesa deu um passo significativo para tr\u00e1s sem Bill Belichick. A equipe, que j\u00e1 estava passando por dificuldades no ano passado, continuou a regredir sob o comando de Mayo. Eles perderam seis jogos consecutivos, incluindo a derrota contra o Los Angeles. <\/p>\n<p>Tavai \u00e9 um dos v\u00e1rios jogadores do Patriots que sa\u00edram em defesa de Mayo ap\u00f3s os gritos. Final defensivo<a href=\"https:\/\/www.youtube.com\/watch?v=Q-IrqdjOY5E\"> Deatrich Wise Jr. disse que a equipe n\u00e3o gostou dos cantos de \u201cFire Mayo\u201d<\/a> e que os f\u00e3s do Patriot s\u00e3o um pouco mimados. Ataque defensivo <a href=\"https:\/\/x.com\/BySeanMcGuire\/status\/1873126626634154100\">Davon Godchaux chamou os cantos de \u201crid\u00edculos\u201d.<\/a><\/p>\n<p>\u201cConversei com os caras sobre como \u2013 olha, eles est\u00e3o tentando me defender\u201d, disse Mayo. \u201cJ\u00e1 falei para eles, olha, agrade\u00e7o, mas ao mesmo tempo a torcida \u00e9 o mais importante aqui. Eles querem ver um bom futebol e querem ver vit\u00f3rias.\u201d<\/p>\n<p>Mayo, ex-escolhido no primeiro turno que jogou oito temporadas com os Patriots antes de se tornar treinador, disse que lidar com as cr\u00edticas p\u00fablicas faz parte do jogo. <\/p>\n<p>\u201cIsso faz parte da pr\u00e1tica de esportes\u201d, disse Mayo. \u201cNem todo mundo vai ser f\u00e3 dos Patriots. Nem todo mundo vai ser f\u00e3 de Jerod Mayo, e aprendi isso muito cedo em minha carreira competitiva, independentemente do esporte que pratiquei. Olha, voc\u00ea s\u00f3 precisa abaixar a cabe\u00e7a e continuar trabalhando para melhorar.\u201d<\/p>\n<p>Belichick, que venceu seis Super Bowls com os Patriots, foi demitido depois que o time terminou 4-13 na temporada passada. Uma vit\u00f3ria no domingo empataria esse recorde. Uma derrota garantiria a escolha geral n\u00famero 1 no pr\u00f3ximo Draft da NFL e tornaria oficialmente o recorde deste time pior do que no ano passado. <\/p>\n<p>Belichick sofreu tr\u00eas temporadas consecutivas de derrotas antes de ser demitido. Mayo est\u00e1 em sua primeira temporada e \u00e9 relativamente incomum que os treinadores da NFL percam o emprego depois de apenas uma temporada.<\/p>\n<p>Durante esta primeira semana do novo ano, Mayo foi convidado a refletir sobre como a cultura da equipe evoluiu desde o training camp. Mayo disse que est\u00e1 focado na tarefa que tem em m\u00e3os. <\/p>\n<p>\u201cSim, para mim, \u00e9 sobre o Buffalo Bills esta semana\u201d, disse Mayo. \u201cDirei \u00e0s vezes, e sempre disse isso, que \u00e0s vezes olhamos para a cultura como se fosse quase uma forma retrospectiva de validar o sucesso ou o fracasso.\u201d<\/p>\n<p>\u201cAo dizer isso, deixe-me resumir um pouco. S\u00f3 porque voc\u00ea tem um bom hist\u00f3rico n\u00e3o significa que voc\u00ea tenha uma boa cultura, e s\u00f3 porque voc\u00ea tem um hist\u00f3rico ruim n\u00e3o significa que voc\u00ea tenha uma cultura ruim. Ent\u00e3o, essas coisas levam tempo.\u201d<\/p>\n<div class=\"o-author-single has-avatar\">\n<header class=\"m-author-card\">\n<div class=\"a-image a-image--square m-author-card__image\">\n\t\t<img decoding=\"async\" class=\"\" src=\"https:\/\/www.boston.com\/wp-content\/uploads\/2024\/10\/cropped-Screen-Shot-2024-01-26-at-4.59.30-PM-6706db53ae1d7-6706dcbabfba0-242x242.png\" alt=\"Imagem do perfil de Khari A. Thompson\"\/>\t<\/div>\n<div class=\"m-author-card__text\">\n<h3 class=\"m-author-card__title\"><a href=\"https:\/\/www.boston.com\/author\/kharia-thompson\">Khari A. Thompson<\/a><\/h3>\n<p><span class=\"m-author-card__subtitle\">Rep\u00f3rter Esportivo<\/span>\t<\/div>\n<\/header>\n<section class=\"author-info\">\n<div class=\"m-author__section\">\n<p>Khari Thompson cobre esportes profissionais para Boston.com. Antes de ingressar no time em 2022, Khari cobriu futebol universit\u00e1rio para o The Clarion Ledger em Jackson, Mississipi.<\/p>\n<\/div>\n<\/section>\n<\/div>\n<div class=\"m-block m-generic-cta\t m-generic-cta--post-content\t m-generic-cta--dark\t m-generic-cta--homepage\t m-generic-cta--email-signup\t\t m-generic-cta-block-style--default \tt-amp__generic-cta\"><\/p>\n<div class=\"m-generic-cta__wrap\">\n<div class=\"m-generic-cta__content\">\n<h3 class=\"m-generic-cta__title\">Inscreva-se para receber atualiza\u00e7\u00f5es do Patriots\ud83c\udfc8<\/h3>\n<p class=\"m-generic-cta__subtitle\">Receba as \u00faltimas not\u00edcias e an\u00e1lises em sua caixa de entrada durante a temporada de futebol.<\/p>\n<\/p><\/div>\n<\/p><\/div>\n<\/div><\/div>\n<p><script>\n\t\tvar consent=\"grant\";\n\t\t\/* The above code is parsing the JSON data from the local storage and storing it in a variable. *\/\n\t\t\t\t\tconst onetrustStorageConsent = JSON.parse(localStorage.getItem( 'consent_one_trust_bdc' ) );\n\t\t\tif ( ( onetrustStorageConsent !== null ) ) {\n\t\t\t\t\/* Checking to see if the user has consented to the use of cookies.\n\t\t\t\t* If they have not, it is deleting the cookie.\n\t\t\t\t* This will comment for now, until further notice.\n\t\t\t\t*\/\n\t\t\t\t\/\/if ( onetrustStorageConsent.C0002 === false ) {\n\t\t\t\t\/\/\tdocument.cookie=\"_fbp=;expires=Thu, 01 Jan 2010 00:00:00 UTC; path=\/; domain=.boston.com\";\n\t\t\t\t\/\/}\n\t\t\t\t\/* Checking if the user has given consent for the cookie C0002.\n\t\t\t\t* If the user has given consent, the variable consent will be set to 'grant'.\n\t\t\t\t* If the user has not given consent,the variable consent will be set to 'revoke'.\n\t\t\t\t* Documentation https:\/\/developers.facebook.com\/docs\/meta-pixel\/implementation\/gdpr\n\t\t\t\t*\/\n\t\t\t\tif ( onetrustStorageConsent.C0002 !== true ) {\n\t\t\t\t\tconsent=\"revoke\";\n\t\t\t\t}\n\t\t\t}\n\t\t\t\t!function(f,b,e,v,n,t,s)\n\t\t{if(f.fbq)return;n=f.fbq=function(){n.callMethod?\n\t\tn.callMethod.apply(n,arguments):n.queue.push(arguments)};\n\t\tif(!f._fbq)f._fbq=n;n.push=n;n.loaded=!0;n.version='2.0';\n\t\tn.queue=[];t=b.createElement(e);t.async=!0;\n\t\tt.src=v;s=b.getElementsByTagName(e)[0];\n\t\ts.parentNode.insertBefore(t,s)}(window, document,'script',\n\t\t'https:\/\/connect.facebook.net\/en_US\/fbevents.js');\n\t\tfbq('consent', consent);\n\t\tfbq('init', '989222871864976');\n\t\tfbq('track', 'PageView');\n\t<\/script><script type=\"module\">\n\t\tvar consent=\"grant\";\n\t\t\/* The above code is parsing the JSON data from the local storage and storing it in a variable. *\/\n\t\t\tconst onetrustStorageConsent = JSON.parse(localStorage.getItem( 'consent_one_trust_bdc' ) );\n\t\t\t\/* Checking to see if the user has consented to the use of cookies.\n\t\t\t* If they have not, it is deleting the cookie.\n\t\t\t* This will comment for now, until further notice.\n\t\t\t*\/\n\t\t\t\/\/if ( onetrustStorageConsent.C0002 === false ) {\n\t\t\t\/\/\tdocument.cookie=\"_fbp=;expires=Thu, 01 Jan 2010 00:00:00 UTC; path=\/; domain=.boston.com\";\n\t\t\t\/\/}\n\t\t\t\/* Checking if the user has given consent for the cookie C0002.\n\t\t\t* If the user has given consent, the variable consent will be set to 'grant'.\n\t\t\t* If the user has not given consent,the variable consent will be set to 'revoke'.\n\t\t\t* Documentation https:\/\/developers.facebook.com\/docs\/meta-pixel\/implementation\/gdpr\n\t\t\t*\/\n\t\t\tif ( ( onetrustStorageConsent !== null ) && (onetrustStorageConsent.C0002 !== true ) ) {\n\t\t\t\tconsent=\"revoke\";\n\t\t\t}\n\t\t\t\t!function(f,b,e,v,n,t,s){if(f.fbq)return;n=f.fbq=function()\n\t\t{n.callMethod? n.callMethod.apply(n,arguments):n.queue.push(arguments)}\n\t\t;if(!f._fbq)f._fbq=n;\n\t\tn.push=n;n.loaded=!0;n.version='2.0';n.queue=[];t=b.createElement(e);t.async=!0;\n\t\tt.src=v;s=b.getElementsByTagName(e)[0];s.parentNode.insertBefore(t,s)}(window,\n\t\tdocument,'script','https:\/\/connect.facebook.net\/en_US\/fbevents.js');\n\t\tfbq('consent', consent);\n\t\tfbq('init', '813236348753005');\n\t\tfbq('track', \"PageView\");\n\t<\/script><br \/>\n<br \/><br \/>\n<br \/><a href=\"https:\/\/www.boston.com\/sports\/new-england-patriots\/2025\/01\/03\/jerod-mayo-jahlani-tavai-patriots-fans-comments-quotes\/\">Source link <\/a><\/p>","protected":false},"excerpt":{"rendered":"<p>Patriotas &#8220;Conversei com os caras sobre como &#8211; olha, eles est\u00e3o tentando me defender.&#8221; Jerod Mayo Foto de Maddie Meyer\/Getty Images Jahlani Tavai esclareceu coment\u00e1rios aos f\u00e3s dos Patriots, mas&hellip;<\/p>","protected":false},"author":1,"featured_media":87186,"comment_status":"closed","ping_status":"open","sticky":false,"template":"","format":"standard","meta":{"content-type":"","footnotes":""},"categories":[1],"tags":[],"class_list":["post-87185","post","type-post","status-publish","format-standard","has-post-thumbnail","hentry","category-uncategorized"],"_links":{"self":[{"href":"https:\/\/tvbrazilusa.com\/pt\/wp-json\/wp\/v2\/posts\/87185","targetHints":{"allow":["GET"]}}],"collection":[{"href":"https:\/\/tvbrazilusa.com\/pt\/wp-json\/wp\/v2\/posts"}],"about":[{"href":"https:\/\/tvbrazilusa.com\/pt\/wp-json\/wp\/v2\/types\/post"}],"author":[{"embeddable":true,"href":"https:\/\/tvbrazilusa.com\/pt\/wp-json\/wp\/v2\/users\/1"}],"replies":[{"embeddable":true,"href":"https:\/\/tvbrazilusa.com\/pt\/wp-json\/wp\/v2\/comments?post=87185"}],"version-history":[{"count":1,"href":"https:\/\/tvbrazilusa.com\/pt\/wp-json\/wp\/v2\/posts\/87185\/revisions"}],"predecessor-version":[{"id":87187,"href":"https:\/\/tvbrazilusa.com\/pt\/wp-json\/wp\/v2\/posts\/87185\/revisions\/87187"}],"wp:featuredmedia":[{"embeddable":true,"href":"https:\/\/tvbrazilusa.com\/pt\/wp-json\/wp\/v2\/media\/87186"}],"wp:attachment":[{"href":"https:\/\/tvbrazilusa.com\/pt\/wp-json\/wp\/v2\/media?parent=87185"}],"wp:term":[{"taxonomy":"category","embeddable":true,"href":"https:\/\/tvbrazilusa.com\/pt\/wp-json\/wp\/v2\/categories?post=87185"},{"taxonomy":"post_tag","embeddable":true,"href":"https:\/\/tvbrazilusa.com\/pt\/wp-json\/wp\/v2\/tags?post=87185"}],"curies":[{"name":"wp","href":"https:\/\/api.w.org\/{rel}","templated":true}]}}