{"id":87188,"date":"2025-01-04T00:05:30","date_gmt":"2025-01-04T00:05:30","guid":{"rendered":"https:\/\/tvbrazilusa.com\/2025\/01\/04\/fuad-e-internado-novamente-e-respira-com-ajuda-de-aparelhos\/"},"modified":"2025-01-04T00:05:32","modified_gmt":"2025-01-04T00:05:32","slug":"fuad-e-internado-novamente-e-respira-com-ajuda-de-aparelhos","status":"publish","type":"post","link":"https:\/\/tvbrazilusa.com\/pt\/2025\/01\/04\/fuad-e-internado-novamente-e-respira-com-ajuda-de-aparelhos\/","title":{"rendered":"Fuad \u00e9 internado novamente e respira com ajuda de aparelhos"},"content":{"rendered":"<p> <script async src=\"https:\/\/pagead2.googlesyndication.com\/pagead\/js\/adsbygoogle.js?client=ca-pub-8864793242727901\"\r\n     crossorigin=\"anonymous\"><\/script><br \/>\n<\/p>\n<div id=\"taboola-read-more\" style=\"display:block; width:100%\">\n<p>O prefeito de Belo Horizonte, Fuad Noman (PSD), foi novamente internado no Hospital Mater Dei nesta sexta-feira (3 de janeiro) com insufici\u00eancia respirat\u00f3ria aguda e est\u00e1 respirando com ajuda de aparelhos. A informa\u00e7\u00e3o foi confirmada a O TEMPO por fontes pr\u00f3ximas ao chefe do Executivo. \u00c9 a quarta interna\u00e7\u00e3o de Fuad desde o fim das elei\u00e7\u00f5es. A Prefeitura de Belo Horizonte confirmou a interna\u00e7\u00e3o em nota \u00e0 imprensa e diz que ele est\u00e1 realizando exames para avalia\u00e7\u00e3o do quadro.\u00a0\n<\/p>\n<p>A prefeitura havia divulgado, no in\u00edcio da tarde, que o prefeito esteve no hospital Sarah Kubitschek pela manh\u00e3 para uma avalia\u00e7\u00e3o sobre um tratamento de reabilita\u00e7\u00e3o com sess\u00f5es de fisioterapia. Em nota, o Executivo informou que a fisioterapia \u00e9 uma \u201crecomenda\u00e7\u00e3o m\u00e9dica e necess\u00e1ria para a plena recupera\u00e7\u00e3o ap\u00f3s ser submetido a procedimento contra o c\u00e2ncer no sistema linf\u00e1tico\u201d.<\/p>\n<p>Nessa quinta-feira (2 de janeiro), interlocutores do prefeito haviam informado que ele iria avaliar, nos pr\u00f3ximos dias, se tiraria f\u00e9rias durante o m\u00eas de janeiro. Essa decis\u00e3o j\u00e1 teria sido tomada antes mesmo da campanha eleitoral para reelei\u00e7\u00e3o. A Prefeitura de Belo Horizonte foi questionada sobre como fica a situa\u00e7\u00e3o de Fuad Noman com a interna\u00e7\u00e3o e a reportagem aguarda retorno.\n<\/p>\n<p>Caso as f\u00e9rias se confirmem, quem assume a administra\u00e7\u00e3o municipal \u00e9 o vice-prefeito \u00c1lvaro Dami\u00e3o (Uni\u00e3o), que, atualmente, acumula tamb\u00e9m o cargo de secret\u00e1rio de Governo. N\u00e3o se sabe, entretanto, o per\u00edodo que Fuad pretendia ficar afastado.\n<\/p>\n<p>O chefe do Executivo municipal foi submetido a um tratamento contra um linfoma n\u00e3o Hodgkin durante a campanha eleitoral, que est\u00e1 em remiss\u00e3o desde outubro. Fuad anunciou o c\u00e2ncer ainda durante a pr\u00e9-campanha do ano passado.\n<\/p>\n<p>Desde o fim das elei\u00e7\u00f5es, o prefeito de Belo Horizonte foi hospitalizado em quatro ocasi\u00f5es. Entre 19 e 20 de novembro, ele foi submetido a exames no Hospital Mater Dei. No dia 23 do mesmo m\u00eas, ele deu entrada na mesma institui\u00e7\u00e3o de sa\u00fade com dores nas pernas e foi diagnosticado com uma neuropatia perif\u00e9rica, tida como consequ\u00eancia do tratamento de c\u00e2ncer. Fuad recebeu alta cinco dias depois. Em 7 de dezembro, o prefeito ainda precisou tratar uma pneumonia e sinusite no dia 15. Ainda, Fuad passou por um quadro de sangramento intestinal e diarreia no fim do ano passado.\n<\/p>\n<p>Posse<br \/>Debilitado durante a posse, que aconteceu no \u00faltimo dia 1\u00ba, o prefeito reeleito agradeceu, em discurso lido pelo vice-prefeito \u00c1lvaro Dami\u00e3o (Uni\u00e3o Brasil), ao corpo m\u00e9dico e aos funcion\u00e1rios do Hospital Mater Dei. \u201c(Eles) Me curaram de um c\u00e2ncer e agora me recuperam para que eu possa estar pronto para esta nova batalha do segundo mandato\u201d, narrou Dami\u00e3o, que chegou a se emocionar enquanto lia o discurso de posse.\n<\/p>\n<p>Em coletiva \u00e0 imprensa ap\u00f3s a posse, Dami\u00e3o, questionado sobre o estado de sa\u00fade de Fuad, afirmou que a decis\u00e3o de um eventual afastamento ao prefeito cabe ao corpo m\u00e9dico e \u00e0 fam\u00edlia. \u201c\u00c9 sobre ele, sobre a fam\u00edlia dele e o corpo m\u00e9dico dele\u201d, frisou o vice. \u201cN\u00e3o \u00e9 f\u00e1cil vencer um tratamento como esse\u201d, pontuou.\n<\/p>\n<p>De acordo com o tamb\u00e9m secret\u00e1rio de Governo na data, Fuad, mesmo debilitado, est\u00e1 trabalhando. \u201cEle est\u00e1 despachando de casa, se reunindo comigo e com algumas pessoas da prefeitura, como secret\u00e1rios. Estivemos l\u00e1 juntos com ele debatendo a cidade. Ele est\u00e1 despachando de casa e melhorando\u201d, pontuou Dami\u00e3o.\n<\/p>\n<p>Fonte: O Tempo              <\/p>\n<\/div>\n<p><br \/>\n<br \/><a href=\"https:\/\/diariodobrasilnoticias.com.br\/noticia\/fuad-e-internado-novamente-e-respira-com-ajuda-de-aparelhos-67785cc7e8ab0\">Source link <\/a><\/p>","protected":false},"excerpt":{"rendered":"<p>O prefeito de Belo Horizonte, Fuad Noman (PSD), foi novamente internado no Hospital Mater Dei nesta sexta-feira (3 de janeiro) com insufici\u00eancia respirat\u00f3ria aguda e est\u00e1 respirando com ajuda de&hellip;<\/p>","protected":false},"author":1,"featured_media":87189,"comment_status":"closed","ping_status":"open","sticky":false,"template":"","format":"standard","meta":{"content-type":"","footnotes":""},"categories":[16],"tags":[123,2448,5313,1267],"class_list":["post-87188","post","type-post","status-publish","format-standard","has-post-thumbnail","hentry","category-noticias","tag-brasil","tag-diario","tag-noticia","tag-noticias"],"_links":{"self":[{"href":"https:\/\/tvbrazilusa.com\/pt\/wp-json\/wp\/v2\/posts\/87188","targetHints":{"allow":["GET"]}}],"collection":[{"href":"https:\/\/tvbrazilusa.com\/pt\/wp-json\/wp\/v2\/posts"}],"about":[{"href":"https:\/\/tvbrazilusa.com\/pt\/wp-json\/wp\/v2\/types\/post"}],"author":[{"embeddable":true,"href":"https:\/\/tvbrazilusa.com\/pt\/wp-json\/wp\/v2\/users\/1"}],"replies":[{"embeddable":true,"href":"https:\/\/tvbrazilusa.com\/pt\/wp-json\/wp\/v2\/comments?post=87188"}],"version-history":[{"count":1,"href":"https:\/\/tvbrazilusa.com\/pt\/wp-json\/wp\/v2\/posts\/87188\/revisions"}],"predecessor-version":[{"id":87190,"href":"https:\/\/tvbrazilusa.com\/pt\/wp-json\/wp\/v2\/posts\/87188\/revisions\/87190"}],"wp:featuredmedia":[{"embeddable":true,"href":"https:\/\/tvbrazilusa.com\/pt\/wp-json\/wp\/v2\/media\/87189"}],"wp:attachment":[{"href":"https:\/\/tvbrazilusa.com\/pt\/wp-json\/wp\/v2\/media?parent=87188"}],"wp:term":[{"taxonomy":"category","embeddable":true,"href":"https:\/\/tvbrazilusa.com\/pt\/wp-json\/wp\/v2\/categories?post=87188"},{"taxonomy":"post_tag","embeddable":true,"href":"https:\/\/tvbrazilusa.com\/pt\/wp-json\/wp\/v2\/tags?post=87188"}],"curies":[{"name":"wp","href":"https:\/\/api.w.org\/{rel}","templated":true}]}}