{"id":87191,"date":"2025-01-03T23:18:39","date_gmt":"2025-01-03T23:18:39","guid":{"rendered":"https:\/\/tvbrazilusa.com\/2025\/01\/03\/juiz-define-sentenca-de-trump-em-caso-de-silencio-para-10-de-janeiro-mas-nao-sinaliza-pena-de-prisao\/"},"modified":"2025-01-04T00:11:04","modified_gmt":"2025-01-04T00:11:04","slug":"juiz-define-sentenca-de-trump-em-caso-de-silencio-para-10-de-janeiro-mas-nao-sinaliza-pena-de-prisao","status":"publish","type":"post","link":"https:\/\/tvbrazilusa.com\/pt\/2025\/01\/03\/juiz-define-sentenca-de-trump-em-caso-de-silencio-para-10-de-janeiro-mas-nao-sinaliza-pena-de-prisao\/","title":{"rendered":"Juiz define senten\u00e7a de Trump em caso de sil\u00eancio para 10 de janeiro, mas n\u00e3o sinaliza pena de pris\u00e3o"},"content":{"rendered":"<p> <script async src=\"https:\/\/pagead2.googlesyndication.com\/pagead\/js\/adsbygoogle.js?client=ca-pub-8864793242727901\"\r\n     crossorigin=\"anonymous\"><\/script><br \/>\n<\/p>\n<div id=\"\">\n<header class=\"m-article-header m-article-header--standard\">\n\t\t\t\t\t\t\t\t\t\t\t\t<span id=\"article-header-primary-term\"><br \/>\n\t\t\t\t\t\t\t\t<a class=\"a-term a-term--primary\" href=\"https:\/\/www.boston.com\/tag\/crime\/\"><\/p>\n<p>\t\t\t\t\t\t\t\tCrime\t\t\t\t\t\t\t\t<\/a><br \/>\n\t\t\t\t\t\t\t<\/span><\/p>\n<h2 class=\"m-article-header__sub-headline\">A condena\u00e7\u00e3o de Trump deixou o homem de 78 anos enfrentando a possibilidade de puni\u00e7\u00e3o que varia de multa ou liberdade condicional a at\u00e9 quatro anos de pris\u00e3o.<\/h2>\n<figure class=\"a-photo m-article-header__photo\"><figcaption class=\"a-photo__caption\">\n<p>\tO ex-presidente Donald Trump aguarda o in\u00edcio do processo no tribunal criminal de Manhattan, em 23 de abril de 2024, em Nova York. (AP Photo\/Yuki Iwamura, Piscina, Arquivo)<em> <\/em>\t<\/figcaption><\/figure>\n<div class=\"m-article-header__meta\">\n<div class=\"m-article-header__byline\">\n<p class=\"m-article-header__author\">\n<p>\t\t\t\t\t\t\t\tPor MICHAEL R. SISAK e JENNIFER PELTZ, Associated Press\t\t\t\t\t\t\t<\/p>\n<p>\t\t\t\t\t\t\t\t\t\t\t\t\t\t\t<time class=\"m-article-header__date\"><\/p>\n<p>\t\t\t\t\t\t\t\t\t3 de janeiro de 2025 | 18h18\t\t\t\t\t\t\t\t<\/time><\/p>\n<p><span>4 minutos para ler<\/span><\/p>\n<\/p><\/div>\n<\/p><\/div>\n<\/header>\n<p>NOVA IORQUE (AP) \u2013 Em uma reviravolta extraordin\u00e1ria, um juiz marcou na sexta-feira a senten\u00e7a do presidente eleito Donald Trump em seu caso de sil\u00eancio para 10 de janeiro \u2013 pouco mais de uma semana antes de seu retorno \u00e0 Casa Branca \u2013 mas indicou que o faria. n\u00e3o ser preso.<\/p>\n<p>No entanto, o desenvolvimento deixa Trump no caminho de ser o primeiro presidente a tomar posse condenado por crimes graves.<\/p>\n<p>O juiz Juan M. Merchan, que presidiu o julgamento de Trump, sinalizou em uma decis\u00e3o por escrito que condenaria o ex-e futuro presidente ao que \u00e9 conhecido como dispensa incondicional, na qual um caso \u00e9 encerrado sem pena de pris\u00e3o, multa ou liberdade condicional. Trump pode comparecer virtualmente para receber a senten\u00e7a, se assim o desejar.<\/p>\n<p>Merchan escreveu que procurou equilibrar interesses conflitantes: a capacidade de Trump de governar \u201clivre\u201d do caso, a decis\u00e3o da Suprema Corte dos EUA em julho sobre a imunidade presidencial, a expectativa do p\u00fablico \u201cde que todos sejam iguais e ningu\u00e9m esteja acima da lei\u201d, e o import\u00e2ncia de proteger a \u201csantidade de um veredicto do j\u00fari\u201d.<\/p>\n<p>\u201cEste tribunal simplesmente n\u00e3o est\u00e1 convencido de que o primeiro factor supera os outros nesta fase do processo\u201d, escreveu Merchan numa decis\u00e3o de 18 p\u00e1ginas.<\/p>\n<p>Ele rejeitou a press\u00e3o de Trump para rejeitar o veredicto e rejeitar o caso por motivos de imunidade presidencial e por causa de seu retorno iminente \u00e0 Casa Branca. O juiz disse que n\u00e3o encontrou \u201cnenhum impedimento legal para condenar\u201d Trump e, na verdade, era \u201cincumb\u00eancia\u201d do tribunal faz\u00ea-lo antes do dia da posse, 20 de janeiro.<\/p>\n<p>\u201cSomente trazendo finalidade a este assunto\u201d os interesses da justi\u00e7a ser\u00e3o atendidos, escreveu Merchan.<\/p>\n<p>O diretor de comunica\u00e7\u00f5es de Trump, Steven Cheung, reiterou que o caso, que Trump h\u00e1 muito descreve como ileg\u00edtimo, deveria ser rejeitado imediatamente.<\/p>\n<p>\u201cN\u00e3o deveria haver senten\u00e7a e o presidente Trump continuar\u00e1 lutando contra essas fraudes at\u00e9 que todos morram\u201d, disse Cheung em comunicado.<\/p>\n<p>Trump foi condenado em maio por 34 acusa\u00e7\u00f5es de falsifica\u00e7\u00e3o de registros comerciais. Eles envolviam um suposto esquema para esconder um pagamento secreto ao ator porn\u00f4 Stormy Daniels nas \u00faltimas semanas da primeira campanha de Trump em 2016. O pagamento foi feito para impedi-la de divulgar alega\u00e7\u00f5es de que ela havia feito sexo com o casado Trump anos antes. Ele diz que a hist\u00f3ria dela \u00e9 falsa e que ele n\u00e3o fez nada de errado.<\/p>\n<p>Ap\u00f3s a elei\u00e7\u00e3o de Trump em 5 de novembro, Merchan suspendeu o processo e adiou indefinidamente a senten\u00e7a para que a defesa e a acusa\u00e7\u00e3o pudessem avaliar o futuro do caso.<\/p>\n<p>Os advogados de Trump instaram Merchan a desistir. Afirmaram que, de outra forma, isso representaria \u201cperturba\u00e7\u00f5es\u201d inconstitucionais \u00e0 capacidade do novo presidente de governar o pa\u00eds.<\/p>\n<p>Os promotores reconheceram que deveria haver alguma acomoda\u00e7\u00e3o para sua pr\u00f3xima presid\u00eancia, mas insistiram que a condena\u00e7\u00e3o deveria ser mantida.<\/p>\n<p>Eles sugeriram v\u00e1rias op\u00e7\u00f5es, como congelar o caso durante seu mandato ou garantir-lhe uma senten\u00e7a sem pris\u00e3o. Eles tamb\u00e9m propuseram encerrar o caso, observando formalmente tanto sua condena\u00e7\u00e3o quanto seu recurso indeciso \u2013 uma ideia nova extra\u00edda do que alguns tribunais estaduais fazem quando r\u00e9us criminais morrem enquanto apelam de seus casos.<\/p>\n<p>Merchan decidiu que o status atual de Trump como presidente eleito n\u00e3o lhe confere o mesmo tipo de imunidade concedida a um presidente em exerc\u00edcio e n\u00e3o exige que o veredicto seja anulado e o caso arquivado &#8211; uma no\u00e7\u00e3o que o juiz descreveu como \u201cdr\u00e1stica\u201d e \u201c cru.&#8221;<\/p>\n<p>Fazer isso \u201cminaria o Estado de Direito de maneiras incomensur\u00e1veis\u201d, escreveu Merchan. Ele opinou que isso tamb\u00e9m n\u00e3o resolveria as preocupa\u00e7\u00f5es da Suprema Corte sobre a imunidade presidencial.<\/p>\n<p>Trump toma posse em 20 de janeiro como o primeiro ex-presidente a ser condenado por um crime e o primeiro criminoso condenado a ser eleito para o cargo.<\/p>\n<p>Sua condena\u00e7\u00e3o deixou o homem de 78 anos enfrentando a possibilidade de puni\u00e7\u00e3o que variava de multa ou liberdade condicional a at\u00e9 quatro anos de pris\u00e3o.<\/p>\n<p>O caso centrou-se na forma como Trump explicou o reembolso ao seu advogado pessoal pelo pagamento de Daniels.<\/p>\n<p>O advogado, Michael Cohen, foi o respons\u00e1vel pelo dinheiro. Mais tarde, ele recuperou o dinheiro por meio de uma s\u00e9rie de pagamentos que a empresa de Trump registrou como despesas legais. Trump, ent\u00e3o na Casa Branca, assinou ele mesmo a maior parte dos cheques.<\/p>\n<p>Os promotores disseram que a designa\u00e7\u00e3o pretendia encobrir o verdadeiro prop\u00f3sito dos pagamentos e ajudar a encobrir um esfor\u00e7o mais amplo para evitar que os eleitores ouvissem afirma\u00e7\u00f5es pouco lisonjeiras sobre o republicano durante sua primeira campanha.<\/p>\n<p>Trump disse que Cohen foi legitimamente pago por servi\u00e7os jur\u00eddicos e que a hist\u00f3ria de Daniels foi suprimida para evitar constrangimento \u00e0 fam\u00edlia de Trump, n\u00e3o para influenciar o eleitorado.<\/p>\n<p>Trump era um cidad\u00e3o privado \u2013 em campanha para presidente, mas n\u00e3o foi eleito nem empossado \u2013 quando Cohen pagou Daniels em Outubro de 2016. Ele era presidente quando Cohen foi reembolsado, e Cohen testemunhou que discutiram o acordo de reembolso no Sal\u00e3o Oval.<\/p>\n<p>Trump, um republicano, condenou o veredicto como o resultado \u201cmanipulado e vergonhoso\u201d de uma \u201cca\u00e7a \u00e0s bruxas\u201d levada a cabo pelo procurador distrital de Manhattan, Alvin Bragg, um democrata.<\/p>\n<p>Antes da elei\u00e7\u00e3o de Trump em Novembro, os seus advogados tentaram reverter a sua condena\u00e7\u00e3o por uma raz\u00e3o diferente: uma decis\u00e3o do Supremo Tribunal dos EUA, em Julho, que deu aos presidentes ampla imunidade de processos criminais. Esse pedido ainda estava pendente quando a elei\u00e7\u00e3o levantou novas quest\u00f5es.<\/p>\n<p>Ao mesmo tempo que instava Merchan a anular a condena\u00e7\u00e3o, Trump tamb\u00e9m procurou transferir o caso para um tribunal federal, onde tamb\u00e9m poderia reivindicar imunidade. Um juiz federal disse repetidamente que n\u00e3o, mas Trump apelou.<\/p>\n<p>O caso do sil\u00eancio foi a \u00fanica das quatro acusa\u00e7\u00f5es criminais de Trump a ir a julgamento.<\/p>\n<p>Desde a elei\u00e7\u00e3o, o procurador especial Jack Smith encerrou seus dois casos federais. Um dizia respeito aos esfor\u00e7os de Trump para reverter a derrota nas elei\u00e7\u00f5es de 2020; o outro alegou que guardava documentos confidenciais em sua propriedade em Mar-a-Lago.<\/p>\n<p>Um caso separado de interfer\u00eancia eleitoral a n\u00edvel estatal na Ge\u00f3rgia est\u00e1 em grande parte suspenso.<\/p>\n<p>Os advogados de Trump argumentaram que a decis\u00e3o de Smith de rejeitar as acusa\u00e7\u00f5es federais contra Trump significava que todos os processos criminais contra ele deveriam cessar imediatamente. Mas Merchan disse que achou esse argumento pouco convincente, observando que o caso do sil\u00eancio do estado de Nova Iorque estava numa fase \u201cmuito\u201d diferente.<\/p>\n<\/p><\/div>\n<p><script>\n\t\tvar consent=\"grant\";\n\t\t\/* The above code is parsing the JSON data from the local storage and storing it in a variable. *\/\n\t\t\t\t\tconst onetrustStorageConsent = JSON.parse(localStorage.getItem( 'consent_one_trust_bdc' ) );\n\t\t\tif ( ( onetrustStorageConsent !== null ) ) {\n\t\t\t\t\/* Checking to see if the user has consented to the use of cookies.\n\t\t\t\t* If they have not, it is deleting the cookie.\n\t\t\t\t* This will comment for now, until further notice.\n\t\t\t\t*\/\n\t\t\t\t\/\/if ( onetrustStorageConsent.C0002 === false ) {\n\t\t\t\t\/\/\tdocument.cookie=\"_fbp=;expires=Thu, 01 Jan 2010 00:00:00 UTC; path=\/; domain=.boston.com\";\n\t\t\t\t\/\/}\n\t\t\t\t\/* Checking if the user has given consent for the cookie C0002.\n\t\t\t\t* If the user has given consent, the variable consent will be set to 'grant'.\n\t\t\t\t* If the user has not given consent,the variable consent will be set to 'revoke'.\n\t\t\t\t* Documentation https:\/\/developers.facebook.com\/docs\/meta-pixel\/implementation\/gdpr\n\t\t\t\t*\/\n\t\t\t\tif ( onetrustStorageConsent.C0002 !== true ) {\n\t\t\t\t\tconsent=\"revoke\";\n\t\t\t\t}\n\t\t\t}\n\t\t\t\t!function(f,b,e,v,n,t,s)\n\t\t{if(f.fbq)return;n=f.fbq=function(){n.callMethod?\n\t\tn.callMethod.apply(n,arguments):n.queue.push(arguments)};\n\t\tif(!f._fbq)f._fbq=n;n.push=n;n.loaded=!0;n.version='2.0';\n\t\tn.queue=[];t=b.createElement(e);t.async=!0;\n\t\tt.src=v;s=b.getElementsByTagName(e)[0];\n\t\ts.parentNode.insertBefore(t,s)}(window, document,'script',\n\t\t'https:\/\/connect.facebook.net\/en_US\/fbevents.js');\n\t\tfbq('consent', consent);\n\t\tfbq('init', '989222871864976');\n\t\tfbq('track', 'PageView');\n\t<\/script><script type=\"module\">\n\t\tvar consent=\"grant\";\n\t\t\/* The above code is parsing the JSON data from the local storage and storing it in a variable. *\/\n\t\t\tconst onetrustStorageConsent = JSON.parse(localStorage.getItem( 'consent_one_trust_bdc' ) );\n\t\t\t\/* Checking to see if the user has consented to the use of cookies.\n\t\t\t* If they have not, it is deleting the cookie.\n\t\t\t* This will comment for now, until further notice.\n\t\t\t*\/\n\t\t\t\/\/if ( onetrustStorageConsent.C0002 === false ) {\n\t\t\t\/\/\tdocument.cookie=\"_fbp=;expires=Thu, 01 Jan 2010 00:00:00 UTC; path=\/; domain=.boston.com\";\n\t\t\t\/\/}\n\t\t\t\/* Checking if the user has given consent for the cookie C0002.\n\t\t\t* If the user has given consent, the variable consent will be set to 'grant'.\n\t\t\t* If the user has not given consent,the variable consent will be set to 'revoke'.\n\t\t\t* Documentation https:\/\/developers.facebook.com\/docs\/meta-pixel\/implementation\/gdpr\n\t\t\t*\/\n\t\t\tif ( ( onetrustStorageConsent !== null ) && (onetrustStorageConsent.C0002 !== true ) ) {\n\t\t\t\tconsent=\"revoke\";\n\t\t\t}\n\t\t\t\t!function(f,b,e,v,n,t,s){if(f.fbq)return;n=f.fbq=function()\n\t\t{n.callMethod? n.callMethod.apply(n,arguments):n.queue.push(arguments)}\n\t\t;if(!f._fbq)f._fbq=n;\n\t\tn.push=n;n.loaded=!0;n.version='2.0';n.queue=[];t=b.createElement(e);t.async=!0;\n\t\tt.src=v;s=b.getElementsByTagName(e)[0];s.parentNode.insertBefore(t,s)}(window,\n\t\tdocument,'script','https:\/\/connect.facebook.net\/en_US\/fbevents.js');\n\t\tfbq('consent', consent);\n\t\tfbq('init', '813236348753005');\n\t\tfbq('track', \"PageView\");\n\t<\/script><br \/>\n<br \/><br \/>\n<br \/><a href=\"https:\/\/www.boston.com\/news\/crime\/2025\/01\/03\/judge-sets-trumps-sentencing-in-hush-money-case-for-jan-10-but-signals-no-jail-time\/\">Source link <\/a><\/p>","protected":false},"excerpt":{"rendered":"<p>Crime A condena\u00e7\u00e3o de Trump deixou o homem de 78 anos enfrentando a possibilidade de puni\u00e7\u00e3o que varia de multa ou liberdade condicional a at\u00e9 quatro anos de pris\u00e3o. O&hellip;<\/p>","protected":false},"author":1,"featured_media":87192,"comment_status":"closed","ping_status":"open","sticky":false,"template":"","format":"standard","meta":{"content-type":"","footnotes":""},"categories":[1],"tags":[],"class_list":["post-87191","post","type-post","status-publish","format-standard","has-post-thumbnail","hentry","category-uncategorized"],"_links":{"self":[{"href":"https:\/\/tvbrazilusa.com\/pt\/wp-json\/wp\/v2\/posts\/87191","targetHints":{"allow":["GET"]}}],"collection":[{"href":"https:\/\/tvbrazilusa.com\/pt\/wp-json\/wp\/v2\/posts"}],"about":[{"href":"https:\/\/tvbrazilusa.com\/pt\/wp-json\/wp\/v2\/types\/post"}],"author":[{"embeddable":true,"href":"https:\/\/tvbrazilusa.com\/pt\/wp-json\/wp\/v2\/users\/1"}],"replies":[{"embeddable":true,"href":"https:\/\/tvbrazilusa.com\/pt\/wp-json\/wp\/v2\/comments?post=87191"}],"version-history":[{"count":1,"href":"https:\/\/tvbrazilusa.com\/pt\/wp-json\/wp\/v2\/posts\/87191\/revisions"}],"predecessor-version":[{"id":87193,"href":"https:\/\/tvbrazilusa.com\/pt\/wp-json\/wp\/v2\/posts\/87191\/revisions\/87193"}],"wp:featuredmedia":[{"embeddable":true,"href":"https:\/\/tvbrazilusa.com\/pt\/wp-json\/wp\/v2\/media\/87192"}],"wp:attachment":[{"href":"https:\/\/tvbrazilusa.com\/pt\/wp-json\/wp\/v2\/media?parent=87191"}],"wp:term":[{"taxonomy":"category","embeddable":true,"href":"https:\/\/tvbrazilusa.com\/pt\/wp-json\/wp\/v2\/categories?post=87191"},{"taxonomy":"post_tag","embeddable":true,"href":"https:\/\/tvbrazilusa.com\/pt\/wp-json\/wp\/v2\/tags?post=87191"}],"curies":[{"name":"wp","href":"https:\/\/api.w.org\/{rel}","templated":true}]}}