{"id":87194,"date":"2025-01-04T00:17:30","date_gmt":"2025-01-04T00:17:30","guid":{"rendered":"https:\/\/tvbrazilusa.com\/2025\/01\/04\/lula-esnobou-acre-e-tocantins-em-3o-mandato-enquanto-viajou-a-32-paises\/"},"modified":"2025-01-04T00:17:31","modified_gmt":"2025-01-04T00:17:31","slug":"lula-esnobou-acre-e-tocantins-em-3o-mandato-enquanto-viajou-a-32-paises","status":"publish","type":"post","link":"https:\/\/tvbrazilusa.com\/pt\/2025\/01\/04\/lula-esnobou-acre-e-tocantins-em-3o-mandato-enquanto-viajou-a-32-paises\/","title":{"rendered":"Lula &#8216;esnobou&#8217; Acre e Tocantins em 3\u00ba mandato, enquanto viajou a 32 pa\u00edses"},"content":{"rendered":"<p> <script async src=\"https:\/\/pagead2.googlesyndication.com\/pagead\/js\/adsbygoogle.js?client=ca-pub-8864793242727901\"\r\n     crossorigin=\"anonymous\"><\/script><br \/>\n<\/p>\n<div id=\"taboola-read-more\" style=\"display:block; width:100%\">\n<p>O presidente Luiz In\u00e1cio Lula da Silva ainda n\u00e3o visitou dois Estados em seu terceiro mandato: Acre e Tocantins. Ambos s\u00e3o governados por pol\u00edticos de oposi\u00e7\u00e3o \u2014 Gladson Cameli (PP) comanda o Acre, enquanto o Tocantins tem Wanderlei Barbosa (Republicanos) como chefe do Executivo.\n<\/p>\n<p>A neglig\u00eancia do presidente com esses Estados contrasta com a agenda internacional de Lula, que visitou 32 pa\u00edses apenas em seu terceiro mandato \u2014 alguns deles duas vezes. Ao todo, Lula passou 88 dias fora do Brasil em compromissos oficiais.<\/p>\n<p>Em 2023, Lula visitou 18 Estados: Amap\u00e1, Amazonas, Bahia, Cear\u00e1, Esp\u00edrito Santo, Maranh\u00e3o, Mato Grosso, Par\u00e1, Para\u00edba, Paran\u00e1, Pernambuco, Piau\u00ed, Rio de Janeiro, Rio Grande do Norte, Rio Grande do Sul, Roraima, S\u00e3o Paulo e Sergipe, al\u00e9m do Distrito Federal, onde reside.\n<\/p>\n<p>Por outro lado, Lula deixou de prestigiar oito Estados: Acre, Alagoas, Goi\u00e1s, Mato Grosso do Sul, Minas Gerais, Rond\u00f4nia, Santa Catarina e Tocantins. Destes, apenas Alagoas \u00e9 governada por um apoiador do governo petista.\n<\/p>\n<p>Internacionalmente, Lula fez 15 viagens e se ausentou da Presid\u00eancia por 62 dias. Foram visitados 24 pa\u00edses: \u00c1frica do Sul, Alemanha, Angola, \u00c1rabia Saudita, Argentina, B\u00e9lgica, China, Col\u00f4mbia, Cuba, Emirados \u00c1rabes, Espanha, Estados Unidos, Fran\u00e7a, \u00cdndia, It\u00e1lia, Jap\u00e3o, Paraguai, Portugal, Catar, Reino Unido, S\u00e3o Tom\u00e9 e Pr\u00edncipe, Uruguai e Vaticano.\n<\/p>\n<p>Lula focou viagens dom\u00e9sticas em 2024<br \/>No \u00faltimo ano, o presidente intensificou a agenda nacional para apoiar seus candidatos nas elei\u00e7\u00f5es municipais. Os Estados visitados pela primeira vez em 2024 foram: Alagoas, Goi\u00e1s, Mato Grosso do Sul, Minas Gerais, Rond\u00f4nia e Santa Catarina.\n<\/p>\n<p>Dessa forma, Lula n\u00e3o viajou tanto ao exterior quanto em 2023. O presidente fez nove viagens e passou 26 dias fora do Brasil. Treze pa\u00edses foram visitados: Bol\u00edvia, Chile, Col\u00f4mbia, Egito, Estados Unidos, Eti\u00f3pia, Guiana, It\u00e1lia, M\u00e9xico, Paraguai, S\u00e3o Vicente e Granadinas, Su\u00ed\u00e7a e Uruguai.\n<\/p>\n<p>O n\u00famero poderia ser ainda maior, mas o acidente dom\u00e9stico sofrido por Lula no Pal\u00e1cio da Alvorada for\u00e7ou o presidente a cancelar viagens a R\u00fassia, Azerbaij\u00e3o e Peru. Na cidade russa de Kazan, Lula compareceria \u00e0 16\u00aa C\u00fapula do Brics.\n<\/p>\n<p>Em 2025, Lula ter\u00e1 de equilibrar suas viagens pelo Brasil com compromissos internacionais, j\u00e1 que o pa\u00eds sediar\u00e1 a reuni\u00e3o do Brics e a 30\u00aa Confer\u00eancia das Na\u00e7\u00f5es Unidas sobre as Mudan\u00e7as Clim\u00e1ticas (COP30).\n<\/p>\n<p>O local do primeiro evento ainda n\u00e3o foi definido. O prefeito do Rio de Janeiro, Eduardo Paes, tem feito campanha para a cidade, impulsionado pelo sucesso do encontro do G20, realizado em novembro na capital fluminense.\n<\/p>\n<p>J\u00e1 a COP30 est\u00e1 confirmada para ocorrer em Bel\u00e9m, depois de um pedido do pr\u00f3prio Lula, que defendeu a escolha da cidade para que a comunidade internacional tenha a oportunidade de conhecer a Floresta Amaz\u00f4nica de perto.\n<\/p>\n<p>Internacionalmente, Lula planeja sete destinos internacionais, tr\u00eas deles em mar\u00e7o: Jap\u00e3o, Vietn\u00e3 e Uruguai. Em junho, Lula programa viagens para a Argentina e a Fran\u00e7a.\n<\/p>\n<p>Em setembro, o presidente brasileiro deve viajar aos Estados Unidos para a Assembleia-Geral da ONU (Organiza\u00e7\u00e3o das Na\u00e7\u00f5es Unidas). Em novembro, o destino \u00e9 a reuni\u00e3o dos chefes de Estado do G20, na \u00c1frica do Sul.\n<\/p>\n<p>Fonte: Revista Oeste              <\/p>\n<\/div>\n<p><br \/>\n<br \/><a href=\"https:\/\/diariodobrasilnoticias.com.br\/noticia\/lula-esnobou-acre-e-tocantins-em-3-mandato-enquanto-viajou-a-32-paises-67785ebe71d6d\">Source link <\/a><\/p>","protected":false},"excerpt":{"rendered":"<p>O presidente Luiz In\u00e1cio Lula da Silva ainda n\u00e3o visitou dois Estados em seu terceiro mandato: Acre e Tocantins. Ambos s\u00e3o governados por pol\u00edticos de oposi\u00e7\u00e3o \u2014 Gladson Cameli (PP)&hellip;<\/p>","protected":false},"author":1,"featured_media":87195,"comment_status":"closed","ping_status":"open","sticky":false,"template":"","format":"standard","meta":{"content-type":"","footnotes":""},"categories":[16],"tags":[123,2448,5313,1267],"class_list":["post-87194","post","type-post","status-publish","format-standard","has-post-thumbnail","hentry","category-noticias","tag-brasil","tag-diario","tag-noticia","tag-noticias"],"_links":{"self":[{"href":"https:\/\/tvbrazilusa.com\/pt\/wp-json\/wp\/v2\/posts\/87194","targetHints":{"allow":["GET"]}}],"collection":[{"href":"https:\/\/tvbrazilusa.com\/pt\/wp-json\/wp\/v2\/posts"}],"about":[{"href":"https:\/\/tvbrazilusa.com\/pt\/wp-json\/wp\/v2\/types\/post"}],"author":[{"embeddable":true,"href":"https:\/\/tvbrazilusa.com\/pt\/wp-json\/wp\/v2\/users\/1"}],"replies":[{"embeddable":true,"href":"https:\/\/tvbrazilusa.com\/pt\/wp-json\/wp\/v2\/comments?post=87194"}],"version-history":[{"count":1,"href":"https:\/\/tvbrazilusa.com\/pt\/wp-json\/wp\/v2\/posts\/87194\/revisions"}],"predecessor-version":[{"id":87196,"href":"https:\/\/tvbrazilusa.com\/pt\/wp-json\/wp\/v2\/posts\/87194\/revisions\/87196"}],"wp:featuredmedia":[{"embeddable":true,"href":"https:\/\/tvbrazilusa.com\/pt\/wp-json\/wp\/v2\/media\/87195"}],"wp:attachment":[{"href":"https:\/\/tvbrazilusa.com\/pt\/wp-json\/wp\/v2\/media?parent=87194"}],"wp:term":[{"taxonomy":"category","embeddable":true,"href":"https:\/\/tvbrazilusa.com\/pt\/wp-json\/wp\/v2\/categories?post=87194"},{"taxonomy":"post_tag","embeddable":true,"href":"https:\/\/tvbrazilusa.com\/pt\/wp-json\/wp\/v2\/tags?post=87194"}],"curies":[{"name":"wp","href":"https:\/\/api.w.org\/{rel}","templated":true}]}}