{"id":87203,"date":"2025-01-04T00:43:14","date_gmt":"2025-01-04T00:43:14","guid":{"rendered":"https:\/\/tvbrazilusa.com\/2025\/01\/04\/inicio-do-impeachment-de-yoon-suk-yeol-presidente-da-coreia-do-sul-esta-marcado-para-14-de-janeiro\/"},"modified":"2025-01-04T00:43:15","modified_gmt":"2025-01-04T00:43:15","slug":"inicio-do-impeachment-de-yoon-suk-yeol-presidente-da-coreia-do-sul-esta-marcado-para-14-de-janeiro","status":"publish","type":"post","link":"https:\/\/tvbrazilusa.com\/pt\/2025\/01\/04\/inicio-do-impeachment-de-yoon-suk-yeol-presidente-da-coreia-do-sul-esta-marcado-para-14-de-janeiro\/","title":{"rendered":"In\u00edcio do impeachment de Yoon Suk-yeol, presidente da Coreia do Sul, est\u00e1 marcado para 14 de janeiro"},"content":{"rendered":"<p> <script async src=\"https:\/\/pagead2.googlesyndication.com\/pagead\/js\/adsbygoogle.js?client=ca-pub-8864793242727901\"\r\n     crossorigin=\"anonymous\"><\/script><br \/>\n<\/p>\n<div id=\"taboola-read-more\" style=\"display:block; width:100%\">\n<p>O Tribunal Constitucional da Coreia do Sul confirmou nesta 6\u00aa feira (3.jan.2025) a data do julgamento do impeachment do presidente afastado, Yoon Suk-yeol, para 14 de janeiro. O l\u00edder sul-coreano \u00e9 obrigado a comparecer.\n<\/p>\n<p>O Congresso do pa\u00eds aprovou o impeachment de Yoon em 14 de dezembro de 2024 pela tentativa de impor uma lei marcial. Para que o presidente saia do cargo, \u00e9 necess\u00e1rio que o Tribunal Constitucional emita, com prazo de 6 meses, uma decis\u00e3o sobre a continuidade do processo.<\/p>\n<p>Entretanto, n\u00e3o h\u00e1 um n\u00famero exato de julgamentos necess\u00e1rios sobre o impeachment, e o Tribunal ter\u00e1 que se reunir at\u00e9 que uma decis\u00e3o seja tomada. O encontro em 14 de janeiro ser\u00e1 apenas a 1\u00aa audi\u00eancia. Se a Corte sul-coreana entender que houve uma infra\u00e7\u00e3o \u00e0 lei, Yoon suk-yeol ser\u00e1 destitu\u00eddo do cargo imediatamente.\n<\/p>\n<p>Tendo em vista que a Coreia do Sul n\u00e3o possui vice-presidente, elei\u00e7\u00f5es presidenciais antecipadas ser\u00e3o convocadas em at\u00e9 60 dias se o Tribunal validar o pedido de impeachment.\n<\/p>\n<p>Yoon suk-yeol tamb\u00e9m enfrenta acusa\u00e7\u00f5es de insurrei\u00e7\u00e3o pela tentativa de impor a lei marcial, por\u00e9m em \u00e2mbito separado do processo de impeachment. O CIO (Escrit\u00f3rio de Investiga\u00e7\u00e3o de Corrup\u00e7\u00e3o), que formalizou a acusa\u00e7\u00e3o, alega que o presidente tentou bloquear a atividade legislativa e restringir liberdades civis.\n<\/p>\n<p>O mesmo escrit\u00f3rio emitiu um mandado de pris\u00e3o contra Yoon por n\u00e3o comparecer a intima\u00e7\u00f5es de interrogat\u00f3rio. Caso a acusa\u00e7\u00e3o de insurrei\u00e7\u00e3o se confirme, o presidente afastado pode ter puni\u00e7\u00f5es severas como pris\u00e3o perp\u00e9tua.\n<\/p>\n<p>DEFESA CONTESTA<br \/>A equipe jur\u00eddica do l\u00edder sul-coreano nega todas as acusa\u00e7\u00f5es. O principal argumento apresentado pela defesa \u00e9 que Yoon suk-yeol possui imunidade de acusa\u00e7\u00e3o pelo cargo da Presid\u00eancia.\n<\/p>\n<p>Os advogados de Yoon chegaram a citar um caso envolvendo o presidente eleito dos Estados Unidos, Donald Trump (Republicano), em que a Suprema Corte reconheceu a imunidade presidencial do republicano.\n<\/p>\n<p>A defesa tamb\u00e9m alega que o presidente exerceu seu direito de forma leg\u00edtima ao declarar a lei marcial para lidar com uma situa\u00e7\u00e3o de \u201cemerg\u00eancia nacional\u201d. \u201cAs coisas foram totalmente restauradas, de modo que n\u00e3o h\u00e1 necessidade de julgar a declara\u00e7\u00e3o em si\u201d, disse um documento emitido pela defesa.\n<\/p>\n<p>Yoon suk-yeol disse na 5\u00aa feira (2.jan.2025) que \u201clutar\u00e1 at\u00e9 o fim\u201d contra as acusa\u00e7\u00f5es de insurrei\u00e7\u00e3o e o processo de impeachment.\n<\/p>\n<p>Fonte: Poder 360              <\/p>\n<\/div>\n<p><br \/>\n<br \/><a href=\"https:\/\/diariodobrasilnoticias.com.br\/noticia\/inicio-do-impeachment-de-yoon-suk-yeol-presidente-da-coreia-do-sul-esta-marcado-para-14-de-janeiro-677873534866d\">Source link <\/a><\/p>","protected":false},"excerpt":{"rendered":"<p>O Tribunal Constitucional da Coreia do Sul confirmou nesta 6\u00aa feira (3.jan.2025) a data do julgamento do impeachment do presidente afastado, Yoon Suk-yeol, para 14 de janeiro. O l\u00edder sul-coreano&hellip;<\/p>","protected":false},"author":1,"featured_media":87204,"comment_status":"closed","ping_status":"open","sticky":false,"template":"","format":"standard","meta":{"content-type":"","footnotes":""},"categories":[16],"tags":[123,2448,5313,1267],"class_list":["post-87203","post","type-post","status-publish","format-standard","has-post-thumbnail","hentry","category-noticias","tag-brasil","tag-diario","tag-noticia","tag-noticias"],"_links":{"self":[{"href":"https:\/\/tvbrazilusa.com\/pt\/wp-json\/wp\/v2\/posts\/87203","targetHints":{"allow":["GET"]}}],"collection":[{"href":"https:\/\/tvbrazilusa.com\/pt\/wp-json\/wp\/v2\/posts"}],"about":[{"href":"https:\/\/tvbrazilusa.com\/pt\/wp-json\/wp\/v2\/types\/post"}],"author":[{"embeddable":true,"href":"https:\/\/tvbrazilusa.com\/pt\/wp-json\/wp\/v2\/users\/1"}],"replies":[{"embeddable":true,"href":"https:\/\/tvbrazilusa.com\/pt\/wp-json\/wp\/v2\/comments?post=87203"}],"version-history":[{"count":1,"href":"https:\/\/tvbrazilusa.com\/pt\/wp-json\/wp\/v2\/posts\/87203\/revisions"}],"predecessor-version":[{"id":87205,"href":"https:\/\/tvbrazilusa.com\/pt\/wp-json\/wp\/v2\/posts\/87203\/revisions\/87205"}],"wp:featuredmedia":[{"embeddable":true,"href":"https:\/\/tvbrazilusa.com\/pt\/wp-json\/wp\/v2\/media\/87204"}],"wp:attachment":[{"href":"https:\/\/tvbrazilusa.com\/pt\/wp-json\/wp\/v2\/media?parent=87203"}],"wp:term":[{"taxonomy":"category","embeddable":true,"href":"https:\/\/tvbrazilusa.com\/pt\/wp-json\/wp\/v2\/categories?post=87203"},{"taxonomy":"post_tag","embeddable":true,"href":"https:\/\/tvbrazilusa.com\/pt\/wp-json\/wp\/v2\/tags?post=87203"}],"curies":[{"name":"wp","href":"https:\/\/api.w.org\/{rel}","templated":true}]}}