{"id":87211,"date":"2025-01-04T01:02:15","date_gmt":"2025-01-04T01:02:15","guid":{"rendered":"https:\/\/tvbrazilusa.com\/2025\/01\/04\/onibus-se-acidenta-e-cai-em-abismo\/"},"modified":"2025-01-04T01:02:16","modified_gmt":"2025-01-04T01:02:16","slug":"onibus-se-acidenta-e-cai-em-abismo","status":"publish","type":"post","link":"https:\/\/tvbrazilusa.com\/pt\/2025\/01\/04\/onibus-se-acidenta-e-cai-em-abismo\/","title":{"rendered":"\u00d4nibus se acidenta e cai em abismo"},"content":{"rendered":"<p> <script async src=\"https:\/\/pagead2.googlesyndication.com\/pagead\/js\/adsbygoogle.js?client=ca-pub-8864793242727901\"\r\n     crossorigin=\"anonymous\"><\/script><br \/>\n<\/p>\n<div id=\"taboola-read-more\" style=\"display:block; width:100%\">\n<p>Pelo menos 12 pessoas morreram e outras 30 ficaram feridas ap\u00f3s um \u00f4nibus de turistas cair em um precip\u00edcio na Rodovia Pan-Americana, no sudoeste da Col\u00f4mbia. De acordo com a pol\u00edcia colombiana, o acidente ocorreu na \u00e1rea conhecida como El Placer, no munic\u00edpio de Tangua, departamento de Nari\u00f1o, pr\u00f3ximo \u00e0 fronteira com o Equador. O ve\u00edculo transportava 42 pessoas e caiu de uma altura de cerca de 150 metros no quil\u00f4metro 35 do trecho entre Pasto, capital de Nari\u00f1o, e Rumichaca.\n<\/p>\n<p>O \u00f4nibus fazia o trajeto entre Cali, capital de Valle del Cauca, e Ipiales, transportando turistas que visitariam o famoso Santu\u00e1rio de las Lajas. Esse santu\u00e1rio, situado a uma altitude de 2.900 metros, \u00e9 dedicado a Nossa Senhora do Ros\u00e1rio de Las Lajas e est\u00e1 localizado no c\u00e2nion do Rio Gu\u00e1itara, a cerca de 7 quil\u00f4metros da fronteira com o Equador.<\/p>\n<p>Equipes de resgate atuaram na remo\u00e7\u00e3o das v\u00edtimas e encaminharam os feridos para hospitais em Pasto e Ipiales. Segundo o Corpo de Bombeiros de Ipiales, as condi\u00e7\u00f5es adversas da estrada podem ter contribu\u00eddo para o acidente.\n<\/p>\n<p>Autoridades e investiga\u00e7\u00f5es<br \/>O presidente colombiano, Gustavo Petro, lamentou a trag\u00e9dia em sua conta na rede social X. \u201cTemos um desastre rodovi\u00e1rio em Nari\u00f1o. Um \u00f4nibus tur\u00edstico particular saiu da estrada. At\u00e9 agora, 11 mortos. Lament\u00e1vel. A pol\u00edcia est\u00e1 \u00e0 frente da opera\u00e7\u00e3o de emerg\u00eancia\u201d, afirmou o chefe de Estado.\n<\/p>\n<p>As autoridades investigam as poss\u00edveis causas do acidente, incluindo condi\u00e7\u00f5es clim\u00e1ticas adversas, falhas mec\u00e2nicas e o estado da rodovia. O caso ressalta a import\u00e2ncia de melhorias na infraestrutura vi\u00e1ria da regi\u00e3o.\n<\/p>\n<p>Fonte: Exame.              <\/p>\n<\/div>\n<p><br \/>\n<br \/><a href=\"https:\/\/diariodobrasilnoticias.com.br\/noticia\/onibus-se-acidenta-e-cai-em-abismo-677862f23d63a\">Source link <\/a><\/p>","protected":false},"excerpt":{"rendered":"<p>Pelo menos 12 pessoas morreram e outras 30 ficaram feridas ap\u00f3s um \u00f4nibus de turistas cair em um precip\u00edcio na Rodovia Pan-Americana, no sudoeste da Col\u00f4mbia. De acordo com a&hellip;<\/p>","protected":false},"author":1,"featured_media":87212,"comment_status":"closed","ping_status":"open","sticky":false,"template":"","format":"standard","meta":{"content-type":"","footnotes":""},"categories":[16],"tags":[123,2448,5313,1267],"class_list":["post-87211","post","type-post","status-publish","format-standard","has-post-thumbnail","hentry","category-noticias","tag-brasil","tag-diario","tag-noticia","tag-noticias"],"_links":{"self":[{"href":"https:\/\/tvbrazilusa.com\/pt\/wp-json\/wp\/v2\/posts\/87211","targetHints":{"allow":["GET"]}}],"collection":[{"href":"https:\/\/tvbrazilusa.com\/pt\/wp-json\/wp\/v2\/posts"}],"about":[{"href":"https:\/\/tvbrazilusa.com\/pt\/wp-json\/wp\/v2\/types\/post"}],"author":[{"embeddable":true,"href":"https:\/\/tvbrazilusa.com\/pt\/wp-json\/wp\/v2\/users\/1"}],"replies":[{"embeddable":true,"href":"https:\/\/tvbrazilusa.com\/pt\/wp-json\/wp\/v2\/comments?post=87211"}],"version-history":[{"count":1,"href":"https:\/\/tvbrazilusa.com\/pt\/wp-json\/wp\/v2\/posts\/87211\/revisions"}],"predecessor-version":[{"id":87213,"href":"https:\/\/tvbrazilusa.com\/pt\/wp-json\/wp\/v2\/posts\/87211\/revisions\/87213"}],"wp:featuredmedia":[{"embeddable":true,"href":"https:\/\/tvbrazilusa.com\/pt\/wp-json\/wp\/v2\/media\/87212"}],"wp:attachment":[{"href":"https:\/\/tvbrazilusa.com\/pt\/wp-json\/wp\/v2\/media?parent=87211"}],"wp:term":[{"taxonomy":"category","embeddable":true,"href":"https:\/\/tvbrazilusa.com\/pt\/wp-json\/wp\/v2\/categories?post=87211"},{"taxonomy":"post_tag","embeddable":true,"href":"https:\/\/tvbrazilusa.com\/pt\/wp-json\/wp\/v2\/tags?post=87211"}],"curies":[{"name":"wp","href":"https:\/\/api.w.org\/{rel}","templated":true}]}}