{"id":87223,"date":"2025-01-04T01:49:43","date_gmt":"2025-01-04T01:49:43","guid":{"rendered":"https:\/\/tvbrazilusa.com\/2025\/01\/04\/crianca-e-resgatada-pela-prf-apos-ser-esquecida-pelos-avos-em-dutra\/"},"modified":"2025-01-04T01:49:45","modified_gmt":"2025-01-04T01:49:45","slug":"crianca-e-resgatada-pela-prf-apos-ser-esquecida-pelos-avos-em-dutra","status":"publish","type":"post","link":"https:\/\/tvbrazilusa.com\/pt\/2025\/01\/04\/crianca-e-resgatada-pela-prf-apos-ser-esquecida-pelos-avos-em-dutra\/","title":{"rendered":"Crian\u00e7a \u00e9 resgatada pela PRF ap\u00f3s ser esquecida pelos av\u00f3s em Dutra"},"content":{"rendered":"<p> <script async src=\"https:\/\/pagead2.googlesyndication.com\/pagead\/js\/adsbygoogle.js?client=ca-pub-8864793242727901\"\r\n     crossorigin=\"anonymous\"><\/script><br \/>\n<\/p>\n<div id=\"taboola-read-more\" style=\"display:block; width:100%\">\n<p>Uma crian\u00e7a de 11 anos foi resgatada pela Pol\u00edcia Rodovi\u00e1ria Federal (PRF) na tarde desta quinta-feira (02), em uma \u00e1rea de servi\u00e7o da Rodovia Presidente Dutra, em Jacare\u00ed, no interior de S\u00e3o Paulo.\n<\/p>\n<p>A menina, que havia se perdido dos familiares, foi encontrada por um homem que acionou a PRF. Ap\u00f3s buscas, os policiais encontraram a fam\u00edlia da crian\u00e7a, constatando que o desencontro ocorreu por falta de comunica\u00e7\u00e3o e aten\u00e7\u00e3o dos respons\u00e1veis.<\/p>\n<p>A Pol\u00edcia Rodovi\u00e1ria Federal (PRF) atuou no resgate de uma menina de 11 anos que se encontrava perdida. O epis\u00f3dio ocorreu na tarde desta quinta-feira, em uma \u00e1rea de servi\u00e7o localizada \u00e0s margens da Rodovia Presidente Dutra, em Jacare\u00ed, S\u00e3o Paulo.\n<\/p>\n<p>A crian\u00e7a, que havia parado para usar o banheiro, n\u00e3o encontrou mais os av\u00f3s. Um homem procurou os policiais da PRF, ap\u00f3s ter contato com a menina. As buscas se iniciaram na \u00e1rea de servi\u00e7o, com a colabora\u00e7\u00e3o dos funcion\u00e1rios do estabelecimento.\n<\/p>\n<p>Busca por respons\u00e1veis<br \/>Sem sucesso na procura, a equipe policial conduziu a crian\u00e7a para a Unidade Operacional (UOP) da PRF em S\u00e3o Jos\u00e9 dos Campos, tamb\u00e9m em S\u00e3o Paulo. Na unidade, os agentes empregaram recursos tecnol\u00f3gicos para contatar os familiares da menina. Ela soube fornecer informa\u00e7\u00f5es sobre seus pais, apesar de desconhecer o n\u00famero de telefone deles.\n<\/p>\n<p>Um tio da crian\u00e7a, que viajava em outro ve\u00edculo com sua fam\u00edlia, foi localizado. Ele relatou que a menina viajava com seus av\u00f3s, em outro carro do grupo. Ao pararem para abastecer, a crian\u00e7a desceu do autom\u00f3vel e foi ao banheiro. Os av\u00f3s prosseguiram a viagem sem notar a aus\u00eancia da menina. Eles s\u00f3 sentiram falta da crian\u00e7a em uma parada em outro estabelecimento, cerca de 30 km adiante.\n<\/p>\n<p>Segundo o tio da crian\u00e7a, o contato com a PRF trouxe al\u00edvio, assegurando a integridade da sobrinha. A menina foi devolvida para fam\u00edlia e todos seguiram a viagem.\n<\/p>\n<p>De acordo com dados do Minist\u00e9rio da Justi\u00e7a e Seguran\u00e7a P\u00fablica (MJSP), o Brasil registrou 2.169 casos de crian\u00e7as desaparecidas em 2022. A regi\u00e3o Sudeste concentrou 30,72% dos casos. No per\u00edodo de f\u00e9rias, o fluxo de pessoas e ve\u00edculos nas rodovias se intensifica, o que, eventualmente, aumenta o n\u00famero de crian\u00e7as desaparecidas.\n<\/p>\n<p>Fonte: CNN Brasil              <\/p>\n<\/div>\n<p><br \/>\n<br \/><a href=\"https:\/\/diariodobrasilnoticias.com.br\/noticia\/crianca-e-resgatada-pela-prf-apos-ser-esquecida-pelos-avos-em-dutra-67787109915da\">Source link <\/a><\/p>","protected":false},"excerpt":{"rendered":"<p>Uma crian\u00e7a de 11 anos foi resgatada pela Pol\u00edcia Rodovi\u00e1ria Federal (PRF) na tarde desta quinta-feira (02), em uma \u00e1rea de servi\u00e7o da Rodovia Presidente Dutra, em Jacare\u00ed, no interior&hellip;<\/p>","protected":false},"author":1,"featured_media":87224,"comment_status":"closed","ping_status":"open","sticky":false,"template":"","format":"standard","meta":{"content-type":"","footnotes":""},"categories":[16],"tags":[123,2448,5313,1267],"class_list":["post-87223","post","type-post","status-publish","format-standard","has-post-thumbnail","hentry","category-noticias","tag-brasil","tag-diario","tag-noticia","tag-noticias"],"_links":{"self":[{"href":"https:\/\/tvbrazilusa.com\/pt\/wp-json\/wp\/v2\/posts\/87223","targetHints":{"allow":["GET"]}}],"collection":[{"href":"https:\/\/tvbrazilusa.com\/pt\/wp-json\/wp\/v2\/posts"}],"about":[{"href":"https:\/\/tvbrazilusa.com\/pt\/wp-json\/wp\/v2\/types\/post"}],"author":[{"embeddable":true,"href":"https:\/\/tvbrazilusa.com\/pt\/wp-json\/wp\/v2\/users\/1"}],"replies":[{"embeddable":true,"href":"https:\/\/tvbrazilusa.com\/pt\/wp-json\/wp\/v2\/comments?post=87223"}],"version-history":[{"count":1,"href":"https:\/\/tvbrazilusa.com\/pt\/wp-json\/wp\/v2\/posts\/87223\/revisions"}],"predecessor-version":[{"id":87225,"href":"https:\/\/tvbrazilusa.com\/pt\/wp-json\/wp\/v2\/posts\/87223\/revisions\/87225"}],"wp:featuredmedia":[{"embeddable":true,"href":"https:\/\/tvbrazilusa.com\/pt\/wp-json\/wp\/v2\/media\/87224"}],"wp:attachment":[{"href":"https:\/\/tvbrazilusa.com\/pt\/wp-json\/wp\/v2\/media?parent=87223"}],"wp:term":[{"taxonomy":"category","embeddable":true,"href":"https:\/\/tvbrazilusa.com\/pt\/wp-json\/wp\/v2\/categories?post=87223"},{"taxonomy":"post_tag","embeddable":true,"href":"https:\/\/tvbrazilusa.com\/pt\/wp-json\/wp\/v2\/tags?post=87223"}],"curies":[{"name":"wp","href":"https:\/\/api.w.org\/{rel}","templated":true}]}}