{"id":87235,"date":"2025-01-04T02:19:16","date_gmt":"2025-01-04T02:19:16","guid":{"rendered":"https:\/\/tvbrazilusa.com\/2025\/01\/04\/moraes-destaca-foto-de-silveira-de-2020-em-peticao-e-diz-que-ex-deputado-nao-cumpriu-outra-cautelar\/"},"modified":"2025-01-04T02:19:17","modified_gmt":"2025-01-04T02:19:17","slug":"moraes-destaca-foto-de-silveira-de-2020-em-peticao-e-diz-que-ex-deputado-nao-cumpriu-outra-cautelar","status":"publish","type":"post","link":"https:\/\/tvbrazilusa.com\/pt\/2025\/01\/04\/moraes-destaca-foto-de-silveira-de-2020-em-peticao-e-diz-que-ex-deputado-nao-cumpriu-outra-cautelar\/","title":{"rendered":"Moraes destaca foto de Silveira de 2020 em peti\u00e7\u00e3o e diz que ex-deputado n\u00e3o cumpriu outra cautelar"},"content":{"rendered":"<p> <script async src=\"https:\/\/pagead2.googlesyndication.com\/pagead\/js\/adsbygoogle.js?client=ca-pub-8864793242727901\"\r\n     crossorigin=\"anonymous\"><\/script><br \/>\n<\/p>\n<div id=\"taboola-read-more\" style=\"display:block; width:100%\">\n<p>O ministro Alexandre de Moraes, do Supremo Tribunal Federal (STF), afirmou, nesta sexta-feira, 3, que Daniel Silveira descumpriu outra cautelar.\n<\/p>\n<p>Conforme o juiz do STF, Silveira divulgou um post em rede social, mesmo estando proibido, em virtude de medidas restritivas. A publica\u00e7\u00e3o \u00e9 uma foto do ex-deputado no hospital de 2020, segundo o advogado Paulo Faria, que foi anexada em uma peti\u00e7\u00e3o pela defesa.<\/p>\n<p><strong>O que diz Moraes?<\/strong><br \/>\u201cConsiderando que h\u00e1 a possibilidade de ter ocorrido novo descumprimento de medida judicial com utiliza\u00e7\u00e3o de redes sociais pelo sentenciado, por interm\u00e9dio de terceiros, intimem-se os advogados regularmente constitu\u00eddos por Silveira, para<br \/>manifesta\u00e7\u00e3o, no prazo de 48 horas\u201d, determinou Moraes.\n<\/p>\n<p>No despacho, o juiz do STF citou reportagem do site Metr\u00f3poles e se referiu ao portal como rede social.\n<\/p>\n<p>Fonte: Revista Oeste              <\/p>\n<\/div>\n<p><br \/>\n<br \/><a href=\"https:\/\/diariodobrasilnoticias.com.br\/noticia\/moraes-destaca-foto-de-silveira-de-2020-em-peticao-e-diz-que-ex-deputado-nao-cumpriu-outra-cautelar-6778721ada69c\">Source link <\/a><\/p>","protected":false},"excerpt":{"rendered":"<p>O ministro Alexandre de Moraes, do Supremo Tribunal Federal (STF), afirmou, nesta sexta-feira, 3, que Daniel Silveira descumpriu outra cautelar. Conforme o juiz do STF, Silveira divulgou um post em&hellip;<\/p>","protected":false},"author":1,"featured_media":87236,"comment_status":"closed","ping_status":"open","sticky":false,"template":"","format":"standard","meta":{"content-type":"","footnotes":""},"categories":[16],"tags":[123,2448,5313,1267],"class_list":["post-87235","post","type-post","status-publish","format-standard","has-post-thumbnail","hentry","category-noticias","tag-brasil","tag-diario","tag-noticia","tag-noticias"],"_links":{"self":[{"href":"https:\/\/tvbrazilusa.com\/pt\/wp-json\/wp\/v2\/posts\/87235","targetHints":{"allow":["GET"]}}],"collection":[{"href":"https:\/\/tvbrazilusa.com\/pt\/wp-json\/wp\/v2\/posts"}],"about":[{"href":"https:\/\/tvbrazilusa.com\/pt\/wp-json\/wp\/v2\/types\/post"}],"author":[{"embeddable":true,"href":"https:\/\/tvbrazilusa.com\/pt\/wp-json\/wp\/v2\/users\/1"}],"replies":[{"embeddable":true,"href":"https:\/\/tvbrazilusa.com\/pt\/wp-json\/wp\/v2\/comments?post=87235"}],"version-history":[{"count":1,"href":"https:\/\/tvbrazilusa.com\/pt\/wp-json\/wp\/v2\/posts\/87235\/revisions"}],"predecessor-version":[{"id":87237,"href":"https:\/\/tvbrazilusa.com\/pt\/wp-json\/wp\/v2\/posts\/87235\/revisions\/87237"}],"wp:featuredmedia":[{"embeddable":true,"href":"https:\/\/tvbrazilusa.com\/pt\/wp-json\/wp\/v2\/media\/87236"}],"wp:attachment":[{"href":"https:\/\/tvbrazilusa.com\/pt\/wp-json\/wp\/v2\/media?parent=87235"}],"wp:term":[{"taxonomy":"category","embeddable":true,"href":"https:\/\/tvbrazilusa.com\/pt\/wp-json\/wp\/v2\/categories?post=87235"},{"taxonomy":"post_tag","embeddable":true,"href":"https:\/\/tvbrazilusa.com\/pt\/wp-json\/wp\/v2\/tags?post=87235"}],"curies":[{"name":"wp","href":"https:\/\/api.w.org\/{rel}","templated":true}]}}