{"id":87244,"date":"2025-01-04T02:44:45","date_gmt":"2025-01-04T02:44:45","guid":{"rendered":"https:\/\/tvbrazilusa.com\/2025\/01\/04\/brasil-quebrou-recorde-de-calor-em-2024\/"},"modified":"2025-01-04T02:44:47","modified_gmt":"2025-01-04T02:44:47","slug":"brasil-quebrou-recorde-de-calor-em-2024","status":"publish","type":"post","link":"https:\/\/tvbrazilusa.com\/pt\/2025\/01\/04\/brasil-quebrou-recorde-de-calor-em-2024\/","title":{"rendered":"Brasil quebrou recorde de calor em 2024"},"content":{"rendered":"<p> <script async src=\"https:\/\/pagead2.googlesyndication.com\/pagead\/js\/adsbygoogle.js?client=ca-pub-8864793242727901\"\r\n     crossorigin=\"anonymous\"><\/script><br \/>\n<\/p>\n<div>\n<figure class=\"post-image\">\n<\/figure>\n<p>            <span style=\"font-size: 12px\">Anderson Coelho\/Getty Images<\/span><\/p>\n<p>            <!-- end metas --><br \/>\n            <!-- ADS --><\/p>\n<div id=\"taboola-read-more\" style=\"display:block; width:100%\">\n<p>O mundo quebrou o recorde de temperaturas altas em 2024 e o Brasil n\u00e3o foi um caso \u00e0 parte. De acordo com o Instituto Nacional de Meteorologia (Inmet), a m\u00e9dia do pa\u00eds ficou em 25,02\u00b0, a mais alta j\u00e1 registrada desde 1961, quando come\u00e7aram as medi\u00e7\u00f5es. O ano passado superou em 0,79\u00b0C os dois \u00faltimos recordes, que aconteceram em 1991 e em 2020. O calor\u00e3o \u00e9 justificado em parte pelo El Ni\u00f1o, fen\u00f4meno respons\u00e1vel pelo aquecimento das \u00e1guas do Oceano Pac\u00edfico, que alteram as correntes e aquecem o planeta. Mas o Inmet credita na conta da mudan\u00e7a clim\u00e1tica a maior parcela do aumento da m\u00e9dia da temperatura.\n<\/p>\n<p>As ag\u00eancias do mundo todo s\u00e3o un\u00edssonas em afirmar que o aumento da intensidade do calor est\u00e1 intrinsecamente relacionada com a queima dos combust\u00edveis f\u00f3sseis, que j\u00e1 deviam estar em ritmo desacelerado, mas n\u00e3o est\u00e3o. O estudo de duas ag\u00eancias importantes World Weather Attribuition (WWA) e Climate Central classificou 2024 como o ano recorde de altas temperaturas no mundo. O levantamento apontou 41 dias de \u201ccalor perigoso\u201d, aquele que coloca a vida de pessoas e do meio ambiente em risco.<\/p>\n<p>De acordo com a Organiza\u00e7\u00e3o Meteorol\u00f3gica Mundial (OMM), em 11 de novembro de 2024, a m\u00e9dia da temperatura global ficou 1,54\u00b0C acima da m\u00e9dia do per\u00edodo pr\u00e9-industrial. O valor fez com que o ano passado superasse 2023, que era at\u00e9 ent\u00e3o o per\u00edodo com a m\u00e9dia mais alta da hist\u00f3ria.\n<\/p>\n<p>Fonte: Veja              <\/p>\n<\/div>\n<p>                        <!-- Scripts para conteudo --><\/p>\n<p>            <!-- .\/Scripts para conteudo --><br \/>\n            <!-- .\/Mat\u00e9ria --><\/p>\n<div class=\"row mt-3\">\n<div class=\"col-sm-6\">\n                <!-- Whatsapp channel 3--><br \/>\n                <a href=\"https:\/\/chat.whatsapp.com\/B8Qy6Erx4kb6yTzj3kaDco\" target=\"_blank\"><br \/>\n                  <img decoding=\"async\" src=\"https:\/\/diariodobrasilnoticias.com.br\/assets-site\/images\/bot_whatsapp.png\"\/><\/a>\n              <\/div>\n<div class=\"col-sm-6\">\n                <a href=\"https:\/\/t.me\/+_4gTmi5LKo03OTM5\" target=\"_blank\"><br \/>\n                  <img decoding=\"async\" src=\"https:\/\/diariodobrasilnoticias.com.br\/assets-site\/images\/bot_telegram.png\"\/><\/a>\n              <\/div>\n<\/p><\/div>\n<p>            <!-- end post-navigation --><\/p>\n<p>              <!-- end row --><\/p>\n<p>              <!-- end col-12-->\n                      <\/div>\n<p><br \/>\n<br \/><a href=\"https:\/\/diariodobrasilnoticias.com.br\/noticia\/brasil-quebrou-recorde-de-calor-em-2024-67786106e6627\">Source link <\/a><\/p>","protected":false},"excerpt":{"rendered":"<p>Anderson Coelho\/Getty Images O mundo quebrou o recorde de temperaturas altas em 2024 e o Brasil n\u00e3o foi um caso \u00e0 parte. De acordo com o Instituto Nacional de Meteorologia&hellip;<\/p>","protected":false},"author":1,"featured_media":87245,"comment_status":"closed","ping_status":"open","sticky":false,"template":"","format":"standard","meta":{"content-type":"","footnotes":""},"categories":[16],"tags":[123,2448,5313,1267],"class_list":["post-87244","post","type-post","status-publish","format-standard","has-post-thumbnail","hentry","category-noticias","tag-brasil","tag-diario","tag-noticia","tag-noticias"],"_links":{"self":[{"href":"https:\/\/tvbrazilusa.com\/pt\/wp-json\/wp\/v2\/posts\/87244","targetHints":{"allow":["GET"]}}],"collection":[{"href":"https:\/\/tvbrazilusa.com\/pt\/wp-json\/wp\/v2\/posts"}],"about":[{"href":"https:\/\/tvbrazilusa.com\/pt\/wp-json\/wp\/v2\/types\/post"}],"author":[{"embeddable":true,"href":"https:\/\/tvbrazilusa.com\/pt\/wp-json\/wp\/v2\/users\/1"}],"replies":[{"embeddable":true,"href":"https:\/\/tvbrazilusa.com\/pt\/wp-json\/wp\/v2\/comments?post=87244"}],"version-history":[{"count":1,"href":"https:\/\/tvbrazilusa.com\/pt\/wp-json\/wp\/v2\/posts\/87244\/revisions"}],"predecessor-version":[{"id":87246,"href":"https:\/\/tvbrazilusa.com\/pt\/wp-json\/wp\/v2\/posts\/87244\/revisions\/87246"}],"wp:featuredmedia":[{"embeddable":true,"href":"https:\/\/tvbrazilusa.com\/pt\/wp-json\/wp\/v2\/media\/87245"}],"wp:attachment":[{"href":"https:\/\/tvbrazilusa.com\/pt\/wp-json\/wp\/v2\/media?parent=87244"}],"wp:term":[{"taxonomy":"category","embeddable":true,"href":"https:\/\/tvbrazilusa.com\/pt\/wp-json\/wp\/v2\/categories?post=87244"},{"taxonomy":"post_tag","embeddable":true,"href":"https:\/\/tvbrazilusa.com\/pt\/wp-json\/wp\/v2\/tags?post=87244"}],"curies":[{"name":"wp","href":"https:\/\/api.w.org\/{rel}","templated":true}]}}