{"id":87256,"date":"2025-01-04T03:28:25","date_gmt":"2025-01-04T03:28:25","guid":{"rendered":"https:\/\/tvbrazilusa.com\/2025\/01\/04\/bolsa-registra-queda-e-fecha-no-menor-patamar-desde-novembro-de-2023\/"},"modified":"2025-01-04T03:28:26","modified_gmt":"2025-01-04T03:28:26","slug":"bolsa-registra-queda-e-fecha-no-menor-patamar-desde-novembro-de-2023","status":"publish","type":"post","link":"https:\/\/tvbrazilusa.com\/pt\/2025\/01\/04\/bolsa-registra-queda-e-fecha-no-menor-patamar-desde-novembro-de-2023\/","title":{"rendered":"Bolsa registra queda e fecha no menor patamar desde novembro de 2023"},"content":{"rendered":"<p> <script async src=\"https:\/\/pagead2.googlesyndication.com\/pagead\/js\/adsbygoogle.js?client=ca-pub-8864793242727901\"\r\n     crossorigin=\"anonymous\"><\/script><br \/>\n<\/p>\n<div id=\"taboola-read-more\" style=\"display:block; width:100%\">\n<p>O Ibovespa, principal \u00edndice da B3 (Bolsa de Valores de S\u00e3o Paulo), fechou no menor n\u00edvel desde 6 de novembro de 2023 (118.431 pontos). Recuou 1,33% nesta 6\u00aa feira (3.jan.2025), aos 118.532 pontos. Caiu 1,44% na semana.\n<\/p>\n<p>O d\u00f3lar comercial fechou a R$ 6,18, com alta de 0,30%. Na semana, caiu 0,19%.<\/p>\n<p>A semana de Ano Novo teve agenda de dados econ\u00f4micos esvaziada. O ano de 2025 marca o in\u00edcio da gest\u00e3o de Gabriel Gal\u00edpolo no BC (Banco Central).\n<\/p>\n<p>CAPITAL ESTRANGEIRO<br \/>Como mostrou o Poder360, os investidores estrangeiros retiraram R$ 32,1 bilh\u00f5es da B3 em 2024. Essa foi a maior fuga de recursos internacionais desde 2020, o 1\u00ba ano da pandemia de covid, quando foram retirados R$ 39,7 bilh\u00f5es.\n<\/p>\n<p>O saldo negativo reverte parcialmente o saldo de 2023, o 1\u00ba ano do 3\u00ba mandato do governo Luiz In\u00e1cio Lula da Silva (PT).\n<\/p>\n<p>No ano passado, o saldo do investimento positivo foi de R$ 44,90 bilh\u00f5es. A B3 divulgou os dados nesta 6\u00aa feira (3.jan). Eis a \u00edntegra do relat\u00f3rio (PDF \u2013 60 kB).\n<\/p>\n<p>Segundo os dados da B3, o saldo ficou negativo em 9 dos 12 meses de 2024. O m\u00eas com pior desempenho foi abril, quando o ministro da Fazenda, Fernando Haddad, anunciou a flexibiliza\u00e7\u00e3o nas metas do marco fiscal. Houve uma fuga de R$ 11,4 bilh\u00f5es em capital estrangeiros no m\u00eas. No \u00faltimo resultado, de dezembro, os investidores colocaram R$ 1,7 bilh\u00e3o na Bolsa.\n<\/p>\n<p>O Ibovespa, principal \u00edndice da B3, caiu 10,36% em 2024, o desempenho anual mais baixo desde 2021. Tamb\u00e9m foi o pior bi\u00eanio para um in\u00edcio de governo desde o 1\u00ba mandato do governo Dilma Rousseff (PT).\n<\/p>\n<p>Ao considerar a Bolsa de Valores em d\u00f3lares \u2013corrigido pela desvaloriza\u00e7\u00e3o do real\u2013 a queda foi de 29,9%, a pior desde 2015.\n<\/p>\n<p>Ao considerar as ofertas de follow on (oferta subsequente ou emiss\u00e3o de novas a\u00e7\u00f5es) os estrangeiros retiraram R$ 24,2 bilh\u00f5es da Bolsa de Valores em 2024. A retirada de R$ 24,2 bilh\u00f5es \u00e9 o maior valor em, pelo menos, 9 anos, segundo levantamento da Elos Ayta. A s\u00e9rie hist\u00f3rica contabiliza, al\u00e9m de follow ons, os IPOs (oferta p\u00fablica inicial) de a\u00e7\u00f5es.\n<\/p>\n<p>Fonte: Poder 360              <\/p>\n<\/div>\n<p><br \/>\n<br \/><a href=\"https:\/\/diariodobrasilnoticias.com.br\/noticia\/bolsa-registra-queda-e-fecha-no-menor-patamar-desde-novembro-de-2023-6778741d18bed\">Source link <\/a><\/p>","protected":false},"excerpt":{"rendered":"<p>O Ibovespa, principal \u00edndice da B3 (Bolsa de Valores de S\u00e3o Paulo), fechou no menor n\u00edvel desde 6 de novembro de 2023 (118.431 pontos). Recuou 1,33% nesta 6\u00aa feira (3.jan.2025),&hellip;<\/p>","protected":false},"author":1,"featured_media":87257,"comment_status":"closed","ping_status":"open","sticky":false,"template":"","format":"standard","meta":{"content-type":"","footnotes":""},"categories":[16],"tags":[123,2448,5313,1267],"class_list":["post-87256","post","type-post","status-publish","format-standard","has-post-thumbnail","hentry","category-noticias","tag-brasil","tag-diario","tag-noticia","tag-noticias"],"_links":{"self":[{"href":"https:\/\/tvbrazilusa.com\/pt\/wp-json\/wp\/v2\/posts\/87256","targetHints":{"allow":["GET"]}}],"collection":[{"href":"https:\/\/tvbrazilusa.com\/pt\/wp-json\/wp\/v2\/posts"}],"about":[{"href":"https:\/\/tvbrazilusa.com\/pt\/wp-json\/wp\/v2\/types\/post"}],"author":[{"embeddable":true,"href":"https:\/\/tvbrazilusa.com\/pt\/wp-json\/wp\/v2\/users\/1"}],"replies":[{"embeddable":true,"href":"https:\/\/tvbrazilusa.com\/pt\/wp-json\/wp\/v2\/comments?post=87256"}],"version-history":[{"count":1,"href":"https:\/\/tvbrazilusa.com\/pt\/wp-json\/wp\/v2\/posts\/87256\/revisions"}],"predecessor-version":[{"id":87258,"href":"https:\/\/tvbrazilusa.com\/pt\/wp-json\/wp\/v2\/posts\/87256\/revisions\/87258"}],"wp:featuredmedia":[{"embeddable":true,"href":"https:\/\/tvbrazilusa.com\/pt\/wp-json\/wp\/v2\/media\/87257"}],"wp:attachment":[{"href":"https:\/\/tvbrazilusa.com\/pt\/wp-json\/wp\/v2\/media?parent=87256"}],"wp:term":[{"taxonomy":"category","embeddable":true,"href":"https:\/\/tvbrazilusa.com\/pt\/wp-json\/wp\/v2\/categories?post=87256"},{"taxonomy":"post_tag","embeddable":true,"href":"https:\/\/tvbrazilusa.com\/pt\/wp-json\/wp\/v2\/tags?post=87256"}],"curies":[{"name":"wp","href":"https:\/\/api.w.org\/{rel}","templated":true}]}}