{"id":87303,"date":"2025-01-04T10:25:17","date_gmt":"2025-01-04T10:25:17","guid":{"rendered":"https:\/\/tvbrazilusa.com\/2025\/01\/04\/veja-a-lista-de-fake-news-propagadas-por-lula-segundo-agencia-de-checagem-a-maioria-dos-casos-foi-sobre-fome-e-educacao\/"},"modified":"2025-01-04T10:25:19","modified_gmt":"2025-01-04T10:25:19","slug":"veja-a-lista-de-fake-news-propagadas-por-lula-segundo-agencia-de-checagem-a-maioria-dos-casos-foi-sobre-fome-e-educacao","status":"publish","type":"post","link":"https:\/\/tvbrazilusa.com\/pt\/2025\/01\/04\/veja-a-lista-de-fake-news-propagadas-por-lula-segundo-agencia-de-checagem-a-maioria-dos-casos-foi-sobre-fome-e-educacao\/","title":{"rendered":"Veja a lista de fake news propagadas por Lula, segundo ag\u00eancia de checagem; a maioria dos casos foi sobre fome e educa\u00e7\u00e3o"},"content":{"rendered":"<p> <script async src=\"https:\/\/pagead2.googlesyndication.com\/pagead\/js\/adsbygoogle.js?client=ca-pub-8864793242727901\"\r\n     crossorigin=\"anonymous\"><\/script><br \/>\n<\/p>\n<div>\n<figure class=\"post-image\">\n<\/figure>\n<p>            <span style=\"font-size: 12px\">Ricardo Stuckert\/PR<\/span><\/p>\n<p>            <!-- end metas --><br \/>\n            <!-- ADS --><\/p>\n<div id=\"taboola-read-more\" style=\"display:block; width:100%\">\n<p>O portal de checagem Aos Fatos apontou, recentemente, que \u201cno segundo ano de governo, Lula desinformou mais sobre fome e educa\u00e7\u00e3o\u201d. A publica\u00e7\u00e3o citou que a desinforma\u00e7\u00e3o mais repetida pelo petista em 2024 foi de que o governo do Partido dos Trabalhadores (PT) acabou com a fome em 2014.\n<\/p>\n<p>Durante o lan\u00e7amento da Alian\u00e7a Global Contra a Fome e a Pobreza, Lula chegou a afirmar que 33 milh\u00f5es de pessoas n\u00e3o tinham o que comer em 2022, \u00faltimo ano do governo de Jair Bolsonaro (PL). Diante disso, o portal destacou que o pa\u00eds nunca deixou de registrar milh\u00f5es de pessoas em situa\u00e7\u00e3o de inseguran\u00e7a alimentar grave e que, em 2013, na gest\u00e3o da ent\u00e3o presidente da Rep\u00fablica Dilma Rousseff (PT) havia ainda 7,2 milh\u00f5es de pessoas famintas.<\/p>\n<p>Tamb\u00e9m foi apontado pelo portal que outros argumentos desinformativos do petista t\u00eam rela\u00e7\u00e3o com a educa\u00e7\u00e3o no Brasil.\n<\/p>\n<p>\u2013 Lula tem omitido que o programa P\u00e9-de-Meia, lan\u00e7ado em janeiro, foi um projeto do Congresso Nacional \u2014 e n\u00e3o do governo \u2014 e exagerado o n\u00famero de obras de creches paralisadas que ele herdou de Bolsonaro \u2013 explica a publica\u00e7\u00e3o.\n<\/p>\n<p><img fetchpriority=\"high\" decoding=\"async\" src=\"https:\/\/static.cdn.pleno.news\/2025\/01\/Screenshot-25.png\" alt=\"\" width=\"483\" height=\"757\"\/>\n<\/p>\n<p><img decoding=\"async\" src=\"https:\/\/static.cdn.pleno.news\/2025\/01\/Screenshot-24-1024x577.png\" alt=\"\" width=\"1024\" height=\"577\"\/>\n<\/p>\n<p><img decoding=\"async\" src=\"https:\/\/pbs.twimg.com\/media\/Gfgp6CbW4AAyure?format=jpg&#038;name=small\" alt=\"\" width=\"680\" height=\"680\"\/>\n<\/p>\n<p><img loading=\"lazy\" decoding=\"async\" src=\"https:\/\/pbs.twimg.com\/media\/GfgqM7sXYAE_vGu?format=png&#038;name=small\" alt=\"\" width=\"680\" height=\"680\"\/>\n<\/p>\n<p>Fonte: Pleno.News              <\/p>\n<\/div>\n<p>                        <!-- Scripts para conteudo --><\/p>\n<p>            <!-- .\/Scripts para conteudo --><br \/>\n            <!-- .\/Mat\u00e9ria --><\/p>\n<div class=\"row mt-3\">\n<div class=\"col-sm-6\">\n                <!-- Whatsapp channel 3--><br \/>\n                <a href=\"https:\/\/chat.whatsapp.com\/B8Qy6Erx4kb6yTzj3kaDco\" target=\"_blank\"><br \/>\n                  <img decoding=\"async\" src=\"https:\/\/diariodobrasilnoticias.com.br\/assets-site\/images\/bot_whatsapp.png\"\/><\/a>\n              <\/div>\n<div class=\"col-sm-6\">\n                <a href=\"https:\/\/t.me\/+_4gTmi5LKo03OTM5\" target=\"_blank\"><br \/>\n                  <img decoding=\"async\" src=\"https:\/\/diariodobrasilnoticias.com.br\/assets-site\/images\/bot_telegram.png\"\/><\/a>\n              <\/div>\n<\/p><\/div>\n<p>            <!-- end post-navigation --><\/p>\n<p>              <!-- end row --><\/p>\n<p>              <!-- end col-12-->\n                      <\/div>\n<p><br \/>\n<br \/><a href=\"https:\/\/diariodobrasilnoticias.com.br\/noticia\/veja-a-lista-de-fake-news-propagadas-por-lula-segundo-agencia-de-checagem-a-maioria-dos-casos-foi-sobre-fome-e-educacao-67790999e029b\">Source link <\/a><\/p>","protected":false},"excerpt":{"rendered":"<p>Ricardo Stuckert\/PR O portal de checagem Aos Fatos apontou, recentemente, que \u201cno segundo ano de governo, Lula desinformou mais sobre fome e educa\u00e7\u00e3o\u201d. A publica\u00e7\u00e3o citou que a desinforma\u00e7\u00e3o mais&hellip;<\/p>","protected":false},"author":1,"featured_media":87304,"comment_status":"closed","ping_status":"open","sticky":false,"template":"","format":"standard","meta":{"content-type":"","footnotes":""},"categories":[16],"tags":[123,2448,5313,1267],"class_list":["post-87303","post","type-post","status-publish","format-standard","has-post-thumbnail","hentry","category-noticias","tag-brasil","tag-diario","tag-noticia","tag-noticias"],"_links":{"self":[{"href":"https:\/\/tvbrazilusa.com\/pt\/wp-json\/wp\/v2\/posts\/87303","targetHints":{"allow":["GET"]}}],"collection":[{"href":"https:\/\/tvbrazilusa.com\/pt\/wp-json\/wp\/v2\/posts"}],"about":[{"href":"https:\/\/tvbrazilusa.com\/pt\/wp-json\/wp\/v2\/types\/post"}],"author":[{"embeddable":true,"href":"https:\/\/tvbrazilusa.com\/pt\/wp-json\/wp\/v2\/users\/1"}],"replies":[{"embeddable":true,"href":"https:\/\/tvbrazilusa.com\/pt\/wp-json\/wp\/v2\/comments?post=87303"}],"version-history":[{"count":1,"href":"https:\/\/tvbrazilusa.com\/pt\/wp-json\/wp\/v2\/posts\/87303\/revisions"}],"predecessor-version":[{"id":87305,"href":"https:\/\/tvbrazilusa.com\/pt\/wp-json\/wp\/v2\/posts\/87303\/revisions\/87305"}],"wp:featuredmedia":[{"embeddable":true,"href":"https:\/\/tvbrazilusa.com\/pt\/wp-json\/wp\/v2\/media\/87304"}],"wp:attachment":[{"href":"https:\/\/tvbrazilusa.com\/pt\/wp-json\/wp\/v2\/media?parent=87303"}],"wp:term":[{"taxonomy":"category","embeddable":true,"href":"https:\/\/tvbrazilusa.com\/pt\/wp-json\/wp\/v2\/categories?post=87303"},{"taxonomy":"post_tag","embeddable":true,"href":"https:\/\/tvbrazilusa.com\/pt\/wp-json\/wp\/v2\/tags?post=87303"}],"curies":[{"name":"wp","href":"https:\/\/api.w.org\/{rel}","templated":true}]}}