{"id":87306,"date":"2025-01-04T10:37:19","date_gmt":"2025-01-04T10:37:19","guid":{"rendered":"https:\/\/tvbrazilusa.com\/2025\/01\/04\/em-2-dias-sete-mil-mulheres-se-alistam-no-servico-militar-a-defesa-quer-aumentar-a-participacao-feminina-para-20-das-vagas-iniciais\/"},"modified":"2025-01-04T10:37:21","modified_gmt":"2025-01-04T10:37:21","slug":"em-2-dias-sete-mil-mulheres-se-alistam-no-servico-militar-a-defesa-quer-aumentar-a-participacao-feminina-para-20-das-vagas-iniciais","status":"publish","type":"post","link":"https:\/\/tvbrazilusa.com\/pt\/2025\/01\/04\/em-2-dias-sete-mil-mulheres-se-alistam-no-servico-militar-a-defesa-quer-aumentar-a-participacao-feminina-para-20-das-vagas-iniciais\/","title":{"rendered":"Em 2 dias, sete mil mulheres se alistam no servi\u00e7o militar; a Defesa quer aumentar a participa\u00e7\u00e3o feminina para 20% das vagas iniciais"},"content":{"rendered":"<p> <script async src=\"https:\/\/pagead2.googlesyndication.com\/pagead\/js\/adsbygoogle.js?client=ca-pub-8864793242727901\"\r\n     crossorigin=\"anonymous\"><\/script><br \/>\n<\/p>\n<div id=\"taboola-read-more\" style=\"display:block; width:100%\">\n<p>O Minist\u00e9rio da Defesa registrou desde a quarta-feira (1\u00ba) at\u00e9 o meio dia desta sexta-feira (3) cerca de 7 mil inscri\u00e7\u00f5es no alistamento militar feminino volunt\u00e1rio. As inscritas concorrem a uma das 1.465 vagas disponibilizadas em Bras\u00edlia (DF) e em outros 28 munic\u00edpios de 13 estados, mais o Distrito Federal.\n<\/p>\n<p>O alistamento militar feminino in\u00e9dito segue at\u00e9 30 de junho. Mesmo per\u00edodo do alistamento masculino obrigat\u00f3rio. A iniciativa \u00e9 destinada \u00e0s mulheres que completam 18 anos em 2025, ou seja, nascidas em 2007.<\/p>\n<p>Em nota, o Minist\u00e9rio da Defesa afirma que pretende aumentar, progressivamente, o n\u00famero de mulheres recrutadas pelo servi\u00e7o militar inicial feminino, alcan\u00e7ando 20% das vagas, sendo 1.100 no Ex\u00e9rcito Brasileiro, 300 na Aeron\u00e1utica e 155, na Marinha.\n<\/p>\n<p><strong>SELE\u00c7\u00c3O<\/strong>\n<\/p>\n<p>No processo de an\u00e1lise das inscri\u00e7\u00f5es, as tr\u00eas for\u00e7as ir\u00e3o considerar a disponibilidade de vagas, a aptid\u00e3o da candidata e a especificidade exigida para incorpora\u00e7\u00e3o.\n<\/p>\n<p>A sele\u00e7\u00e3o inclui entrevista, inspe\u00e7\u00e3o de sa\u00fade (exames cl\u00ednicos e laboratoriais) e testes f\u00edsicos.\n<\/p>\n<p>Todo o processo de recrutamento ser\u00e1 realizado em etapas: alistamento, sele\u00e7\u00e3o geral, sele\u00e7\u00e3o complementar, designa\u00e7\u00e3o\/distribui\u00e7\u00e3o e incorpora\u00e7\u00e3o.\n<\/p>\n<p><strong>INCORPORA\u00c7\u00c3O<\/strong>\n<\/p>\n<p>As mulheres selecionadas ser\u00e3o incorporadas no primeiro semestre de 2026 (de 2 a 6 de mar\u00e7o) ou no segundo semestre (de 3 a 7 de agosto).\n<\/p>\n<p>Os cargos iniciais para ocupa\u00e7\u00e3o s\u00e3o os da gradua\u00e7\u00e3o de soldado (Ex\u00e9rcito e Aeron\u00e1utica) ou marinheiro-recruta, no caso da Marinha.\n<\/p>\n<p>A partir do ato oficial de incorpora\u00e7\u00e3o, o servi\u00e7o militar inicial feminino se tornar\u00e1 de cumprimento obrigat\u00f3rio. As militares incorporadas ter\u00e3o os mesmos direitos e deveres dos homens e ficar\u00e3o sujeitas \u00e0s penalidades previstas na legisla\u00e7\u00e3o brasileira.\n<\/p>\n<p>Conforme o Decreto 12.154, de 27 agosto de 2024, o servi\u00e7o militar ter\u00e1 dura\u00e7\u00e3o de 12 meses, podendo ser prorrogado por at\u00e9 oito anos.\n<\/p>\n<p>As mulheres volunt\u00e1rias n\u00e3o ter\u00e3o estabilidade no servi\u00e7o militar. Ap\u00f3s serem desligadas do servi\u00e7o ativo, elas ir\u00e3o compor a reserva n\u00e3o remunerada das For\u00e7as Armadas.\n<\/p>\n<p><strong>MULHERES NAS FOR\u00c7AS<\/strong>\n<\/p>\n<p>A partir da aprova\u00e7\u00e3o em concurso p\u00fablico ou como militares tempor\u00e1rias, atualmente, existem 37 mil mulheres nas For\u00e7as Armadas, o que corresponde a cerca de 10% de todo o efetivo militar brasileiro.\n<\/p>\n<p>De acordo com o Minist\u00e9rio da Defesa, nas tr\u00eas for\u00e7as armadas, as mulheres atuam, principalmente, nas \u00e1reas de sa\u00fade, ensino e log\u00edstica ou t\u00eam acesso \u00e0 \u00e1rea combatente por meio de concursos p\u00fablicos espec\u00edficos, em estabelecimentos de ensino, como o Col\u00e9gio Naval (CN), da Marinha; a Escola Preparat\u00f3ria de Cadetes do Ex\u00e9rcito (EsPCEx); e a Escola Preparat\u00f3ria de Cadetes do Ar (EPCAR), da Aeron\u00e1utica.\n<\/p>\n<p>*Ag\u00eancia Brasil\n<\/p>\n<p>Fonte: Pleno.News\n              <\/p>\n<\/div>\n<p><br \/>\n<br \/><a href=\"https:\/\/diariodobrasilnoticias.com.br\/noticia\/em-2-dias-sete-mil-mulheres-se-alistam-no-servico-militar-a-defesa-quer-aumentar-a-participacao-feminina-para-20-das-vagas-iniciais-67790cdf3e533\">Source link <\/a><\/p>","protected":false},"excerpt":{"rendered":"<p>O Minist\u00e9rio da Defesa registrou desde a quarta-feira (1\u00ba) at\u00e9 o meio dia desta sexta-feira (3) cerca de 7 mil inscri\u00e7\u00f5es no alistamento militar feminino volunt\u00e1rio. As inscritas concorrem a&hellip;<\/p>","protected":false},"author":1,"featured_media":87307,"comment_status":"closed","ping_status":"open","sticky":false,"template":"","format":"standard","meta":{"content-type":"","footnotes":""},"categories":[16],"tags":[123,2448,5313,1267],"class_list":["post-87306","post","type-post","status-publish","format-standard","has-post-thumbnail","hentry","category-noticias","tag-brasil","tag-diario","tag-noticia","tag-noticias"],"_links":{"self":[{"href":"https:\/\/tvbrazilusa.com\/pt\/wp-json\/wp\/v2\/posts\/87306","targetHints":{"allow":["GET"]}}],"collection":[{"href":"https:\/\/tvbrazilusa.com\/pt\/wp-json\/wp\/v2\/posts"}],"about":[{"href":"https:\/\/tvbrazilusa.com\/pt\/wp-json\/wp\/v2\/types\/post"}],"author":[{"embeddable":true,"href":"https:\/\/tvbrazilusa.com\/pt\/wp-json\/wp\/v2\/users\/1"}],"replies":[{"embeddable":true,"href":"https:\/\/tvbrazilusa.com\/pt\/wp-json\/wp\/v2\/comments?post=87306"}],"version-history":[{"count":1,"href":"https:\/\/tvbrazilusa.com\/pt\/wp-json\/wp\/v2\/posts\/87306\/revisions"}],"predecessor-version":[{"id":87308,"href":"https:\/\/tvbrazilusa.com\/pt\/wp-json\/wp\/v2\/posts\/87306\/revisions\/87308"}],"wp:featuredmedia":[{"embeddable":true,"href":"https:\/\/tvbrazilusa.com\/pt\/wp-json\/wp\/v2\/media\/87307"}],"wp:attachment":[{"href":"https:\/\/tvbrazilusa.com\/pt\/wp-json\/wp\/v2\/media?parent=87306"}],"wp:term":[{"taxonomy":"category","embeddable":true,"href":"https:\/\/tvbrazilusa.com\/pt\/wp-json\/wp\/v2\/categories?post=87306"},{"taxonomy":"post_tag","embeddable":true,"href":"https:\/\/tvbrazilusa.com\/pt\/wp-json\/wp\/v2\/tags?post=87306"}],"curies":[{"name":"wp","href":"https:\/\/api.w.org\/{rel}","templated":true}]}}