{"id":87380,"date":"2025-01-04T14:49:26","date_gmt":"2025-01-04T14:49:26","guid":{"rendered":"https:\/\/tvbrazilusa.com\/2025\/01\/04\/segundo-ong-quase-60-mil-prisioneiros-foram-torturados-e-mortos-na-siria\/"},"modified":"2025-01-04T14:49:28","modified_gmt":"2025-01-04T14:49:28","slug":"segundo-ong-quase-60-mil-prisioneiros-foram-torturados-e-mortos-na-siria","status":"publish","type":"post","link":"https:\/\/tvbrazilusa.com\/pt\/2025\/01\/04\/segundo-ong-quase-60-mil-prisioneiros-foram-torturados-e-mortos-na-siria\/","title":{"rendered":"Segundo ONG, quase 60 mil prisioneiros foram torturados e mortos na S\u00edria"},"content":{"rendered":"<p> <script async src=\"https:\/\/pagead2.googlesyndication.com\/pagead\/js\/adsbygoogle.js?client=ca-pub-8864793242727901\"\r\n     crossorigin=\"anonymous\"><\/script><br \/>\n<\/p>\n<div id=\"taboola-read-more\" style=\"display:block; width:100%\">\n<p>O Observat\u00f3rio S\u00edrio de Direitos Humanos (OSDH) afirmou neste domingo (29), por meio de nota, ter acesso a documentos que comprovam a morte de um total de 59.725 pessoas sob tortura e maus-tratos nas pris\u00f5es do regime de Bashar al-Assad, desde o in\u00edcio da revolu\u00e7\u00e3o no pa\u00eds, em 2011.\n<\/p>\n<p>A ONG afirmou em um comunicado que, destas pessoas, ao menos 10.885 casos foram identificados oficialmente ap\u00f3s a derrubada do regime de Assad, h\u00e1 tr\u00eas semanas.<\/p>\n<p>\u201cCom a queda do regime, apareceram documentos deixados por seus servi\u00e7os de seguran\u00e7a que revelam o mart\u00edrio de 10.885 detidos, n\u00famero que o observat\u00f3rio conseguiu documentar oficialmente, mas a realidade indica que os n\u00fameros reais s\u00e3o muito superiores\u201d, refere a nota.\n<\/p>\n<p>Segundo o documento, essas pris\u00f5es eram consideradas como \u201cum verdadeiro pesadelo, pois os detidos enfrentavam as mais horrendas formas de tortura f\u00edsica e psicol\u00f3gica, desde espancamentos brutais, choques el\u00e9tricos, arrancamento de unhas at\u00e9 \u00e0 priva\u00e7\u00e3o de comida e sono\u201d.\n<\/p>\n<p>A pris\u00e3o de Sednaya, nos arredores de Damasco, foi a considerada mais violenta, \u201cchamada de \u2018matadouro humano\u2019, pois ali a morte n\u00e3o era uma possibilidade, mas sim um destino quase inevit\u00e1vel, e os detidos testemunharam execu\u00e7\u00f5es em massa e tortura sistem\u00e1tica que ceifou a vida de milhares de pessoas&#8221;.\n<\/p>\n<p>Fonte: Gazeta do Povo              <\/p>\n<\/div>\n<p><br \/>\n<br \/><a href=\"https:\/\/diariodobrasilnoticias.com.br\/noticia\/segundo-ong-quase-60-mil-prisioneiros-foram-torturados-e-mortos-na-siria-67792f20ea90f\">Source link <\/a><\/p>","protected":false},"excerpt":{"rendered":"<p>O Observat\u00f3rio S\u00edrio de Direitos Humanos (OSDH) afirmou neste domingo (29), por meio de nota, ter acesso a documentos que comprovam a morte de um total de 59.725 pessoas sob&hellip;<\/p>","protected":false},"author":1,"featured_media":87381,"comment_status":"closed","ping_status":"open","sticky":false,"template":"","format":"standard","meta":{"content-type":"","footnotes":""},"categories":[16],"tags":[123,2448,5313,1267],"class_list":["post-87380","post","type-post","status-publish","format-standard","has-post-thumbnail","hentry","category-noticias","tag-brasil","tag-diario","tag-noticia","tag-noticias"],"_links":{"self":[{"href":"https:\/\/tvbrazilusa.com\/pt\/wp-json\/wp\/v2\/posts\/87380","targetHints":{"allow":["GET"]}}],"collection":[{"href":"https:\/\/tvbrazilusa.com\/pt\/wp-json\/wp\/v2\/posts"}],"about":[{"href":"https:\/\/tvbrazilusa.com\/pt\/wp-json\/wp\/v2\/types\/post"}],"author":[{"embeddable":true,"href":"https:\/\/tvbrazilusa.com\/pt\/wp-json\/wp\/v2\/users\/1"}],"replies":[{"embeddable":true,"href":"https:\/\/tvbrazilusa.com\/pt\/wp-json\/wp\/v2\/comments?post=87380"}],"version-history":[{"count":1,"href":"https:\/\/tvbrazilusa.com\/pt\/wp-json\/wp\/v2\/posts\/87380\/revisions"}],"predecessor-version":[{"id":87382,"href":"https:\/\/tvbrazilusa.com\/pt\/wp-json\/wp\/v2\/posts\/87380\/revisions\/87382"}],"wp:featuredmedia":[{"embeddable":true,"href":"https:\/\/tvbrazilusa.com\/pt\/wp-json\/wp\/v2\/media\/87381"}],"wp:attachment":[{"href":"https:\/\/tvbrazilusa.com\/pt\/wp-json\/wp\/v2\/media?parent=87380"}],"wp:term":[{"taxonomy":"category","embeddable":true,"href":"https:\/\/tvbrazilusa.com\/pt\/wp-json\/wp\/v2\/categories?post=87380"},{"taxonomy":"post_tag","embeddable":true,"href":"https:\/\/tvbrazilusa.com\/pt\/wp-json\/wp\/v2\/tags?post=87380"}],"curies":[{"name":"wp","href":"https:\/\/api.w.org\/{rel}","templated":true}]}}