{"id":87386,"date":"2025-01-04T15:02:55","date_gmt":"2025-01-04T15:02:55","guid":{"rendered":"https:\/\/tvbrazilusa.com\/2025\/01\/04\/devin-mccourty-acha-que-os-treinadores-dos-patriots-estao-treinando-para-ter-certeza-de-que-estarao-de-volta-na-semana-18\/"},"modified":"2025-01-04T15:07:22","modified_gmt":"2025-01-04T15:07:22","slug":"devin-mccourty-acha-que-os-treinadores-dos-patriots-estao-treinando-para-ter-certeza-de-que-estarao-de-volta-na-semana-18","status":"publish","type":"post","link":"https:\/\/tvbrazilusa.com\/pt\/2025\/01\/04\/devin-mccourty-acha-que-os-treinadores-dos-patriots-estao-treinando-para-ter-certeza-de-que-estarao-de-volta-na-semana-18\/","title":{"rendered":"Devin McCourty acha que os treinadores dos Patriots est\u00e3o \u2018treinando para ter certeza de que estar\u00e3o de volta\u2019 na semana 18"},"content":{"rendered":"<p> <script async src=\"https:\/\/pagead2.googlesyndication.com\/pagead\/js\/adsbygoogle.js?client=ca-pub-8864793242727901\"\r\n     crossorigin=\"anonymous\"><\/script><br \/>\n<\/p>\n<div id=\"\">\n<header class=\"m-article-header m-article-header--standard\">\n\t\t\t\t\t\t\t\t\t\t\t\t<span id=\"article-header-primary-term\"><br \/>\n\t\t\t\t\t\t\t\t<a class=\"a-term a-term--primary\" href=\"https:\/\/www.boston.com\/tag\/new-england-patriots\/\"><\/p>\n<p>\t\t\t\t\t\t\t\tPatriotas\t\t\t\t\t\t\t\t<\/a><br \/>\n\t\t\t\t\t\t\t<\/span><\/p>\n<h2 class=\"m-article-header__sub-headline\">\u201cN\u00e3o acho que haja esse sentimento de \u2018Ei, estamos seguros, estamos bem\u2019\u201d.<\/h2>\n<figure class=\"a-photo m-article-header__photo\"><figcaption class=\"a-photo__caption\">\n<p>\tO t\u00e9cnico Jerod Mayo e o coordenador ofensivo Alex Van Pelt est\u00e3o em sua primeira temporada em suas respectivas fun\u00e7\u00f5es no Patriots.<em> Barry Chin\/Equipe da Globo<\/em>\t<\/figcaption><\/figure>\n<div class=\"m-article-header__meta\">\n<div class=\"m-article-header__byline\">\n<p class=\"m-article-header__author\">\n<p>\t\t\t\t\t\t\t\tPor <a class=\"a-link a-link--inline\" href=\"https:\/\/www.boston.com\/author\/kaley-brown\/\">Kaley Brown<\/a>\t\t\t\t\t\t\t<\/p>\n<p>\t\t\t\t\t\t\t\t\t\t\t\t\t\t\t<time class=\"m-article-header__date\"><\/p>\n<p>\t\t\t\t\t\t\t\t\t4 de janeiro de 2025 | 10h02\t\t\t\t\t\t\t\t<\/time><\/p>\n<p><span>3 minutos para ler<\/span><\/p>\n<\/p><\/div>\n<\/p><\/div>\n<\/header>\n<p>Apesar de relatos sugerindo que Jerod Mayo n\u00e3o ser\u00e1 demitido ap\u00f3s sua p\u00e9ssima temporada de estreia como treinador principal dos Patriots, um ex-jogador da Nova Inglaterra n\u00e3o est\u00e1 convencido de que o trabalho de Mayo, e o resto dos empregos da comiss\u00e3o t\u00e9cnica, est\u00e3o garantidos na pr\u00f3xima temporada.<\/p>\n<p>Devin McCourty contou a Kay Adams no FanDuel&#8217;s <a href=\"https:\/\/x.com\/UpAndAdamsShow\/status\/1875229181895733474\" target=\"_blank\" rel=\"noreferrer noopener\">\u201cShow de Up e Adams\u201d<\/a> Sexta-feira que, embora tenha ficado surpreso ao ouvir os gritos de \u201cFire Mayo\u201d da torcida do Gillette Stadium na semana passada, ele n\u00e3o pode dizer com certeza se a organiza\u00e7\u00e3o n\u00e3o tornar\u00e1 essas duas palavras realidade.<\/p>\n<p>\u201cAcho que ele estar\u00e1 de volta no pr\u00f3ximo ano, mas eu diria que no geral nesta liga, voc\u00ea nunca pode simplesmente dizer algo definitivo at\u00e9 que algu\u00e9m apare\u00e7a e diga &#8216;essa pessoa estar\u00e1 de volta&#8217;, disse McCourty. Como no ano passado, quando Jerry Jones apareceu e disse: &#8216;Mike McCarthy ser\u00e1 nosso treinador principal no pr\u00f3ximo ano.&#8217; N\u00f3s n\u00e3o ouvimos isso.\u201d<\/p>\n<p>McCourty, tricampe\u00e3o do Super Bowl em 13 temporadas na Nova Inglaterra, disse que esteve presente na derrota dos Patriots na semana 17 para os Chargers. Ele ouviu os gritos de \u201cFire Mayo\u201d e acrescentou que conversou com alguns dos treinadores do time enquanto esteve l\u00e1.<\/p>\n<p>Nessas conversas, McCourty explicou que as pessoas com quem conversou se sentem como se estivessem treinando para seus empregos ao entrarem no jogo final da temporada.<\/p>\n<figure class=\"wp-block-embed is-type-rich is-provider-twitter wp-block-embed-twitter\">\n<blockquote class=\"twitter-tweet\" data-width=\"550\" data-dnt=\"true\">\n<p lang=\"en\" dir=\"ltr\">Should the <a href=\"https:\/\/twitter.com\/hashtag\/Patriots?src=hash&amp;ref_src=twsrc%5Etfw\">#Patriots<\/a> run it back with Jerod Mayo as the HC??? \ud83e\udd14<\/p>\n<p>Former teammate <a href=\"https:\/\/twitter.com\/devinmccourty?ref_src=twsrc%5Etfw\">@devinmccourty<\/a> had THIS to say \ud83d\udd0a<a href=\"https:\/\/twitter.com\/heykayadams?ref_src=twsrc%5Etfw\">@heykayadams<\/a> <a href=\"https:\/\/twitter.com\/Patriots?ref_src=twsrc%5Etfw\">@Patriots<\/a> <a href=\"https:\/\/t.co\/KdG7CNaT7M\">pic.twitter.com\/KdG7CNaT7M<\/a><\/p>\n<p>&mdash; Up &amp; Adams (@UpAndAdamsShow) <a href=\"https:\/\/twitter.com\/UpAndAdamsShow\/status\/1875229181895733474?ref_src=twsrc%5Etfw\">January 3, 2025<\/a><\/p><\/blockquote>\n<p><script async src=\"https:\/\/platform.twitter.com\/widgets.js\" charset=\"utf-8\"><\/script>\n<\/p>\n<\/figure>\n<p>\u201cS\u00f3 de conversar com esses caras, sinto que eles sentem que est\u00e3o treinando para ter certeza de que est\u00e3o de volta. N\u00e3o acho que haja esse sentimento de &#8216;Ei, estamos seguros, estamos bem&#8217;\u201d, disse McCourty. \u201cAcho que h\u00e1 um pouco de senso de urg\u00eancia e vantagem em todos l\u00e1, porque muitos desses caras eram jogadores, eles estavam na Nova Inglaterra. Eles entendem como as coisas funcionam e como \u00e9 preciso ter senso de urg\u00eancia e que h\u00e1 um padr\u00e3o a ser cumprido. Ent\u00e3o eles est\u00e3o definitivamente treinando e tentando ficar por aqui.\u201d<\/p>\n<p>Os atuais treinadores do Patriots que j\u00e1 jogaram por Bill Belichick na Nova Inglaterra incluem Mayo, Dont&#8217;a Hightower (linebackers internos), Troy Brown (devolvedores de chute\/punt), Matthew Slater (assistente especial do HC) e Tiquan Underwood (treinador assistente de wide receivers). ). Mayo, Hightower e Slater s\u00e3o treinadores do primeiro ano deste time 3-13 Patriots.<\/p>\n<p>O coordenador defensivo DeMarcus Covington treinou com Belichick, mas est\u00e1 em seu primeiro ano como coordenador. Ele e o coordenador ofensivo Alex Van Pelt receberam rea\u00e7\u00e3o dos torcedores que querem que eles sejam substitu\u00eddos na pr\u00f3xima temporada.<\/p>\n<p>Mayo foi recentemente questionado sobre sua seguran\u00e7a no emprego em meio a uma campanha de estreia nada ideal. Ele ofereceu uma resposta Belichickiana.<\/p>\n<p>\u201cEstou sempre em constante comunica\u00e7\u00e3o com a propriedade,\u201d <a href=\"https:\/\/www.boston.com\/sports\/morning-sports-update\/2024\/12\/30\/jerod-mayo-patriots-job-status-kraft-ownership\/\" target=\"_blank\" rel=\"noreferrer noopener\">Mayo disse em uma entrevista coletiva na segunda-feira.<\/a> \u201cSinto que ainda estamos na mesma p\u00e1gina.\u201d<\/p>\n<p>M\u00eas passado, <a href=\"https:\/\/www.nfl.com\/news\/jerod-mayo-expected-to-return-as-patriots-head-coach-in-2025-barring-collapse\" target=\"_blank\" rel=\"noreferrer noopener\">Ian Rapoport, membro da NFL<\/a> relataram que o emprego de Mayo est\u00e1 seguro, mas um \u201ccolapso\u201d no final da temporada poderia for\u00e7ar os Krafts a pensar duas vezes sobre a seguran\u00e7a no emprego de Mayo.<\/p>\n<p>McCourty n\u00e3o acredita que Mayo retornar\u00e1 para a campanha de 2025, mas est\u00e1 otimista de que seu ex-companheiro de equipe ter\u00e1 uma segunda chance. McCourty inferiu que os Patriots t\u00eam problemas de talento h\u00e1 anos e que esta temporada n\u00e3o \u00e9 culpa apenas dos treinadores.<\/p>\n<p>\u201cAcho, obviamente, que o ano passado foi o fundo do po\u00e7o e pensar que este ano iria subir instantaneamente, acho que \u00e9 um exagero\u201d, disse McCourty. \u201cEnt\u00e3o eu pensaria e esperaria [Mayo] est\u00e1 de volta para ter outra oportunidade de mudar isso e n\u00e3o fazer isso em alguns meses e pensar que tudo vai ficar perfeito.\u201d<\/p>\n<p>Um dos ex-companheiros de equipe de McCourty, James White, recentemente expressou sentimentos semelhantes. White disse que \u00e9 muito cedo para pedir a demiss\u00e3o de Mayo.<\/p>\n<p>\u201cDizer: &#8216;Demita Jerod Mayo, demita Eliot Wolf&#8217; &#8211; acho que \u00e9 um pouco exagerado, na minha opini\u00e3o,\u201d <a href=\"https:\/\/www.boston.com\/sports\/new-england-patriots\/2025\/01\/02\/james-white-new-england-patriots-jerod-mayo-eliot-wolf-nfl-football\/\" target=\"_blank\" rel=\"noreferrer noopener\">Branco disse<\/a> no podcast \u201cMoney Down\u201d. \u201cEu entendo que o que eles fizeram at\u00e9 agora n\u00e3o pareceu \u00f3timo.<\/p>\n<p>\u201cNo que diz respeito a Mayo e Eliot Wolf, vejam \u2013 esta \u00e9 uma entressafra importante para esses caras. A primeira vez como GM, a primeira vez como treinador principal \u2013 na primeira temporada, voc\u00ea aprende na hora\u201d, acrescentou White. \u201cVoc\u00ea vai aprender com os altos e baixos. Voc\u00ea vai descobrir. Ent\u00e3o, na pr\u00f3xima temporada, obviamente voc\u00ea ver\u00e1 melhorias. E \u00e9 isso que eu quero ver. Acho que \u00e9 dif\u00edcil julgar os treinadores. O primeiro ano \u00e9 muito. Muita coisa estava acontecendo.\u201d<\/p>\n<div class=\"m-block m-generic-cta\t m-generic-cta--post-content\t m-generic-cta--dark\t m-generic-cta--homepage\t m-generic-cta--email-signup\t\t m-generic-cta-block-style--default \tt-amp__generic-cta\"><\/p>\n<div class=\"m-generic-cta__wrap\">\n<div class=\"m-generic-cta__content\">\n<h3 class=\"m-generic-cta__title\">Inscreva-se para receber atualiza\u00e7\u00f5es do Patriots\ud83c\udfc8<\/h3>\n<p class=\"m-generic-cta__subtitle\">Receba as \u00faltimas not\u00edcias e an\u00e1lises em sua caixa de entrada durante a temporada de futebol.<\/p>\n<\/p><\/div>\n<\/p><\/div>\n<\/div><\/div>\n<p><script async src=\"\/\/platform.twitter.com\/widgets.js\" charset=\"utf-8\"><\/script><script>\n\t\tvar consent=\"grant\";\n\t\t\/* The above code is parsing the JSON data from the local storage and storing it in a variable. *\/\n\t\t\t\t\tconst onetrustStorageConsent = JSON.parse(localStorage.getItem( 'consent_one_trust_bdc' ) );\n\t\t\tif ( ( onetrustStorageConsent !== null ) ) {\n\t\t\t\t\/* Checking to see if the user has consented to the use of cookies.\n\t\t\t\t* If they have not, it is deleting the cookie.\n\t\t\t\t* This will comment for now, until further notice.\n\t\t\t\t*\/\n\t\t\t\t\/\/if ( onetrustStorageConsent.C0002 === false ) {\n\t\t\t\t\/\/\tdocument.cookie=\"_fbp=;expires=Thu, 01 Jan 2010 00:00:00 UTC; path=\/; domain=.boston.com\";\n\t\t\t\t\/\/}\n\t\t\t\t\/* Checking if the user has given consent for the cookie C0002.\n\t\t\t\t* If the user has given consent, the variable consent will be set to 'grant'.\n\t\t\t\t* If the user has not given consent,the variable consent will be set to 'revoke'.\n\t\t\t\t* Documentation https:\/\/developers.facebook.com\/docs\/meta-pixel\/implementation\/gdpr\n\t\t\t\t*\/\n\t\t\t\tif ( onetrustStorageConsent.C0002 !== true ) {\n\t\t\t\t\tconsent=\"revoke\";\n\t\t\t\t}\n\t\t\t}\n\t\t\t\t!function(f,b,e,v,n,t,s)\n\t\t{if(f.fbq)return;n=f.fbq=function(){n.callMethod?\n\t\tn.callMethod.apply(n,arguments):n.queue.push(arguments)};\n\t\tif(!f._fbq)f._fbq=n;n.push=n;n.loaded=!0;n.version='2.0';\n\t\tn.queue=[];t=b.createElement(e);t.async=!0;\n\t\tt.src=v;s=b.getElementsByTagName(e)[0];\n\t\ts.parentNode.insertBefore(t,s)}(window, document,'script',\n\t\t'https:\/\/connect.facebook.net\/en_US\/fbevents.js');\n\t\tfbq('consent', consent);\n\t\tfbq('init', '989222871864976');\n\t\tfbq('track', 'PageView');\n\t<\/script><script type=\"module\">\n\t\tvar consent=\"grant\";\n\t\t\/* The above code is parsing the JSON data from the local storage and storing it in a variable. *\/\n\t\t\tconst onetrustStorageConsent = JSON.parse(localStorage.getItem( 'consent_one_trust_bdc' ) );\n\t\t\t\/* Checking to see if the user has consented to the use of cookies.\n\t\t\t* If they have not, it is deleting the cookie.\n\t\t\t* This will comment for now, until further notice.\n\t\t\t*\/\n\t\t\t\/\/if ( onetrustStorageConsent.C0002 === false ) {\n\t\t\t\/\/\tdocument.cookie=\"_fbp=;expires=Thu, 01 Jan 2010 00:00:00 UTC; path=\/; domain=.boston.com\";\n\t\t\t\/\/}\n\t\t\t\/* Checking if the user has given consent for the cookie C0002.\n\t\t\t* If the user has given consent, the variable consent will be set to 'grant'.\n\t\t\t* If the user has not given consent,the variable consent will be set to 'revoke'.\n\t\t\t* Documentation https:\/\/developers.facebook.com\/docs\/meta-pixel\/implementation\/gdpr\n\t\t\t*\/\n\t\t\tif ( ( onetrustStorageConsent !== null ) && (onetrustStorageConsent.C0002 !== true ) ) {\n\t\t\t\tconsent=\"revoke\";\n\t\t\t}\n\t\t\t\t!function(f,b,e,v,n,t,s){if(f.fbq)return;n=f.fbq=function()\n\t\t{n.callMethod? n.callMethod.apply(n,arguments):n.queue.push(arguments)}\n\t\t;if(!f._fbq)f._fbq=n;\n\t\tn.push=n;n.loaded=!0;n.version='2.0';n.queue=[];t=b.createElement(e);t.async=!0;\n\t\tt.src=v;s=b.getElementsByTagName(e)[0];s.parentNode.insertBefore(t,s)}(window,\n\t\tdocument,'script','https:\/\/connect.facebook.net\/en_US\/fbevents.js');\n\t\tfbq('consent', consent);\n\t\tfbq('init', '813236348753005');\n\t\tfbq('track', \"PageView\");\n\t<\/script><br \/>\n<br \/><br \/>\n<br \/><a href=\"https:\/\/www.boston.com\/sports\/new-england-patriots\/2025\/01\/04\/patriots-jerod-mayo-head-coach-hot-seat-devin-mccourty\/\">Source link <\/a><\/p>","protected":false},"excerpt":{"rendered":"<p>Patriotas \u201cN\u00e3o acho que haja esse sentimento de \u2018Ei, estamos seguros, estamos bem\u2019\u201d. O t\u00e9cnico Jerod Mayo e o coordenador ofensivo Alex Van Pelt est\u00e3o em sua primeira temporada em&hellip;<\/p>","protected":false},"author":1,"featured_media":87387,"comment_status":"closed","ping_status":"open","sticky":false,"template":"","format":"standard","meta":{"content-type":"","footnotes":""},"categories":[1],"tags":[],"class_list":["post-87386","post","type-post","status-publish","format-standard","has-post-thumbnail","hentry","category-uncategorized"],"_links":{"self":[{"href":"https:\/\/tvbrazilusa.com\/pt\/wp-json\/wp\/v2\/posts\/87386","targetHints":{"allow":["GET"]}}],"collection":[{"href":"https:\/\/tvbrazilusa.com\/pt\/wp-json\/wp\/v2\/posts"}],"about":[{"href":"https:\/\/tvbrazilusa.com\/pt\/wp-json\/wp\/v2\/types\/post"}],"author":[{"embeddable":true,"href":"https:\/\/tvbrazilusa.com\/pt\/wp-json\/wp\/v2\/users\/1"}],"replies":[{"embeddable":true,"href":"https:\/\/tvbrazilusa.com\/pt\/wp-json\/wp\/v2\/comments?post=87386"}],"version-history":[{"count":1,"href":"https:\/\/tvbrazilusa.com\/pt\/wp-json\/wp\/v2\/posts\/87386\/revisions"}],"predecessor-version":[{"id":87388,"href":"https:\/\/tvbrazilusa.com\/pt\/wp-json\/wp\/v2\/posts\/87386\/revisions\/87388"}],"wp:featuredmedia":[{"embeddable":true,"href":"https:\/\/tvbrazilusa.com\/pt\/wp-json\/wp\/v2\/media\/87387"}],"wp:attachment":[{"href":"https:\/\/tvbrazilusa.com\/pt\/wp-json\/wp\/v2\/media?parent=87386"}],"wp:term":[{"taxonomy":"category","embeddable":true,"href":"https:\/\/tvbrazilusa.com\/pt\/wp-json\/wp\/v2\/categories?post=87386"},{"taxonomy":"post_tag","embeddable":true,"href":"https:\/\/tvbrazilusa.com\/pt\/wp-json\/wp\/v2\/tags?post=87386"}],"curies":[{"name":"wp","href":"https:\/\/api.w.org\/{rel}","templated":true}]}}