{"id":87392,"date":"2025-01-04T15:12:00","date_gmt":"2025-01-04T15:12:00","guid":{"rendered":"https:\/\/tvbrazilusa.com\/2025\/01\/04\/coordenador-de-times-especiais-do-patriots-fez-defesa-apaixonada-da-torcida-do-time-apos-criticas-de-jogadores\/"},"modified":"2025-01-04T15:19:15","modified_gmt":"2025-01-04T15:19:15","slug":"coordenador-de-times-especiais-do-patriots-fez-defesa-apaixonada-da-torcida-do-time-apos-criticas-de-jogadores","status":"publish","type":"post","link":"https:\/\/tvbrazilusa.com\/pt\/2025\/01\/04\/coordenador-de-times-especiais-do-patriots-fez-defesa-apaixonada-da-torcida-do-time-apos-criticas-de-jogadores\/","title":{"rendered":"Coordenador de times especiais do Patriots fez defesa apaixonada da torcida do time ap\u00f3s cr\u00edticas de jogadores"},"content":{"rendered":"<p> <script async src=\"https:\/\/pagead2.googlesyndication.com\/pagead\/js\/adsbygoogle.js?client=ca-pub-8864793242727901\"\r\n     crossorigin=\"anonymous\"><\/script><br \/>\n<\/p>\n<div id=\"\">\n<header class=\"m-article-header m-article-header--standard\">\n\t\t\t\t\t\t\t\t\t\t\t\t<span id=\"article-header-primary-term\"><br \/>\n\t\t\t\t\t\t\t\t<a class=\"a-term a-term--primary\" href=\"https:\/\/www.boston.com\/tag\/new-england-patriots\/\"><\/p>\n<p>\t\t\t\t\t\t\t\tPatriotas\t\t\t\t\t\t\t\t<\/a><br \/>\n\t\t\t\t\t\t\t<\/span><\/p>\n<h2 class=\"m-article-header__sub-headline\">\u201cEu sempre digo o seguinte: &#8216;Se voc\u00ea n\u00e3o quer levar um tiro, n\u00e3o entre para o Ex\u00e9rcito&#8217;\u201d.<\/h2>\n<figure class=\"a-photo m-article-header__photo\"><figcaption class=\"a-photo__caption\">\n<p>\tJeremy Springer est\u00e1 em sua primeira temporada como coordenador de equipes especiais dos Patriots. <em> (Danielle Parhizkaran\/Equipe do Globo)<\/em>\t<\/figcaption><\/figure>\n<div class=\"m-article-header__meta\">\n<div class=\"m-article-header__byline\">\n<p class=\"m-article-header__author\">\n<p>\t\t\t\t\t\t\t\tPor <a class=\"a-link a-link--inline\" href=\"https:\/\/www.boston.com\/author\/conor-roche\/\">Conor Roche<\/a>\t\t\t\t\t\t\t<\/p>\n<p>\t\t\t\t\t\t\t\t\t\t\t\t\t\t\t<time class=\"m-article-header__date\"><\/p>\n<p>\t\t\t\t\t\t\t\t\t4 de janeiro de 2025 | 10h12\t\t\t\t\t\t\t\t<\/time><\/p>\n<p><span>2 minutos para ler<\/span><\/p>\n<\/p><\/div>\n<\/p><\/div>\n<\/header>\n<p>Alguns jogadores do Patriots criticaram seus pr\u00f3prios torcedores na semana passada por vaiarem o time e gritarem pela demiss\u00e3o de Jerod Mayo. Seus treinadores, no entanto, <a href=\"https:\/\/www.boston.com\/sports\/new-england-patriots\/2025\/01\/03\/jerod-mayo-jahlani-tavai-patriots-fans-comments-quotes\/\" target=\"_blank\" rel=\"noreferrer noopener\">defenderam os f\u00e3s<\/a>.<\/p>\n<p>O coordenador das equipes especiais do Patriots, Jeremy Springer, sem d\u00favida deu a defesa mais forte dos torcedores do time. Depois de Jahlani Tavai <a href=\"https:\/\/www.boston.com\/sports\/morning-sports-update\/2025\/01\/03\/jahlani-tavai-patriots-fans-quote-jerod-mayo\/\" target=\"_blank\" rel=\"noreferrer noopener\">fez coment\u00e1rios fortes criticando os f\u00e3s na sexta-feira<\/a>Springer relembrou como era torcer por um time em sua inf\u00e2ncia.<\/p>\n<p>\u201cEu sempre digo o seguinte: &#8216;Se voc\u00ea n\u00e3o quer levar um tiro, n\u00e3o entre para o Ex\u00e9rcito&#8217;\u201d, disse Springer aos rep\u00f3rteres. \u201cEu conhe\u00e7o essa profiss\u00e3o. Eu sei o que isso traz. [The Patriots] tiveram muito sucesso aqui. Eu cresci como f\u00e3 do Dallas Cowboys, ent\u00e3o quando crian\u00e7a, quando n\u00e3o \u00edamos para os playoffs \u2013 e quando crian\u00e7a \u00edamos para o Super Bowls \u2013 eu tamb\u00e9m ficava chateado com o time quando perd\u00edamos. Ent\u00e3o, eu sou totalmente voltado para o time e para os torcedores tamb\u00e9m.\u201d<\/p>\n<p>Springer tamb\u00e9m mostrou alguma empatia pelos torcedores, reconhecendo o compromisso emocional e financeiro que alguns assumem com o time.<\/p>\n<p>\u201cH\u00e1 pessoas nessas arquibancadas \u2013 e eu sei porque j\u00e1 fui crian\u00e7a e meus pais n\u00e3o tinham dinheiro para ir aos jogos de futebol \u2013 s\u00e3o ingressos caros\u201d, disse Springer. \u201cPara trazer toda a sua fam\u00edlia para o jogo, voc\u00ea provavelmente gastar\u00e1 US$ 1.000 em um dia. E ent\u00e3o perder como n\u00f3s perdemos, quero dizer, eles est\u00e3o chateados. Eles est\u00e3o frustrados. E deveriam ser. Precisamos colocar um produto melhor em campo e \u00e9 esse o nosso trabalho.\u201d<\/p>\n<p>Os f\u00e3s dos Patriots que estiveram presentes na derrota para os Chargers na Semana 17 certamente deixaram sua frustra\u00e7\u00e3o ser conhecida. As vaias eram frequentes e os gritos do time para demitir Mayo come\u00e7aram a diminuir nos est\u00e1gios finais da derrota por 40-7.<\/p>\n<p>Pouco depois do jogo, o tackle defensivo Davon Godchaux <a href=\"https:\/\/www.boston.com\/sports\/new-england-patriots\/2024\/12\/29\/davon-godchaux-new-england-patriots-nfl-football\/\" target=\"_blank\" rel=\"noreferrer noopener\">chamou os cantos de \u201crid\u00edculos\u201d.<\/a> O lado defensivo Deatrich Wise Jr. disse que os f\u00e3s estavam \u201cmimados\u201d com o sucesso anterior da franquia. Na sexta-feira, Tavai disse ao WEEI que os f\u00e3s deveriam \u201cconhecer o seu lugar\u201d. Ele <a href=\"https:\/\/www.boston.com\/sports\/new-england-patriots\/2025\/01\/03\/jahlani-tavai-patriots-fans-comment-clarification\/\" target=\"_blank\" rel=\"noreferrer noopener\">mais tarde esclareceu essas observa\u00e7\u00f5es<\/a>mas tamb\u00e9m acrescentou que os torcedores n\u00e3o deveriam criticar o time.<\/p>\n<p>Como o New England caiu para 3-13 com a derrota, Springer quer usar os coment\u00e1rios dos f\u00e3s como motiva\u00e7\u00e3o.<\/p>\n<p>\u201cSempre que ou\u00e7o isso, penso: &#8216;O que posso fazer melhor para que eles n\u00e3o fa\u00e7am isso da pr\u00f3xima vez? O que posso fazer melhor para ser um melhor coordenador, um melhor treinador, para fazer com que os nossos jogadores joguem mais e melhor, para que n\u00e3o ou\u00e7amos isso?&#8217; Eles t\u00eam todo o direito de fazer isso, na minha opini\u00e3o\u201d, disse Springer. \u201cS\u00e3o esportes profissionais. Se voc\u00ea n\u00e3o quiser [hear] isso, v\u00e1 como t\u00e9cnico no Alasca \u2013 futebol de 6 jogadores. Ent\u00e3o voc\u00ea n\u00e3o vai ouvir isso, porque \u00e9 toda a sua fam\u00edlia nas arquibancadas. Mas isso \u00e9 diferente.\u201d<\/p>\n<figure class=\"wp-block-embed is-type-rich is-provider-twitter wp-block-embed-twitter\"\/>\n<p>J\u00e1 Mayo tamb\u00e9m defendeu a torcida do time ao abordar a situa\u00e7\u00e3o com Tavai.<\/p>\n<p>\u201cEles est\u00e3o tentando me defender\u201d, disse Mayo na sexta-feira. \u201cJ\u00e1 falei para eles, olha, agrade\u00e7o, mas ao mesmo tempo a torcida \u00e9 o mais importante aqui. Eles querem ver um bom futebol e querem ver vit\u00f3rias.\u201d<\/p>\n<div class=\"m-block m-generic-cta\t m-generic-cta--post-content\t m-generic-cta--dark\t m-generic-cta--homepage\t m-generic-cta--email-signup\t\t m-generic-cta-block-style--default \tt-amp__generic-cta\"><\/p>\n<div class=\"m-generic-cta__wrap\">\n<div class=\"m-generic-cta__content\">\n<h3 class=\"m-generic-cta__title\">Inscreva-se para receber atualiza\u00e7\u00f5es do Patriots\ud83c\udfc8<\/h3>\n<p class=\"m-generic-cta__subtitle\">Receba as \u00faltimas not\u00edcias e an\u00e1lises em sua caixa de entrada durante a temporada de futebol.<\/p>\n<\/p><\/div>\n<\/p><\/div>\n<\/div><\/div>\n<p><script>\n\t\tvar consent=\"grant\";\n\t\t\/* The above code is parsing the JSON data from the local storage and storing it in a variable. *\/\n\t\t\t\t\tconst onetrustStorageConsent = JSON.parse(localStorage.getItem( 'consent_one_trust_bdc' ) );\n\t\t\tif ( ( onetrustStorageConsent !== null ) ) {\n\t\t\t\t\/* Checking to see if the user has consented to the use of cookies.\n\t\t\t\t* If they have not, it is deleting the cookie.\n\t\t\t\t* This will comment for now, until further notice.\n\t\t\t\t*\/\n\t\t\t\t\/\/if ( onetrustStorageConsent.C0002 === false ) {\n\t\t\t\t\/\/\tdocument.cookie=\"_fbp=;expires=Thu, 01 Jan 2010 00:00:00 UTC; path=\/; domain=.boston.com\";\n\t\t\t\t\/\/}\n\t\t\t\t\/* Checking if the user has given consent for the cookie C0002.\n\t\t\t\t* If the user has given consent, the variable consent will be set to 'grant'.\n\t\t\t\t* If the user has not given consent,the variable consent will be set to 'revoke'.\n\t\t\t\t* Documentation https:\/\/developers.facebook.com\/docs\/meta-pixel\/implementation\/gdpr\n\t\t\t\t*\/\n\t\t\t\tif ( onetrustStorageConsent.C0002 !== true ) {\n\t\t\t\t\tconsent=\"revoke\";\n\t\t\t\t}\n\t\t\t}\n\t\t\t\t!function(f,b,e,v,n,t,s)\n\t\t{if(f.fbq)return;n=f.fbq=function(){n.callMethod?\n\t\tn.callMethod.apply(n,arguments):n.queue.push(arguments)};\n\t\tif(!f._fbq)f._fbq=n;n.push=n;n.loaded=!0;n.version='2.0';\n\t\tn.queue=[];t=b.createElement(e);t.async=!0;\n\t\tt.src=v;s=b.getElementsByTagName(e)[0];\n\t\ts.parentNode.insertBefore(t,s)}(window, document,'script',\n\t\t'https:\/\/connect.facebook.net\/en_US\/fbevents.js');\n\t\tfbq('consent', consent);\n\t\tfbq('init', '989222871864976');\n\t\tfbq('track', 'PageView');\n\t<\/script><script type=\"module\">\n\t\tvar consent=\"grant\";\n\t\t\/* The above code is parsing the JSON data from the local storage and storing it in a variable. *\/\n\t\t\tconst onetrustStorageConsent = JSON.parse(localStorage.getItem( 'consent_one_trust_bdc' ) );\n\t\t\t\/* Checking to see if the user has consented to the use of cookies.\n\t\t\t* If they have not, it is deleting the cookie.\n\t\t\t* This will comment for now, until further notice.\n\t\t\t*\/\n\t\t\t\/\/if ( onetrustStorageConsent.C0002 === false ) {\n\t\t\t\/\/\tdocument.cookie=\"_fbp=;expires=Thu, 01 Jan 2010 00:00:00 UTC; path=\/; domain=.boston.com\";\n\t\t\t\/\/}\n\t\t\t\/* Checking if the user has given consent for the cookie C0002.\n\t\t\t* If the user has given consent, the variable consent will be set to 'grant'.\n\t\t\t* If the user has not given consent,the variable consent will be set to 'revoke'.\n\t\t\t* Documentation https:\/\/developers.facebook.com\/docs\/meta-pixel\/implementation\/gdpr\n\t\t\t*\/\n\t\t\tif ( ( onetrustStorageConsent !== null ) && (onetrustStorageConsent.C0002 !== true ) ) {\n\t\t\t\tconsent=\"revoke\";\n\t\t\t}\n\t\t\t\t!function(f,b,e,v,n,t,s){if(f.fbq)return;n=f.fbq=function()\n\t\t{n.callMethod? n.callMethod.apply(n,arguments):n.queue.push(arguments)}\n\t\t;if(!f._fbq)f._fbq=n;\n\t\tn.push=n;n.loaded=!0;n.version='2.0';n.queue=[];t=b.createElement(e);t.async=!0;\n\t\tt.src=v;s=b.getElementsByTagName(e)[0];s.parentNode.insertBefore(t,s)}(window,\n\t\tdocument,'script','https:\/\/connect.facebook.net\/en_US\/fbevents.js');\n\t\tfbq('consent', consent);\n\t\tfbq('init', '813236348753005');\n\t\tfbq('track', \"PageView\");\n\t<\/script><br \/>\n<br \/><br \/>\n<br \/><a href=\"https:\/\/www.boston.com\/sports\/new-england-patriots\/2025\/01\/04\/patriots-special-teams-coordinator-jeremy-springer-fans-boos-quotes\/\">Source link <\/a><\/p>","protected":false},"excerpt":{"rendered":"<p>Patriotas \u201cEu sempre digo o seguinte: &#8216;Se voc\u00ea n\u00e3o quer levar um tiro, n\u00e3o entre para o Ex\u00e9rcito&#8217;\u201d. Jeremy Springer est\u00e1 em sua primeira temporada como coordenador de equipes especiais&hellip;<\/p>","protected":false},"author":1,"featured_media":87393,"comment_status":"closed","ping_status":"open","sticky":false,"template":"","format":"standard","meta":{"content-type":"","footnotes":""},"categories":[1],"tags":[],"class_list":["post-87392","post","type-post","status-publish","format-standard","has-post-thumbnail","hentry","category-uncategorized"],"_links":{"self":[{"href":"https:\/\/tvbrazilusa.com\/pt\/wp-json\/wp\/v2\/posts\/87392","targetHints":{"allow":["GET"]}}],"collection":[{"href":"https:\/\/tvbrazilusa.com\/pt\/wp-json\/wp\/v2\/posts"}],"about":[{"href":"https:\/\/tvbrazilusa.com\/pt\/wp-json\/wp\/v2\/types\/post"}],"author":[{"embeddable":true,"href":"https:\/\/tvbrazilusa.com\/pt\/wp-json\/wp\/v2\/users\/1"}],"replies":[{"embeddable":true,"href":"https:\/\/tvbrazilusa.com\/pt\/wp-json\/wp\/v2\/comments?post=87392"}],"version-history":[{"count":1,"href":"https:\/\/tvbrazilusa.com\/pt\/wp-json\/wp\/v2\/posts\/87392\/revisions"}],"predecessor-version":[{"id":87394,"href":"https:\/\/tvbrazilusa.com\/pt\/wp-json\/wp\/v2\/posts\/87392\/revisions\/87394"}],"wp:featuredmedia":[{"embeddable":true,"href":"https:\/\/tvbrazilusa.com\/pt\/wp-json\/wp\/v2\/media\/87393"}],"wp:attachment":[{"href":"https:\/\/tvbrazilusa.com\/pt\/wp-json\/wp\/v2\/media?parent=87392"}],"wp:term":[{"taxonomy":"category","embeddable":true,"href":"https:\/\/tvbrazilusa.com\/pt\/wp-json\/wp\/v2\/categories?post=87392"},{"taxonomy":"post_tag","embeddable":true,"href":"https:\/\/tvbrazilusa.com\/pt\/wp-json\/wp\/v2\/tags?post=87392"}],"curies":[{"name":"wp","href":"https:\/\/api.w.org\/{rel}","templated":true}]}}