{"id":87404,"date":"2025-01-04T15:43:38","date_gmt":"2025-01-04T15:43:38","guid":{"rendered":"https:\/\/tvbrazilusa.com\/2025\/01\/04\/vamos-diretamente-para-marte-a-lua-e-uma-distracao-diz-musk\/"},"modified":"2025-01-04T15:43:39","modified_gmt":"2025-01-04T15:43:39","slug":"vamos-diretamente-para-marte-a-lua-e-uma-distracao-diz-musk","status":"publish","type":"post","link":"https:\/\/tvbrazilusa.com\/pt\/2025\/01\/04\/vamos-diretamente-para-marte-a-lua-e-uma-distracao-diz-musk\/","title":{"rendered":"&#8220;Vamos diretamente para Marte. A Lua \u00e9 uma distra\u00e7\u00e3o&#8221;, diz Musk"},"content":{"rendered":"<p> <script async src=\"https:\/\/pagead2.googlesyndication.com\/pagead\/js\/adsbygoogle.js?client=ca-pub-8864793242727901\"\r\n     crossorigin=\"anonymous\"><\/script><br \/>\n<\/p>\n<div id=\"taboola-read-more\" style=\"display:block; width:100%\">\n<p>Ol\u00edder da SpaceX, Elon Musk, partilhou uma mensagem na rede social X onde afirma estar mais interessado em ir a Marte do que \u00e0 Lua.\n<\/p>\n<p>A afirma\u00e7\u00e3o chega depois de, nos \u00faltimos dias, ter criticado publicamente o programa Artemis da NASA. \u201cSobre o Espa\u00e7o, a arquitetura do Artemis \u00e9 extremamente ineficiente, uma vez que \u00e9 um programa que visa os empregos e n\u00e3o os resultados\u201d, escreveu Musk.<\/p>\n<p>No entanto, esta quinta-feira, dia 2, Musk foi mais longe. \u201cVamos diretamente para Marte. A Lua \u00e9 uma distra\u00e7\u00e3o\u201d, escreveu o l\u00edder da SpaceX.\n<\/p>\n<p>Como recorda o site Ars Technica, o objetivo da NASA com o programa Artemis \u00e9 realizar miss\u00f5es tripuladas para a Lua de forma a estabelecer uma base lunar. No entanto, dada a proximidade de Musk a Trump, que assumir\u00e1 fun\u00e7\u00f5es a 20 de janeiro, estas afirma\u00e7\u00f5es de Musk est\u00e3o a ser vistas como um ataque a futuras miss\u00f5es da ag\u00eancia espacial.\n<\/p>\n<p>Fonte: Tech ao Minuto              <\/p>\n<\/div>\n<p><br \/>\n<br \/><a href=\"https:\/\/diariodobrasilnoticias.com.br\/noticia\/-vamos-diretamente-para-marte-a-lua-e-uma-distracao-diz-musk-67793ea763a44\">Source link <\/a><\/p>","protected":false},"excerpt":{"rendered":"<p>Ol\u00edder da SpaceX, Elon Musk, partilhou uma mensagem na rede social X onde afirma estar mais interessado em ir a Marte do que \u00e0 Lua. A afirma\u00e7\u00e3o chega depois de,&hellip;<\/p>","protected":false},"author":1,"featured_media":87405,"comment_status":"closed","ping_status":"open","sticky":false,"template":"","format":"standard","meta":{"content-type":"","footnotes":""},"categories":[16],"tags":[123,2448,5313,1267],"class_list":["post-87404","post","type-post","status-publish","format-standard","has-post-thumbnail","hentry","category-noticias","tag-brasil","tag-diario","tag-noticia","tag-noticias"],"_links":{"self":[{"href":"https:\/\/tvbrazilusa.com\/pt\/wp-json\/wp\/v2\/posts\/87404","targetHints":{"allow":["GET"]}}],"collection":[{"href":"https:\/\/tvbrazilusa.com\/pt\/wp-json\/wp\/v2\/posts"}],"about":[{"href":"https:\/\/tvbrazilusa.com\/pt\/wp-json\/wp\/v2\/types\/post"}],"author":[{"embeddable":true,"href":"https:\/\/tvbrazilusa.com\/pt\/wp-json\/wp\/v2\/users\/1"}],"replies":[{"embeddable":true,"href":"https:\/\/tvbrazilusa.com\/pt\/wp-json\/wp\/v2\/comments?post=87404"}],"version-history":[{"count":1,"href":"https:\/\/tvbrazilusa.com\/pt\/wp-json\/wp\/v2\/posts\/87404\/revisions"}],"predecessor-version":[{"id":87406,"href":"https:\/\/tvbrazilusa.com\/pt\/wp-json\/wp\/v2\/posts\/87404\/revisions\/87406"}],"wp:featuredmedia":[{"embeddable":true,"href":"https:\/\/tvbrazilusa.com\/pt\/wp-json\/wp\/v2\/media\/87405"}],"wp:attachment":[{"href":"https:\/\/tvbrazilusa.com\/pt\/wp-json\/wp\/v2\/media?parent=87404"}],"wp:term":[{"taxonomy":"category","embeddable":true,"href":"https:\/\/tvbrazilusa.com\/pt\/wp-json\/wp\/v2\/categories?post=87404"},{"taxonomy":"post_tag","embeddable":true,"href":"https:\/\/tvbrazilusa.com\/pt\/wp-json\/wp\/v2\/tags?post=87404"}],"curies":[{"name":"wp","href":"https:\/\/api.w.org\/{rel}","templated":true}]}}