{"id":87407,"date":"2025-01-04T15:55:30","date_gmt":"2025-01-04T15:55:30","guid":{"rendered":"https:\/\/tvbrazilusa.com\/2025\/01\/04\/semelhancas-entre-os-presos-no-brasil-e-na-venezuela-por-protestarem-contra-os-resultados-eleitorais-das-vitorias-de-lula-e-maduro\/"},"modified":"2025-01-04T15:55:32","modified_gmt":"2025-01-04T15:55:32","slug":"semelhancas-entre-os-presos-no-brasil-e-na-venezuela-por-protestarem-contra-os-resultados-eleitorais-das-vitorias-de-lula-e-maduro","status":"publish","type":"post","link":"https:\/\/tvbrazilusa.com\/pt\/2025\/01\/04\/semelhancas-entre-os-presos-no-brasil-e-na-venezuela-por-protestarem-contra-os-resultados-eleitorais-das-vitorias-de-lula-e-maduro\/","title":{"rendered":"Semelhan\u00e7as entre os presos no Brasil e na Venezuela por protestarem contra os resultados eleitorais das vit\u00f3rias de Lula e Maduro"},"content":{"rendered":"<p> <script async src=\"https:\/\/pagead2.googlesyndication.com\/pagead\/js\/adsbygoogle.js?client=ca-pub-8864793242727901\"\r\n     crossorigin=\"anonymous\"><\/script><br \/>\n<\/p>\n<div id=\"taboola-read-more\" style=\"display:block; width:100%\">\n<p>Muitas coincid\u00eancias est\u00e3o pintando um quadro em que a tela parece ser um d\u00e9j\u00e0 vu das elei\u00e7\u00f5es no Brasil e na Venezuela. Tanto o Brasil quanto a Venezuela t\u00eam testemunhado protestos contra resultados eleitorais, levando a pris\u00f5es que revelam algumas semelhan\u00e7as not\u00e1veis entre os dois pa\u00edses.\n<\/p>\n<p>Em 2022, no Brasil, ap\u00f3s a elei\u00e7\u00e3o presidencial, muitos apoiadores do ex-presidente Jair Bolsonaro protestaram contra o que consideravam ser fraude eleitoral. Esses protestos levaram a pris\u00f5es em massa, com manifestantes sendo acusados de crimes como incita\u00e7\u00e3o ao \u00f3dio, terrorismo, aboli\u00e7\u00e3o do Estado Democr\u00e1tico e desordem p\u00fablica. Da mesma forma, na Venezuela, em 2024, ap\u00f3s a reelei\u00e7\u00e3o contestada do presidente Nicol\u00e1s Maduro, a oposi\u00e7\u00e3o, liderada por figuras como Mar\u00eda Corina Machado, reivindicou a vit\u00f3ria de seu candidato, Edmundo Gonz\u00e1lez Urrutia. Os protestos subsequentes resultaram em milhares de deten\u00e7\u00f5es, com acusa\u00e7\u00f5es semelhantes de terrorismo, incita\u00e7\u00e3o ao \u00f3dio e participa\u00e7\u00e3o em atos violentos.<\/p>\n<p>Repress\u00e3o e Acusa\u00e7\u00f5es:\n<\/p>\n<p>&#8211; Brasil: Os manifestantes que vandalizaram a sede dos 3 poderes foram detidos em opera\u00e7\u00f5es policiais em Bras\u00edlia e outras cidades, com acusa\u00e7\u00f5es variando de invas\u00e3o de pr\u00e9dios p\u00fablicos a tentativas de golpe. Muitos foram presos sem mandado, e houve den\u00fancias de maus-tratos e deten\u00e7\u00f5es arbitr\u00e1rias de at\u00e9 crian\u00e7as, mendigos e pessoas com problemas mentais em uma opera\u00e7\u00e3o feita pelo ex\u00e9rcito e a PF com o apoio da pol\u00edcia militar do DF, que a oposi\u00e7\u00e3o chama de \u201copera\u00e7\u00e3o perf\u00eddia\u201d. Para quem n\u00e3o conhece o termo, seria como se denomina uma trai\u00e7\u00e3o em tempos de guerra a seus aliados, que at\u00e9 hoje ecoa uma fala do general respons\u00e1vel por prender os manifestantes: \u201celes foram dormir pensando que o ex\u00e9rcito estava protegendo-os, e pela manh\u00e3 prendemos todos\u201d.\n<\/p>\n<p>&#8211; Venezuela: A repress\u00e3o foi marcada por uma resposta severa das for\u00e7as de seguran\u00e7a, com relatos de tortura, deten\u00e7\u00f5es arbitr\u00e1rias e at\u00e9 mortes sob cust\u00f3dia. Os presos enfrentaram acusa\u00e7\u00f5es de crimes graves, com o governo venezuelano alegando que os protestos eram parte de um plano para desestabilizar o pa\u00eds.\n<\/p>\n<p>Ambos os pa\u00edses enfrentam cr\u00edticas internacionais por sua resposta aos protestos. No Brasil, a pris\u00e3o de manifestantes foi vista por alguns como uma tentativa de silenciar a oposi\u00e7\u00e3o, enquanto no caso da Venezuela, h\u00e1 acusa\u00e7\u00f5es de que o governo utiliza a justi\u00e7a para reprimir vozes dissidentes.\n<\/p>\n<p>&#8211; Em ambos os cen\u00e1rios, os protestos foram n\u00e3o s\u00f3 contra o resultado das elei\u00e7\u00f5es, mas tamb\u00e9m contra o que os manifestantes viam como um processo eleitoral viciado. No Brasil, a mobiliza\u00e7\u00e3o foi significativa, com acampamentos e bloqueios de estradas. Na Venezuela, os protestos levaram a uma onda de viol\u00eancia, com dezenas de mortes e centenas de feridos.\n<\/p>\n<p>A comunidade internacional tem observado de perto esses eventos. No caso da Venezuela, houve condena\u00e7\u00f5es de v\u00e1rias na\u00e7\u00f5es e organiza\u00e7\u00f5es, exigindo a liberta\u00e7\u00e3o dos presos e a garantia de direitos humanos. No Brasil, embora menos vocal, houve preocupa\u00e7\u00e3o sobre o tratamento dado aos manifestantes e a integridade do processo democr\u00e1tico. Ali\u00e1s, em ambos os casos, a justi\u00e7a age em defesa da democracia, e para isso s\u00e3o justificadas medidas excepcionais.\n<\/p>\n<p>As pris\u00f5es no Brasil e na Venezuela por protestos contra resultados eleitorais mostram uma tend\u00eancia preocupante de repress\u00e3o contra o dissenso pol\u00edtico. Embora os contextos sejam diferentes, a metodologia de resposta governamental, as acusa\u00e7\u00f5es levantadas e a viola\u00e7\u00e3o de direitos humanos apresentam semelhan\u00e7as que levantam quest\u00f5es sobre o estado da democracia e da liberdade de express\u00e3o em ambos os pa\u00edses.\n<\/p>\n<p>Na Venezuela, nitidamente existem provas de uma manobra das institui\u00e7\u00f5es para a recondu\u00e7\u00e3o do presidente Nicol\u00e1s Maduro ao cargo. No Brasil, at\u00e9 o momento, n\u00e3o existe nenhuma prova de que o processo eleitoral tenha sido eivado de alguma irregularidade. O que existe s\u00e3o queixas da oposi\u00e7\u00e3o de que houve manobras jur\u00eddicas para tornar o presidente Lula eleg\u00edvel e, em um segundo momento, que as decis\u00f5es judiciais no processo eleitoral ajudaram a campanha da esquerda, mas sem nenhuma prova que possa evidenciar tais acusa\u00e7\u00f5es.\n<\/p>\n<p>Por J\u00fanior Melo              <\/p>\n<\/div>\n<p><br \/>\n<br \/><a href=\"https:\/\/diariodobrasilnoticias.com.br\/noticia\/semelhancas-entre-os-presos-no-brasil-e-na-venezuela-por-protestarem-contra-os-resultados-eleitorais-das-vitorias-de-lula-e-maduro-6779426ae659d\">Source link <\/a><\/p>","protected":false},"excerpt":{"rendered":"<p>Muitas coincid\u00eancias est\u00e3o pintando um quadro em que a tela parece ser um d\u00e9j\u00e0 vu das elei\u00e7\u00f5es no Brasil e na Venezuela. Tanto o Brasil quanto a Venezuela t\u00eam testemunhado&hellip;<\/p>","protected":false},"author":1,"featured_media":87408,"comment_status":"closed","ping_status":"open","sticky":false,"template":"","format":"standard","meta":{"content-type":"","footnotes":""},"categories":[16],"tags":[123,2448,5313,1267],"class_list":["post-87407","post","type-post","status-publish","format-standard","has-post-thumbnail","hentry","category-noticias","tag-brasil","tag-diario","tag-noticia","tag-noticias"],"_links":{"self":[{"href":"https:\/\/tvbrazilusa.com\/pt\/wp-json\/wp\/v2\/posts\/87407","targetHints":{"allow":["GET"]}}],"collection":[{"href":"https:\/\/tvbrazilusa.com\/pt\/wp-json\/wp\/v2\/posts"}],"about":[{"href":"https:\/\/tvbrazilusa.com\/pt\/wp-json\/wp\/v2\/types\/post"}],"author":[{"embeddable":true,"href":"https:\/\/tvbrazilusa.com\/pt\/wp-json\/wp\/v2\/users\/1"}],"replies":[{"embeddable":true,"href":"https:\/\/tvbrazilusa.com\/pt\/wp-json\/wp\/v2\/comments?post=87407"}],"version-history":[{"count":1,"href":"https:\/\/tvbrazilusa.com\/pt\/wp-json\/wp\/v2\/posts\/87407\/revisions"}],"predecessor-version":[{"id":87409,"href":"https:\/\/tvbrazilusa.com\/pt\/wp-json\/wp\/v2\/posts\/87407\/revisions\/87409"}],"wp:featuredmedia":[{"embeddable":true,"href":"https:\/\/tvbrazilusa.com\/pt\/wp-json\/wp\/v2\/media\/87408"}],"wp:attachment":[{"href":"https:\/\/tvbrazilusa.com\/pt\/wp-json\/wp\/v2\/media?parent=87407"}],"wp:term":[{"taxonomy":"category","embeddable":true,"href":"https:\/\/tvbrazilusa.com\/pt\/wp-json\/wp\/v2\/categories?post=87407"},{"taxonomy":"post_tag","embeddable":true,"href":"https:\/\/tvbrazilusa.com\/pt\/wp-json\/wp\/v2\/tags?post=87407"}],"curies":[{"name":"wp","href":"https:\/\/api.w.org\/{rel}","templated":true}]}}