{"id":87413,"date":"2025-01-04T16:07:48","date_gmt":"2025-01-04T16:07:48","guid":{"rendered":"https:\/\/tvbrazilusa.com\/2025\/01\/04\/brasileira-se-torna-a-pessoa-mais-velha-do-mundo-apos-a-morte-da-japonesa-tomiko-itooka\/"},"modified":"2025-01-04T16:07:49","modified_gmt":"2025-01-04T16:07:49","slug":"brasileira-se-torna-a-pessoa-mais-velha-do-mundo-apos-a-morte-da-japonesa-tomiko-itooka","status":"publish","type":"post","link":"https:\/\/tvbrazilusa.com\/pt\/2025\/01\/04\/brasileira-se-torna-a-pessoa-mais-velha-do-mundo-apos-a-morte-da-japonesa-tomiko-itooka\/","title":{"rendered":"Brasileira se torna a pessoa mais velha do mundo ap\u00f3s a morte da japonesa Tomiko Itooka"},"content":{"rendered":"<p> <script async src=\"https:\/\/pagead2.googlesyndication.com\/pagead\/js\/adsbygoogle.js?client=ca-pub-8864793242727901\"\r\n     crossorigin=\"anonymous\"><\/script><br \/>\n<\/p>\n<div id=\"taboola-read-more\" style=\"display:block; width:100%\">\n<p>A ga\u00facha Inah Canabarro Lucas se tornou a pessoa mais velha no mundo, de acordo com o site da LongeviQuest, grupo de pesquisadores que afirma ser refer\u00eancia no monitoramento e no mapeamento de supercenten\u00e1rios pelo mundo (saiba mais abaixo). Ela nasceu em 8 de junho de 1908 na cidade de S\u00e3o Francisco de Assis, na Regi\u00e3o Central do RS \u2013 tem 116 anos.\n<\/p>\n<p>O primeiro lugar foi ocupado pela japonesa Tomiko Itooka at\u00e9 29 de dezembro de 2024, quando faleceu aos 116 anos. O an\u00fancio ocorreu neste s\u00e1bado (4) e foi feito pela prefeitura da cidade onde ela residia, Ashiya (saiba mais sobre ela abaixo).<\/p>\n<p>Inah vive na casa da Congrega\u00e7\u00e3o Irm\u00e3s Teresianas do Brasil, em Porto Alegre e adora sua rotina \u2014 Em 1\u00ba de outubro de 2024, quando \u00e9 celebrado o dia do idoso, levou com bom humor quando foi perguntada sobre a sua idade. &#8220;Poucos anos. 116&#8221;.\n<\/p>\n<p>Segundo a biografia dela no site da LongeviQuest, ela teve seis irm\u00e3os e come\u00e7ou a sua jornada religiosa aos 16 anos no internato Santa Tereza de Jesus em Santana do Livramento, na Fronteira Oeste do RS.\n<\/p>\n<p>Mais tarde, ela se mudou para Montevideo, no Uruguai, onde, em 27 de dezembro de 1928, fez seus votos e se tornou uma freira. Em 1930, ela voltou ao Brasil para ensinar portugu\u00eas e matem\u00e1tica em uma escola de Tijuca, no Rio de Janeiro. No come\u00e7o dos anos 40, retornou a Santana do Livramento, onde continuou lecionando.\n<\/p>\n<p>Em 2018, quando se aproximava o seu anivers\u00e1rio de 110 anos, ela recebeu uma b\u00ean\u00e7\u00e3o apost\u00f3lica do Papa Francisco. A b\u00ean\u00e7\u00e3o veio acompanhada de um certificado que Inah orgulhosamente exibe onde reside.\n<\/p>\n<p>Em entrevista ao &#8220;Bom Dia Rio Grande&#8221;, familiares e amigos que convivem com Inah contaram para a rep\u00f3rter Cristine Gallisa que ela n\u00e3o escuta nem enxerga t\u00e3o bem, mas que gosta de manter sua rotina diariamente \u2014 mesmo hor\u00e1rio para acordar, comer, dormir e rezar.\n<\/p>\n<p>O segredo da longevidade?\n<\/p>\n<p>&#8220;Eu acho que uma determina\u00e7\u00e3o de vida e de dedica\u00e7\u00e3o aos outros. E \u00e0 espiritualidade&#8221;, disse Kleber Vieira Canabarro Lucas, sobrinho da religiosa, ao &#8220;Bom Dia Rio Grande&#8221;.\n<\/p>\n<p><strong>Quem era a pessoa mais velha do mundo<\/strong>\n<\/p>\n<p>A japonesa Tomiko Itooka era um m\u00eas mais velha que Inah.\n<\/p>\n<p>Tomiko praticava v\u00f4lei na escola, trabalhou em uma f\u00e1brica t\u00eaxtil na Coreia do Sul e teve duas filhas e dois filhos, segundo o GRG. Ela tinha gosto por escalar montanhas e at\u00e9 mesmo escalou o Monte Ontake (altitude 3 mil metros) duas vezes, de acordo com a imprensa internacional.\n<\/p>\n<p><strong>Como a checagem \u00e9 feita<\/strong>\n<\/p>\n<p>A LongeviQuest \u00e9 uma organiza\u00e7\u00e3o com mais de 110 anos de pesquisas na \u00e1rea da longevidade. Ela afirma ser refer\u00eancia no monitoramento e no mapeamento de supercenten\u00e1rios pelo globo e \u00e9 formada por pesquisadores de todo o mundo. Tem como parceira a European Supercentenarian Organisation (ESO). Hoje, dois pesquisadores ligados ao Brasil fazem parte: a brasileira Iara Souza e o americano Gabriel Ainsworth.\n<\/p>\n<p>Interessados em terem a valida\u00e7\u00e3o do grupo precisam submeter documentos para avalia\u00e7\u00e3o.\n<\/p>\n<p>Para ser eleg\u00edvel, o supercenten\u00e1rio precisa ter, no m\u00ednimo, 108 anos, e passar por uma primeira an\u00e1lise que \u00e9 feita por um pesquisador vinculado ou por uma organiza\u00e7\u00e3o credenciada ao LongeviQuest. Depois disso, precisa encaminhar ao \u00f3rg\u00e3o documentos de diferentes per\u00edodos da vida: inf\u00e2ncia, juventude, fase adulta e velhice.\n<\/p>\n<p>Os documentos s\u00e3o avaliados pela organiza\u00e7\u00e3o e levados para vota\u00e7\u00e3o por um comit\u00ea, que atesta ou n\u00e3o a pessoa como uma das mais velhas do mundo.\n<\/p>\n<p>Fonte: g1              <\/p>\n<\/div>\n<p><br \/>\n<br \/><a href=\"https:\/\/diariodobrasilnoticias.com.br\/noticia\/brasileira-se-torna-a-pessoa-mais-velha-do-mundo-apos-a-morte-da-japonesa-tomiko-itooka-6779416ec25eb\">Source link <\/a><\/p>","protected":false},"excerpt":{"rendered":"<p>A ga\u00facha Inah Canabarro Lucas se tornou a pessoa mais velha no mundo, de acordo com o site da LongeviQuest, grupo de pesquisadores que afirma ser refer\u00eancia no monitoramento e&hellip;<\/p>","protected":false},"author":1,"featured_media":87414,"comment_status":"closed","ping_status":"open","sticky":false,"template":"","format":"standard","meta":{"content-type":"","footnotes":""},"categories":[16],"tags":[123,2448,5313,1267],"class_list":["post-87413","post","type-post","status-publish","format-standard","has-post-thumbnail","hentry","category-noticias","tag-brasil","tag-diario","tag-noticia","tag-noticias"],"_links":{"self":[{"href":"https:\/\/tvbrazilusa.com\/pt\/wp-json\/wp\/v2\/posts\/87413","targetHints":{"allow":["GET"]}}],"collection":[{"href":"https:\/\/tvbrazilusa.com\/pt\/wp-json\/wp\/v2\/posts"}],"about":[{"href":"https:\/\/tvbrazilusa.com\/pt\/wp-json\/wp\/v2\/types\/post"}],"author":[{"embeddable":true,"href":"https:\/\/tvbrazilusa.com\/pt\/wp-json\/wp\/v2\/users\/1"}],"replies":[{"embeddable":true,"href":"https:\/\/tvbrazilusa.com\/pt\/wp-json\/wp\/v2\/comments?post=87413"}],"version-history":[{"count":1,"href":"https:\/\/tvbrazilusa.com\/pt\/wp-json\/wp\/v2\/posts\/87413\/revisions"}],"predecessor-version":[{"id":87415,"href":"https:\/\/tvbrazilusa.com\/pt\/wp-json\/wp\/v2\/posts\/87413\/revisions\/87415"}],"wp:featuredmedia":[{"embeddable":true,"href":"https:\/\/tvbrazilusa.com\/pt\/wp-json\/wp\/v2\/media\/87414"}],"wp:attachment":[{"href":"https:\/\/tvbrazilusa.com\/pt\/wp-json\/wp\/v2\/media?parent=87413"}],"wp:term":[{"taxonomy":"category","embeddable":true,"href":"https:\/\/tvbrazilusa.com\/pt\/wp-json\/wp\/v2\/categories?post=87413"},{"taxonomy":"post_tag","embeddable":true,"href":"https:\/\/tvbrazilusa.com\/pt\/wp-json\/wp\/v2\/tags?post=87413"}],"curies":[{"name":"wp","href":"https:\/\/api.w.org\/{rel}","templated":true}]}}