{"id":87425,"date":"2025-01-04T16:39:12","date_gmt":"2025-01-04T16:39:12","guid":{"rendered":"https:\/\/tvbrazilusa.com\/2025\/01\/04\/onibus-cai-em-precipicio-e-deixa-seis-mortos-e-seis-desaparecidos-acidente-ocorreu-nos-andes-peruanos\/"},"modified":"2025-01-04T16:39:13","modified_gmt":"2025-01-04T16:39:13","slug":"onibus-cai-em-precipicio-e-deixa-seis-mortos-e-seis-desaparecidos-acidente-ocorreu-nos-andes-peruanos","status":"publish","type":"post","link":"https:\/\/tvbrazilusa.com\/pt\/2025\/01\/04\/onibus-cai-em-precipicio-e-deixa-seis-mortos-e-seis-desaparecidos-acidente-ocorreu-nos-andes-peruanos\/","title":{"rendered":"\u00d4nibus cai em precip\u00edcio e deixa seis mortos e seis desaparecidos; acidente ocorreu nos Andes peruanos"},"content":{"rendered":"<p> <script async src=\"https:\/\/pagead2.googlesyndication.com\/pagead\/js\/adsbygoogle.js?client=ca-pub-8864793242727901\"\r\n     crossorigin=\"anonymous\"><\/script><br \/>\n<\/p>\n<div id=\"taboola-read-more\" style=\"display:block; width:100%\">\n<p>Um acidente de \u00f4nibus deixou pelo menos seis mortos e seis desaparecidos na regi\u00e3o de \u00c1ncash, nos Andes peruanos, na \u00faltima sexta-feira (3). O ve\u00edculo, que transportava mais de 30 passageiros, caiu de um precip\u00edcio de aproximadamente 150 metros de altura.\n<\/p>\n<p>O \u00f4nibus saiu de Lima com destino \u00e0 cidade de Pomabamba. O acidente ocorreu na prov\u00edncia de Mariscal Luzuriaga, cerca de 430 quil\u00f4metros a nordeste da capital peruana.<\/p>\n<p>&#8220;De acordo com o \u00faltimo relat\u00f3rio, h\u00e1 32 pessoas feridas. Em rela\u00e7\u00e3o aos desaparecidos, a unidade policial local realiza os trabalhos de busca e resgate&#8221;, informou a Dire\u00e7\u00e3o Regional de Sa\u00fade de \u00c1ncash.\n<\/p>\n<p>O coletivo pertencente \u00e0 empresa Conchucos Express acabou se partido em dois dentro de um rio depois de cair do penhasco. A causa do acidente ainda n\u00e3o foi informada.\n<\/p>\n<p>Equipes de emerg\u00eancia e autoridades locais est\u00e3o realizando trabalhos de resgate na \u00e1rea de dif\u00edcil acesso.\n<\/p>\n<p>O diretor regional de Sa\u00fade, Ricardo Natividad, assegurou que todos os esfor\u00e7os poss\u00edveis est\u00e3o sendo feitos para oferecer aux\u00edlio e aten\u00e7\u00e3o aos atingidos.\n<\/p>\n<p>Acidentes rodovi\u00e1rios s\u00e3o frequentes no Peru devido a fatores como excesso de velocidade, m\u00e1s condi\u00e7\u00f5es das estradas e falta de fiscaliza\u00e7\u00e3o.\n<\/p>\n<p>Fonte: g1              <\/p>\n<\/div>\n<p><br \/>\n<br \/><a href=\"https:\/\/diariodobrasilnoticias.com.br\/noticia\/onibus-cai-em-precipicio-e-deixa-seis-mortos-e-seis-desaparecidos-acidente-ocorreu-nos-andes-peruanos-6779450dc22b9\">Source link <\/a><\/p>","protected":false},"excerpt":{"rendered":"<p>Um acidente de \u00f4nibus deixou pelo menos seis mortos e seis desaparecidos na regi\u00e3o de \u00c1ncash, nos Andes peruanos, na \u00faltima sexta-feira (3). O ve\u00edculo, que transportava mais de 30&hellip;<\/p>","protected":false},"author":1,"featured_media":87426,"comment_status":"closed","ping_status":"open","sticky":false,"template":"","format":"standard","meta":{"content-type":"","footnotes":""},"categories":[16],"tags":[123,2448,5313,1267],"class_list":["post-87425","post","type-post","status-publish","format-standard","has-post-thumbnail","hentry","category-noticias","tag-brasil","tag-diario","tag-noticia","tag-noticias"],"_links":{"self":[{"href":"https:\/\/tvbrazilusa.com\/pt\/wp-json\/wp\/v2\/posts\/87425","targetHints":{"allow":["GET"]}}],"collection":[{"href":"https:\/\/tvbrazilusa.com\/pt\/wp-json\/wp\/v2\/posts"}],"about":[{"href":"https:\/\/tvbrazilusa.com\/pt\/wp-json\/wp\/v2\/types\/post"}],"author":[{"embeddable":true,"href":"https:\/\/tvbrazilusa.com\/pt\/wp-json\/wp\/v2\/users\/1"}],"replies":[{"embeddable":true,"href":"https:\/\/tvbrazilusa.com\/pt\/wp-json\/wp\/v2\/comments?post=87425"}],"version-history":[{"count":1,"href":"https:\/\/tvbrazilusa.com\/pt\/wp-json\/wp\/v2\/posts\/87425\/revisions"}],"predecessor-version":[{"id":87427,"href":"https:\/\/tvbrazilusa.com\/pt\/wp-json\/wp\/v2\/posts\/87425\/revisions\/87427"}],"wp:featuredmedia":[{"embeddable":true,"href":"https:\/\/tvbrazilusa.com\/pt\/wp-json\/wp\/v2\/media\/87426"}],"wp:attachment":[{"href":"https:\/\/tvbrazilusa.com\/pt\/wp-json\/wp\/v2\/media?parent=87425"}],"wp:term":[{"taxonomy":"category","embeddable":true,"href":"https:\/\/tvbrazilusa.com\/pt\/wp-json\/wp\/v2\/categories?post=87425"},{"taxonomy":"post_tag","embeddable":true,"href":"https:\/\/tvbrazilusa.com\/pt\/wp-json\/wp\/v2\/tags?post=87425"}],"curies":[{"name":"wp","href":"https:\/\/api.w.org\/{rel}","templated":true}]}}